{"id":46680,"date":"2026-09-06T13:00:00","date_gmt":"2026-09-06T16:00:00","guid":{"rendered":"https:\/\/sgvaimudar.com.br\/?p=46680"},"modified":"2026-09-06T09:41:39","modified_gmt":"2026-09-06T12:41:39","slug":"goncalenses-celebram-o-7-de-setembro-com-tradicional-desfile-em-santa-izabel","status":"publish","type":"post","link":"https:\/\/sgvaimudar.com.br\/index.php\/2026\/09\/06\/goncalenses-celebram-o-7-de-setembro-com-tradicional-desfile-em-santa-izabel\/","title":{"rendered":"Gon\u00e7alenses celebram o 7 de Setembro com tradicional desfile em Santa Izabel"},"content":{"rendered":"\n<p><em>A partir de domingo, haver\u00e1 altera\u00e7\u00f5es no tr\u00e2nsito, com interdi\u00e7\u00e3o na Rua Auta Rosa<\/em><\/p>\n\n\n\n<p>S\u00e3o Gon\u00e7alo se prepara para celebrar a Independ\u00eancia do Brasil com o tradicional desfile de 7 de Setembro, nesta segunda-feira (7), em Santa Izabel. A programa\u00e7\u00e3o come\u00e7a \u00e0s 9h, na Estrada do Cordeiro, e reunir\u00e1 mais de mil alunos de 24 escolas municipais, uma creche conveniada, dois col\u00e9gios estaduais, al\u00e9m do Bombeiro Mirim e agricultores.<\/p>\n\n\n\n<p>A concentra\u00e7\u00e3o ser\u00e1 a partir das 8h, na Estrada do Cordeiro, esquina com Rua La\u00e9rcio Rangel, pr\u00f3ximo \u00e0 Igreja Cat\u00f3lica Nossa Senhora da Concei\u00e7\u00e3o e Santa Isabel. O cortejo segue at\u00e9 a pra\u00e7a do bairro. O evento \u00e9 organizado com a participa\u00e7\u00e3o das secretarias municipais de Comunica\u00e7\u00e3o, Sa\u00fade, Educa\u00e7\u00e3o, Conserva\u00e7\u00e3o, Transportes, Esporte e Lazer, apoio dos agentes do 7\u00ba Batalh\u00e3o, da Guarda Municipal e a dire\u00e7\u00e3o da Escola Municipal Celia Pereira da Rosa.<\/p>\n\n\n\n<p>As bandas das escolas municipais C\u00e9lia Pereira da Rosa, Luiz Gonzaga, Visconde de Sepetiba, CIEP 438 Rubens Mauricio da Silva Abreu, Pastor Haroldo Gomes e Darcy Ribeiro acompanhar\u00e3o as unidades de ensino que participar\u00e3o do desfile c\u00edvico pela Independ\u00eancia do Brasil.<\/p>\n\n\n\n<p>S\u00e3o eles: Umei Professora Cremilda Rodrigues da Cunha, Umei Edn\u00e9a Mascarenhas de Ara\u00fajo, Escola Municipal Filad\u00e9lfia, CIEP 410 Patr\u00edcia Rendler Galv\u00e3o Pagu, Escola Estadual Municipalizada Antenor Martins, Escola Municipal Marcus Vinicius Cruz de Mello Moraes, Umei Pastor Adayr Gomes da Luz, Col\u00e9gio Estadual Amanda Velasco, Escola Municipal Paulo Roberto Azeredo, Escola Estadual Municipalizada Itaitindiba, Escola Municipal Rotary, Umei Jos\u00e9 Calil Abuzaid, Escola Municipal Antonio Carlos Jobim, Escola Municipal Professora Aurelina Dias Cavalcanti, Centro Educacional Souza Policarpo, Escola Municipal Willian Antunes de Souza, Escola Municipal Carlos Drummond de Andrade, Umei Djanira Francisca de Almeida Quadros, Umei Professora Claudia de Souza Mota Castro, Umei Professora Vera L\u00facia Rodrigues dos Santos, Escola Municipal Pastor Alberto Goulart da Silva, Creche Conveniada Assist\u00eancia e Apoio \u00e0 Crian\u00e7a (AAC), Creche Conveniada Obra Social de Apoio \u00e0 Crian\u00e7a (OSAC), Creche Conveniada Macadeski, Bombeiro Mirim, Agricultura Familiar.<\/p>\n\n\n\n<p><strong>Esquema de tr\u00e2nsito<\/strong><\/p>\n\n\n\n<p>Neste domingo, a partir das 10h, acontecer\u00e1 a interdi\u00e7\u00e3o da Rua Auta Rosa, no trecho entre a Rua Rafael Rosa Junior e a Estrada do Cordeiro, para montagem do palco e demais estruturas do evento.<\/p>\n\n\n\n<p>No dia 7, a partir das 7h, haver\u00e1 a interdi\u00e7\u00e3o das vias: Estrada do Cordeiro, no trecho entre a Estrada de Itaitindiba e a Estrada da Fortuna; Rua Laercio Rangel, no trecho entre a Estrada do Cordeiro e a Rua Valmir Tavares; Rua Auta Rosa, no trecho entre a Rua Rafael Rosa Junior e a Estrada do Cordeiro.<\/p>\n\n\n\n<p>Para quem vem da Estrada de Santa Isabel para a Estrada do Cordeiro, deve desviar pela Av. Francisco Azeredo Coutinho, Rua Jo\u00e3o Moraes, Estrada da Fortuna e Estrada do Cordeiro; Para quem vem da Estrada de Santa Isabel para a Estrada de Itaitindiba deve desviar pela Av. Francisco Azeredo Coutinho, Rua Jo\u00e3o Moraes, Estrada da Fortuna, Rua Francisca Trapanez Glusti, Rua Miranda Mendes e Estrada de Itaitindiba.<\/p>\n\n\n\n<p>As interdi\u00e7\u00f5es ser\u00e3o finalizadas ao t\u00e9rmino do evento.<\/p>\n\n\n\n<p><em>Foto: Ascom PMSG<\/em><\/p>\n\n\n\n<figure class=\"wp-block-image size-large is-resized\"><img fetchpriority=\"high\" decoding=\"async\" width=\"577\" height=\"1024\" src=\"https:\/\/sgvaimudar.com.br\/wp-content\/uploads\/2026\/01\/vceoreporter.SGVM_-577x1024.jpg\" alt=\"\" class=\"wp-image-36417\" style=\"width:681px;height:auto\" srcset=\"https:\/\/sgvaimudar.com.br\/wp-content\/uploads\/2026\/01\/vceoreporter.SGVM_-577x1024.jpg 577w, https:\/\/sgvaimudar.com.br\/wp-content\/uploads\/2026\/01\/vceoreporter.SGVM_-169x300.jpg 169w, https:\/\/sgvaimudar.com.br\/wp-content\/uploads\/2026\/01\/vceoreporter.SGVM_.jpg 640w\" sizes=\"(max-width: 577px) 100vw, 577px\" \/><\/figure>\n","protected":false},"excerpt":{"rendered":"<p>A partir de domingo, haver\u00e1 altera\u00e7\u00f5es no tr\u00e2nsito, com interdi\u00e7\u00e3o na Rua Auta Rosa S\u00e3o Gon\u00e7alo se prepara para celebrar&hellip;<\/p>\n","protected":false},"author":5,"featured_media":46683,"comment_status":"closed","ping_status":"open","sticky":false,"template":"","format":"standard","meta":{"fifu_image_url":"https:\/\/sgvaimudar.com.br\/wp-content\/uploads\/2026\/09\/unnamed-10-1.jpg","fifu_image_alt":"","footnotes":""},"categories":[6],"tags":[3130,1200,931,111,47,75],"class_list":["post-46680","post","type-post","status-publish","format-standard","has-post-thumbnail","hentry","category-entretenimento","tag-7setembro","tag-desfile","tag-patria","tag-prefeitura","tag-rj","tag-sao-goncalo"],"_links":{"self":[{"href":"https:\/\/sgvaimudar.com.br\/index.php\/wp-json\/wp\/v2\/posts\/46680","targetHints":{"allow":["GET"]}}],"collection":[{"href":"https:\/\/sgvaimudar.com.br\/index.php\/wp-json\/wp\/v2\/posts"}],"about":[{"href":"https:\/\/sgvaimudar.com.br\/index.php\/wp-json\/wp\/v2\/types\/post"}],"author":[{"embeddable":true,"href":"https:\/\/sgvaimudar.com.br\/index.php\/wp-json\/wp\/v2\/users\/5"}],"replies":[{"embeddable":true,"href":"https:\/\/sgvaimudar.com.br\/index.php\/wp-json\/wp\/v2\/comments?post=46680"}],"version-history":[{"count":1,"href":"https:\/\/sgvaimudar.com.br\/index.php\/wp-json\/wp\/v2\/posts\/46680\/revisions"}],"predecessor-version":[{"id":46682,"href":"https:\/\/sgvaimudar.com.br\/index.php\/wp-json\/wp\/v2\/posts\/46680\/revisions\/46682"}],"wp:featuredmedia":[{"embeddable":true,"href":"https:\/\/sgvaimudar.com.br\/index.php\/wp-json\/wp\/v2\/media\/46683"}],"wp:attachment":[{"href":"https:\/\/sgvaimudar.com.br\/index.php\/wp-json\/wp\/v2\/media?parent=46680"}],"wp:term":[{"taxonomy":"category","embeddable":true,"href":"https:\/\/sgvaimudar.com.br\/index.php\/wp-json\/wp\/v2\/categories?post=46680"},{"taxonomy":"post_tag","embeddable":true,"href":"https:\/\/sgvaimudar.com.br\/index.php\/wp-json\/wp\/v2\/tags?post=46680"}],"curies":[{"name":"wp","href":"https:\/\/api.w.org\/{rel}","templated":true}]}}