{"id":46676,"date":"2026-09-06T11:00:00","date_gmt":"2026-09-06T14:00:00","guid":{"rendered":"https:\/\/sgvaimudar.com.br\/?p=46676"},"modified":"2026-09-06T09:36:05","modified_gmt":"2026-09-06T12:36:05","slug":"cultura-goncalense-e-sebrae-seguem-oferecendo-cursos-gratuitos-para-microempreendedores","status":"publish","type":"post","link":"https:\/\/sgvaimudar.com.br\/index.php\/2026\/09\/06\/cultura-goncalense-e-sebrae-seguem-oferecendo-cursos-gratuitos-para-microempreendedores\/","title":{"rendered":"Cultura gon\u00e7alense e Sebrae seguem oferecendo cursos gratuitos para microempreendedores\u00a0"},"content":{"rendered":"\n<p><em>Capacita\u00e7\u00e3o acontece no Centro Cultural Joaquim Lavoura, o Lavour\u00e3o&nbsp;<\/em><\/p>\n\n\n\n<p>A Secretaria de Turismo e Cultura da Prefeitura de S\u00e3o Gon\u00e7alo, em parceria com o Sebrae, est\u00e1 oferecendo uma s\u00e9rie de cursos gratuitos voltados aos artes\u00e3os e empreendedores do munic\u00edpio. <\/p>\n\n\n\n<p>A iniciativa tem como objetivo promover a qualifica\u00e7\u00e3o profissional e fortalecer o empreendedorismo local, oferecendo ferramentas pr\u00e1ticas para quem deseja aprimorar a gest\u00e3o do seu neg\u00f3cio. O pr\u00f3ximo encontro acontece nesta quarta-feira (9), com foco na Forma\u00e7\u00e3o de Pre\u00e7o.<\/p>\n\n\n\n<figure class=\"wp-block-image size-large\"><img fetchpriority=\"high\" decoding=\"async\" width=\"683\" height=\"1024\" src=\"https:\/\/sgvaimudar.com.br\/wp-content\/uploads\/2026\/09\/unnamed-9-1-683x1024.jpg\" alt=\"\" class=\"wp-image-46677\" srcset=\"https:\/\/sgvaimudar.com.br\/wp-content\/uploads\/2026\/09\/unnamed-9-1-683x1024.jpg 683w, https:\/\/sgvaimudar.com.br\/wp-content\/uploads\/2026\/09\/unnamed-9-1-200x300.jpg 200w, https:\/\/sgvaimudar.com.br\/wp-content\/uploads\/2026\/09\/unnamed-9-1-768x1152.jpg 768w, https:\/\/sgvaimudar.com.br\/wp-content\/uploads\/2026\/09\/unnamed-9-1.jpg 1024w\" sizes=\"(max-width: 683px) 100vw, 683px\" \/><\/figure>\n\n\n\n<p>As capacita\u00e7\u00f5es abordar\u00e3o temas essenciais para o desenvolvimento de empreendimentos, como marketing, vendas online, gest\u00e3o financeira e forma\u00e7\u00e3o de pre\u00e7os. Todos os encontros ser\u00e3o realizados \u00e0s 14h, no audit\u00f3rio do Centro Cultural Joaquim Lavoura.<\/p>\n\n\n\n<p>O curso j\u00e1 teve tr\u00eas aulas ministradas com foco em Formaliza\u00e7\u00e3o: Vantagens e Responsabilidades,&nbsp;Marketing e Introdu\u00e7\u00e3o \u00e0s Vendas Online e Gest\u00e3o Financeira.<\/p>\n\n\n\n<p><strong>Pr\u00f3ximas aulas:<\/strong><\/p>\n\n\n\n<p>9 de setembro \u2013 Forma\u00e7\u00e3o de Pre\u00e7o;<\/p>\n\n\n\n<p>30 de setembro \u2013 Instagram para Neg\u00f3cios<\/p>\n\n\n\n<p>7 de outubro \u2013 Atendimento ao Cliente<\/p>\n\n\n\n<p>28 de outubro \u2013 Legisla\u00e7\u00e3o PAB&nbsp;<\/p>\n\n\n\n<p>Os certificados das palestras do Sebrae s\u00e3o enviados automaticamente pelo sistema, ap\u00f3s cada aula. Os certificados s\u00e3o individuais por palestra.<\/p>\n\n\n\n<p>A participa\u00e7\u00e3o \u00e9 gratuita e representa uma oportunidade para os gon\u00e7alenses ampliarem seus conhecimentos, desenvolverem novas estrat\u00e9gias para seus neg\u00f3cios e impulsionarem a economia criativa e o empreendedorismo no munic\u00edpio.<\/p>\n\n\n\n<figure class=\"wp-block-image size-large is-resized\"><img decoding=\"async\" width=\"577\" height=\"1024\" src=\"https:\/\/sgvaimudar.com.br\/wp-content\/uploads\/2026\/01\/vceoreporter.SGVM_-577x1024.jpg\" alt=\"\" class=\"wp-image-36417\" style=\"width:667px;height:auto\" srcset=\"https:\/\/sgvaimudar.com.br\/wp-content\/uploads\/2026\/01\/vceoreporter.SGVM_-577x1024.jpg 577w, https:\/\/sgvaimudar.com.br\/wp-content\/uploads\/2026\/01\/vceoreporter.SGVM_-169x300.jpg 169w, https:\/\/sgvaimudar.com.br\/wp-content\/uploads\/2026\/01\/vceoreporter.SGVM_.jpg 640w\" sizes=\"(max-width: 577px) 100vw, 577px\" \/><\/figure>\n","protected":false},"excerpt":{"rendered":"<p>Capacita\u00e7\u00e3o acontece no Centro Cultural Joaquim Lavoura, o Lavour\u00e3o&nbsp; A Secretaria de Turismo e Cultura da Prefeitura de S\u00e3o Gon\u00e7alo,&hellip;<\/p>\n","protected":false},"author":5,"featured_media":46679,"comment_status":"closed","ping_status":"open","sticky":false,"template":"","format":"standard","meta":{"fifu_image_url":"https:\/\/sgvaimudar.com.br\/wp-content\/uploads\/2024\/06\/Fachada-Centro-Cultural-Joaquim-Lavoura-Lavourao-16-06-2023-Fotos-Fabio-Guimaraes-11-rotated-1.jpg","fifu_image_alt":"","footnotes":""},"categories":[3],"tags":[87,460,2095,2770,47,75,2038],"class_list":["post-46676","post","type-post","status-publish","format-standard","has-post-thumbnail","hentry","category-sao-goncalo","tag-cultura","tag-cursos","tag-gratuitos","tag-microempreendedores","tag-rj","tag-sao-goncalo","tag-sebrae"],"_links":{"self":[{"href":"https:\/\/sgvaimudar.com.br\/index.php\/wp-json\/wp\/v2\/posts\/46676","targetHints":{"allow":["GET"]}}],"collection":[{"href":"https:\/\/sgvaimudar.com.br\/index.php\/wp-json\/wp\/v2\/posts"}],"about":[{"href":"https:\/\/sgvaimudar.com.br\/index.php\/wp-json\/wp\/v2\/types\/post"}],"author":[{"embeddable":true,"href":"https:\/\/sgvaimudar.com.br\/index.php\/wp-json\/wp\/v2\/users\/5"}],"replies":[{"embeddable":true,"href":"https:\/\/sgvaimudar.com.br\/index.php\/wp-json\/wp\/v2\/comments?post=46676"}],"version-history":[{"count":1,"href":"https:\/\/sgvaimudar.com.br\/index.php\/wp-json\/wp\/v2\/posts\/46676\/revisions"}],"predecessor-version":[{"id":46678,"href":"https:\/\/sgvaimudar.com.br\/index.php\/wp-json\/wp\/v2\/posts\/46676\/revisions\/46678"}],"wp:featuredmedia":[{"embeddable":true,"href":"https:\/\/sgvaimudar.com.br\/index.php\/wp-json\/wp\/v2\/media\/46679"}],"wp:attachment":[{"href":"https:\/\/sgvaimudar.com.br\/index.php\/wp-json\/wp\/v2\/media?parent=46676"}],"wp:term":[{"taxonomy":"category","embeddable":true,"href":"https:\/\/sgvaimudar.com.br\/index.php\/wp-json\/wp\/v2\/categories?post=46676"},{"taxonomy":"post_tag","embeddable":true,"href":"https:\/\/sgvaimudar.com.br\/index.php\/wp-json\/wp\/v2\/tags?post=46676"}],"curies":[{"name":"wp","href":"https:\/\/api.w.org\/{rel}","templated":true}]}}