{"id":46666,"date":"2026-09-06T09:16:16","date_gmt":"2026-09-06T12:16:16","guid":{"rendered":"https:\/\/sgvaimudar.com.br\/?p=46666"},"modified":"2026-09-06T09:22:24","modified_gmt":"2026-09-06T12:22:24","slug":"guarda-municipal-prende-homem-apos-flagrante-das-cameras-de-monitoramento-em-sao-goncalo","status":"publish","type":"post","link":"https:\/\/sgvaimudar.com.br\/index.php\/2026\/09\/06\/guarda-municipal-prende-homem-apos-flagrante-das-cameras-de-monitoramento-em-sao-goncalo\/","title":{"rendered":"Guarda Municipal prende homem ap\u00f3s flagrante das c\u00e2meras de monitoramento em S\u00e3o Gon\u00e7alo\u00a0"},"content":{"rendered":"\n<p><em>Preso furtava cabos de energia de madrugada<\/em><\/p>\n\n\n\n<p>Agentes do grupamento armado ROMU da Guarda Municipal da Prefeitura de S\u00e3o Gon\u00e7alo prenderam, nesta madrugada de s\u00e1bado (5), um homem acusado de furtar cabos de energia na Rua Nilo Pe\u00e7anha, no Bairro Antonina. A pris\u00e3o aconteceu com o apoio da Central de Seguran\u00e7a de S\u00e3o Gon\u00e7alo (CSSG).<\/p>\n\n\n\n<p>A a\u00e7\u00e3o foi informada \u00e0 Guarda Municipal pela central de videomonitoramento do munic\u00edpio por volta das 4h. O suspeito, que foi visto pelas c\u00e2meras cortando e retirando os fios, foi identificado pelos agentes a poucos metros do local com uma sacola pl\u00e1stica na m\u00e3o. Com ele, foram encontrados aproximadamente 10 metros de cabos e uma faca pequena de serra.<\/p>\n\n\n\n<p>O suspeito foi, ent\u00e3o, detido e levado para a 72\u00aa DP (Mutu\u00e1), onde permanece preso.<\/p>\n\n\n\n<p><em>Foto: Ascom PMSG<\/em><\/p>\n\n\n\n<figure class=\"wp-block-image size-large is-resized\"><img fetchpriority=\"high\" decoding=\"async\" width=\"577\" height=\"1024\" src=\"https:\/\/sgvaimudar.com.br\/wp-content\/uploads\/2026\/01\/vceoreporter.SGVM_-577x1024.jpg\" alt=\"\" class=\"wp-image-36417\" style=\"width:704px;height:auto\" srcset=\"https:\/\/sgvaimudar.com.br\/wp-content\/uploads\/2026\/01\/vceoreporter.SGVM_-577x1024.jpg 577w, https:\/\/sgvaimudar.com.br\/wp-content\/uploads\/2026\/01\/vceoreporter.SGVM_-169x300.jpg 169w, https:\/\/sgvaimudar.com.br\/wp-content\/uploads\/2026\/01\/vceoreporter.SGVM_.jpg 640w\" sizes=\"(max-width: 577px) 100vw, 577px\" \/><\/figure>\n","protected":false},"excerpt":{"rendered":"<p>Preso furtava cabos de energia de madrugada Agentes do grupamento armado ROMU da Guarda Municipal da Prefeitura de S\u00e3o Gon\u00e7alo&hellip;<\/p>\n","protected":false},"author":5,"featured_media":46669,"comment_status":"closed","ping_status":"open","sticky":false,"template":"","format":"standard","meta":{"fifu_image_url":"https:\/\/sgvaimudar.com.br\/wp-content\/uploads\/2026\/09\/unnamed-5-1.jpg","fifu_image_alt":"","footnotes":""},"categories":[32],"tags":[1411,1283,47,263,75],"class_list":["post-46666","post","type-post","status-publish","format-standard","has-post-thumbnail","hentry","category-casos-de-policia","tag-epidemia","tag-fios","tag-rj","tag-roubo","tag-sao-goncalo"],"_links":{"self":[{"href":"https:\/\/sgvaimudar.com.br\/index.php\/wp-json\/wp\/v2\/posts\/46666","targetHints":{"allow":["GET"]}}],"collection":[{"href":"https:\/\/sgvaimudar.com.br\/index.php\/wp-json\/wp\/v2\/posts"}],"about":[{"href":"https:\/\/sgvaimudar.com.br\/index.php\/wp-json\/wp\/v2\/types\/post"}],"author":[{"embeddable":true,"href":"https:\/\/sgvaimudar.com.br\/index.php\/wp-json\/wp\/v2\/users\/5"}],"replies":[{"embeddable":true,"href":"https:\/\/sgvaimudar.com.br\/index.php\/wp-json\/wp\/v2\/comments?post=46666"}],"version-history":[{"count":1,"href":"https:\/\/sgvaimudar.com.br\/index.php\/wp-json\/wp\/v2\/posts\/46666\/revisions"}],"predecessor-version":[{"id":46668,"href":"https:\/\/sgvaimudar.com.br\/index.php\/wp-json\/wp\/v2\/posts\/46666\/revisions\/46668"}],"wp:featuredmedia":[{"embeddable":true,"href":"https:\/\/sgvaimudar.com.br\/index.php\/wp-json\/wp\/v2\/media\/46669"}],"wp:attachment":[{"href":"https:\/\/sgvaimudar.com.br\/index.php\/wp-json\/wp\/v2\/media?parent=46666"}],"wp:term":[{"taxonomy":"category","embeddable":true,"href":"https:\/\/sgvaimudar.com.br\/index.php\/wp-json\/wp\/v2\/categories?post=46666"},{"taxonomy":"post_tag","embeddable":true,"href":"https:\/\/sgvaimudar.com.br\/index.php\/wp-json\/wp\/v2\/tags?post=46666"}],"curies":[{"name":"wp","href":"https:\/\/api.w.org\/{rel}","templated":true}]}}