{"id":46655,"date":"2026-09-05T17:00:00","date_gmt":"2026-09-05T20:00:00","guid":{"rendered":"https:\/\/sgvaimudar.com.br\/?p=46655"},"modified":"2026-09-05T09:03:47","modified_gmt":"2026-09-05T12:03:47","slug":"funasg-realiza-palestra-com-foco-na-gestao-emocional-para-servidores-municipais","status":"publish","type":"post","link":"https:\/\/sgvaimudar.com.br\/index.php\/2026\/09\/05\/funasg-realiza-palestra-com-foco-na-gestao-emocional-para-servidores-municipais\/","title":{"rendered":"Funasg realiza palestra com foco na gest\u00e3o emocional para servidores municipais"},"content":{"rendered":"\n<p><em>Encontro acontecer\u00e1 no dia 16 de setembro na sede da Secretaria de Educa\u00e7\u00e3o<\/em><\/p>\n\n\n\n<p>A Funda\u00e7\u00e3o Municipal de Assist\u00eancia \u00e0 Sa\u00fade dos Servidores de S\u00e3o Gon\u00e7alo (Funasg) est\u00e1 com inscri\u00e7\u00f5es abertas para a palestra gratuita \u201cGest\u00e3o Emocional e Rela\u00e7\u00f5es Interpessoais no \u00c2mbito do Servi\u00e7o P\u00fablico\u201d, que ser\u00e1 realizada no dia 16 de setembro, a partir das 16h, na sede da Secretaria de Educa\u00e7\u00e3o, no Mutondo.<\/p>\n\n\n\n<p>Todos os servidores municipais podem se inscrever para participar do evento. A palestra ser\u00e1 ministrada pelo psic\u00f3logo Felipe Costa, especialista no tema e cedido atrav\u00e9s de uma parceria com a Universidade Est\u00e1cio de S\u00e1.<\/p>\n\n\n\n<p>\u201cO principal objetivo \u00e9 fazer com que os servidores, das mais distintas secretarias, possam participar e entender a import\u00e2ncia que desempenham em seu ambiente de trabalho, al\u00e9m de compreender como podem lidar com suas emo\u00e7\u00f5es e com as rela\u00e7\u00f5es interpessoais, prezando por um local de trabalho mais leve e equilibrado\u201d, afirmou o presidente da Funasg, Eug\u00eanio Abreu.<\/p>\n\n\n\n<p>Para se inscrever, basta preencher o formul\u00e1rio dispon\u00edvel no link:&nbsp;<a href=\"https:\/\/click.knewin360.com\/Click\/click\/eyJhbGciOiJIUzI1NiIsInR5cCI6IkpXVCJ9.eyJjYW1wYWlnbklkIjoiM2FmYjNiYjEtYjQyMC00ZmQ1LTA2NmEtMDhkZjA3NWQ2NjI3IiwicGVyc29uSWQiOiJhYzY2OTY2ZS0yYjU1LTQ0ODQtZmIyYy0wOGRjNDkxZWVkNWYiLCJlbWFpbCI6Impvcm5hbGlzdGF3c0BnbWFpbC5jb20iLCJ1cmwiOiJodHRwczovL2RvY3MuZ29vZ2xlLmNvbS9mb3Jtcy9kL2UvMUZBSXBRTFNlRG1LanhZUGgtbUV6VmQwdVVCX2JXWk9qd1hVQ2hHdVhrYk8xY3BmdXZDZWxKbVEvdmlld2Zvcm0iLCJpc1NlZ21lbnRhdGlvbiI6IkZhbHNlIiwibmJmIjoxNzg4NTM3NzgzLCJleHAiOjE3OTExMjk3ODMsImlhdCI6MTc4ODUzNzc4M30.1MHVbcsp70b_hNtXWZhIrKyIAtt1rSqF9pXVLEG0ihA\" rel=\"noreferrer noopener\" target=\"_blank\">https:\/\/docs.google.com\/forms\/d\/e\/1FAIpQLSeDmKjxYPh-mEzVd0uUB_bWZOjwXUChGuXkbO1cpfuvCelJmQ\/viewform<\/a>. As inscri\u00e7\u00f5es ser\u00e3o encerradas automaticamente ap\u00f3s o preenchimento das 75 vagas dispon\u00edveis.<\/p>\n\n\n\n<p><strong>Servi\u00e7o:<\/strong><\/p>\n\n\n\n<p>A Secretaria Municipal de Educa\u00e7\u00e3o fica na Rua Uriscina Vargas, n\u00famero 36, no Mutondo.<\/p>\n\n\n\n<figure class=\"wp-block-video\"><video height=\"1280\" style=\"aspect-ratio: 720 \/ 1280;\" width=\"720\" controls src=\"https:\/\/sgvaimudar.com.br\/wp-content\/uploads\/2026\/07\/institucional.SGVM_.EQUIPE.mp4\"><\/video><\/figure>\n\n\n\n<p><\/p>\n","protected":false},"excerpt":{"rendered":"<p>Encontro acontecer\u00e1 no dia 16 de setembro na sede da Secretaria de Educa\u00e7\u00e3o A Funda\u00e7\u00e3o Municipal de Assist\u00eancia \u00e0 Sa\u00fade&hellip;<\/p>\n","protected":false},"author":5,"featured_media":46660,"comment_status":"closed","ping_status":"open","sticky":false,"template":"","format":"standard","meta":{"fifu_image_url":"https:\/\/sgvaimudar.com.br\/wp-content\/uploads\/2025\/12\/SecretariaMunicipalEducacao-DivulgacaoPMSG.jpg","fifu_image_alt":"","footnotes":""},"categories":[7],"tags":[784,47,75,51,692],"class_list":["post-46655","post","type-post","status-publish","format-standard","has-post-thumbnail","hentry","category-saude","tag-funasg","tag-rj","tag-sao-goncalo","tag-saude","tag-servidores"],"_links":{"self":[{"href":"https:\/\/sgvaimudar.com.br\/index.php\/wp-json\/wp\/v2\/posts\/46655","targetHints":{"allow":["GET"]}}],"collection":[{"href":"https:\/\/sgvaimudar.com.br\/index.php\/wp-json\/wp\/v2\/posts"}],"about":[{"href":"https:\/\/sgvaimudar.com.br\/index.php\/wp-json\/wp\/v2\/types\/post"}],"author":[{"embeddable":true,"href":"https:\/\/sgvaimudar.com.br\/index.php\/wp-json\/wp\/v2\/users\/5"}],"replies":[{"embeddable":true,"href":"https:\/\/sgvaimudar.com.br\/index.php\/wp-json\/wp\/v2\/comments?post=46655"}],"version-history":[{"count":2,"href":"https:\/\/sgvaimudar.com.br\/index.php\/wp-json\/wp\/v2\/posts\/46655\/revisions"}],"predecessor-version":[{"id":46659,"href":"https:\/\/sgvaimudar.com.br\/index.php\/wp-json\/wp\/v2\/posts\/46655\/revisions\/46659"}],"wp:featuredmedia":[{"embeddable":true,"href":"https:\/\/sgvaimudar.com.br\/index.php\/wp-json\/wp\/v2\/media\/46660"}],"wp:attachment":[{"href":"https:\/\/sgvaimudar.com.br\/index.php\/wp-json\/wp\/v2\/media?parent=46655"}],"wp:term":[{"taxonomy":"category","embeddable":true,"href":"https:\/\/sgvaimudar.com.br\/index.php\/wp-json\/wp\/v2\/categories?post=46655"},{"taxonomy":"post_tag","embeddable":true,"href":"https:\/\/sgvaimudar.com.br\/index.php\/wp-json\/wp\/v2\/tags?post=46655"}],"curies":[{"name":"wp","href":"https:\/\/api.w.org\/{rel}","templated":true}]}}