{"id":46639,"date":"2026-09-05T13:00:00","date_gmt":"2026-09-05T16:00:00","guid":{"rendered":"https:\/\/sgvaimudar.com.br\/?p=46639"},"modified":"2026-09-05T08:21:10","modified_gmt":"2026-09-05T11:21:10","slug":"prefeitura-promove-palestra-sobre-vendas-por-transmissoes-ao-vivo","status":"publish","type":"post","link":"https:\/\/sgvaimudar.com.br\/index.php\/2026\/09\/05\/prefeitura-promove-palestra-sobre-vendas-por-transmissoes-ao-vivo\/","title":{"rendered":"Prefeitura promove palestra sobre vendas por transmiss\u00f5es ao vivo"},"content":{"rendered":"\n<p><em>Capacita\u00e7\u00e3o acontecer\u00e1 no dia 16 de setembro, no Partage Shopping<\/em><\/p>\n\n\n\n<p>A Secretaria de Desenvolvimento Econ\u00f4mico da Prefeitura de S\u00e3o Gon\u00e7alo, em parceria com o Servi\u00e7o Brasileiro de Apoio \u00e0s Micro e Pequenas Empresas (Sebrae), est\u00e1 com inscri\u00e7\u00f5es abertas para a palestra \u2018Venda em movimento: o poder da live shop para o seu neg\u00f3cio\u2019. A capacita\u00e7\u00e3o acontecer\u00e1 no dia 16 de setembro, das 10h30 \u00e0s 12h30, no Espa\u00e7o Mais Conhecimento, no Partage Shopping.<\/p>\n\n\n\n<figure class=\"wp-block-image size-large\"><img fetchpriority=\"high\" decoding=\"async\" width=\"819\" height=\"1024\" src=\"https:\/\/sgvaimudar.com.br\/wp-content\/uploads\/2026\/09\/unnamed-2-3-819x1024.jpg\" alt=\"\" class=\"wp-image-46642\" srcset=\"https:\/\/sgvaimudar.com.br\/wp-content\/uploads\/2026\/09\/unnamed-2-3-819x1024.jpg 819w, https:\/\/sgvaimudar.com.br\/wp-content\/uploads\/2026\/09\/unnamed-2-3-240x300.jpg 240w, https:\/\/sgvaimudar.com.br\/wp-content\/uploads\/2026\/09\/unnamed-2-3-768x960.jpg 768w, https:\/\/sgvaimudar.com.br\/wp-content\/uploads\/2026\/09\/unnamed-2-3.jpg 1080w\" sizes=\"(max-width: 819px) 100vw, 819px\" \/><\/figure>\n\n\n\n<p>O principal objetivo da palestra \u00e9 ensinar estrat\u00e9gias pr\u00e1ticas para transformar transmiss\u00f5es ao vivo em oportunidades. A capacita\u00e7\u00e3o ser\u00e1 ministrada pela consultora e especialista no assunto Ana Beatriz Oliveira.<\/p>\n\n\n\n<p>Para se inscrever, basta preencher o formul\u00e1rio dispon\u00edvel no link a seguir:&nbsp;<a href=\"https:\/\/click.knewin360.com\/Click\/click\/eyJhbGciOiJIUzI1NiIsInR5cCI6IkpXVCJ9.eyJjYW1wYWlnbklkIjoiOTkxODNhN2MtNzQ4MS00NGUwLWIzNzQtMDhkZjA3NWQ2OTA1IiwicGVyc29uSWQiOiJhYzY2OTY2ZS0yYjU1LTQ0ODQtZmIyYy0wOGRjNDkxZWVkNWYiLCJlbWFpbCI6Impvcm5hbGlzdGF3c0BnbWFpbC5jb20iLCJ1cmwiOiJodHRwczovL2Zvcm1zLmNsb3VkLm1pY3Jvc29mdC9yL0JVbTlSTlp0UEwiLCJpc1NlZ21lbnRhdGlvbiI6IkZhbHNlIiwibmJmIjoxNzg4NTQzOTAwLCJleHAiOjE3OTExMzU5MDAsImlhdCI6MTc4ODU0MzkwMH0.PsDi_65_hxSGrSNpqGL9iKEPUBThxbqfBBVD821Mw7k\" rel=\"noreferrer noopener\" target=\"_blank\">https:\/\/forms.cloud.microsoft\/r\/BUm9RNZtPL<\/a>. As inscri\u00e7\u00f5es ficar\u00e3o abertas at\u00e9 o dia 15 de setembro.<\/p>\n\n\n\n<p><strong>Servi\u00e7o:<\/strong><\/p>\n\n\n\n<p>O Espa\u00e7o Mais Conhecimento fica localizado na loja 269, no 2\u00ba andar (em frente aos Correios) do Partage Shopping, localizado na Avenida Presidente Kennedy, n\u00famero 425, Centro, S\u00e3o Gon\u00e7alo.<\/p>\n\n\n\n<p><strong>Sigam:&nbsp;<\/strong><a href=\"https:\/\/www.instagram.com\/sgvaimudar\/\"><strong>@sgvaimudar<\/strong><\/a><a href=\"https:\/\/www.instagram.com\/sgvaimudar2\/\"><strong>@sgvaimudar2<\/strong><\/a><strong><em><\/em><\/strong><\/p>\n\n\n\n<p><strong><em>Passe sua informa\u00e7\u00e3o pelo nosso WhatsApp: (21) <\/em><\/strong><strong><em>99744 5345<\/em><\/strong><strong><em><\/em><\/strong><\/p>\n\n\n\n<p><strong><em>S\u00e3o Gon\u00e7alo Vai Mudar: Not\u00edcias de S\u00e3o Gon\u00e7alo e toda regi\u00e3o.<\/em><\/strong><\/p>\n\n\n\n<figure class=\"wp-block-video\"><video height=\"1280\" style=\"aspect-ratio: 720 \/ 1280;\" width=\"720\" controls src=\"https:\/\/sgvaimudar.com.br\/wp-content\/uploads\/2026\/01\/NoticiaUrgete.logoSGVM.mp4\"><\/video><\/figure>\n\n\n\n<p><\/p>\n","protected":false},"excerpt":{"rendered":"<p>Capacita\u00e7\u00e3o acontecer\u00e1 no dia 16 de setembro, no Partage Shopping A Secretaria de Desenvolvimento Econ\u00f4mico da Prefeitura de S\u00e3o Gon\u00e7alo,&hellip;<\/p>\n","protected":false},"author":5,"featured_media":46641,"comment_status":"closed","ping_status":"open","sticky":false,"template":"","format":"standard","meta":{"fifu_image_url":"https:\/\/sgvaimudar.com.br\/wp-content\/uploads\/2026\/05\/partage-shopping-sao-goncalo-ok.webp","fifu_image_alt":"","footnotes":""},"categories":[3],"tags":[1508,1202,431,47,75,432,426],"class_list":["post-46639","post","type-post","status-publish","format-standard","has-post-thumbnail","hentry","category-sao-goncalo","tag-capacitacao-2","tag-palestra","tag-partage","tag-rj","tag-sao-goncalo","tag-shopping","tag-vendas"],"_links":{"self":[{"href":"https:\/\/sgvaimudar.com.br\/index.php\/wp-json\/wp\/v2\/posts\/46639","targetHints":{"allow":["GET"]}}],"collection":[{"href":"https:\/\/sgvaimudar.com.br\/index.php\/wp-json\/wp\/v2\/posts"}],"about":[{"href":"https:\/\/sgvaimudar.com.br\/index.php\/wp-json\/wp\/v2\/types\/post"}],"author":[{"embeddable":true,"href":"https:\/\/sgvaimudar.com.br\/index.php\/wp-json\/wp\/v2\/users\/5"}],"replies":[{"embeddable":true,"href":"https:\/\/sgvaimudar.com.br\/index.php\/wp-json\/wp\/v2\/comments?post=46639"}],"version-history":[{"count":2,"href":"https:\/\/sgvaimudar.com.br\/index.php\/wp-json\/wp\/v2\/posts\/46639\/revisions"}],"predecessor-version":[{"id":46643,"href":"https:\/\/sgvaimudar.com.br\/index.php\/wp-json\/wp\/v2\/posts\/46639\/revisions\/46643"}],"wp:featuredmedia":[{"embeddable":true,"href":"https:\/\/sgvaimudar.com.br\/index.php\/wp-json\/wp\/v2\/media\/46641"}],"wp:attachment":[{"href":"https:\/\/sgvaimudar.com.br\/index.php\/wp-json\/wp\/v2\/media?parent=46639"}],"wp:term":[{"taxonomy":"category","embeddable":true,"href":"https:\/\/sgvaimudar.com.br\/index.php\/wp-json\/wp\/v2\/categories?post=46639"},{"taxonomy":"post_tag","embeddable":true,"href":"https:\/\/sgvaimudar.com.br\/index.php\/wp-json\/wp\/v2\/tags?post=46639"}],"curies":[{"name":"wp","href":"https:\/\/api.w.org\/{rel}","templated":true}]}}