{"id":46633,"date":"2026-09-05T11:00:00","date_gmt":"2026-09-05T14:00:00","guid":{"rendered":"https:\/\/sgvaimudar.com.br\/?p=46633"},"modified":"2026-09-05T08:12:44","modified_gmt":"2026-09-05T11:12:44","slug":"horta-escolar-e-retomada-e-centro-de-autismo-lanca-livro-de-receitas-saudaveis","status":"publish","type":"post","link":"https:\/\/sgvaimudar.com.br\/index.php\/2026\/09\/05\/horta-escolar-e-retomada-e-centro-de-autismo-lanca-livro-de-receitas-saudaveis\/","title":{"rendered":"Horta escolar \u00e9 retomada e Centro de Autismo lan\u00e7a livro de receitas saud\u00e1veis"},"content":{"rendered":"\n<p><em>Iniciativas t\u00eam participa\u00e7\u00e3o direta de atendidos no CRMA e seus respons\u00e1veis<\/em><\/p>\n\n\n\n<p>O Centro de Refer\u00eancia Municipal em Autismo Professora Maria Jos\u00e9 da Silva Rodrigues, no Gradim, realizou, nesta sexta-feira (4), um evento que uniu a reinaugura\u00e7\u00e3o da horta escolar, o lan\u00e7amento de um perfume para ambientes desenvolvido pelos atendidos e o lan\u00e7amento de um livro de receitas saud\u00e1veis com degusta\u00e7\u00e3o para os respons\u00e1veis.<\/p>\n\n\n\n<p>O evento teve o objetivo de acolher as fam\u00edlias e mostrar o trabalho que vem sendo realizado na unidade. Na reinaugura\u00e7\u00e3o da horta, foram plantadas mudas de alecrim, salsinha, pimenta biquinho, quiabo, coentro, piment\u00e3o, manjeric\u00e3o e cravo.<\/p>\n\n\n\n<figure class=\"wp-block-image size-large\"><img fetchpriority=\"high\" decoding=\"async\" width=\"1024\" height=\"681\" src=\"https:\/\/sgvaimudar.com.br\/wp-content\/uploads\/2026\/09\/unnamed-13-1024x681.jpg\" alt=\"\" class=\"wp-image-46637\" srcset=\"https:\/\/sgvaimudar.com.br\/wp-content\/uploads\/2026\/09\/unnamed-13-1024x681.jpg 1024w, https:\/\/sgvaimudar.com.br\/wp-content\/uploads\/2026\/09\/unnamed-13-300x199.jpg 300w, https:\/\/sgvaimudar.com.br\/wp-content\/uploads\/2026\/09\/unnamed-13-768x511.jpg 768w, https:\/\/sgvaimudar.com.br\/wp-content\/uploads\/2026\/09\/unnamed-13-1536x1021.jpg 1536w, https:\/\/sgvaimudar.com.br\/wp-content\/uploads\/2026\/09\/unnamed-13-2048x1362.jpg 2048w\" sizes=\"(max-width: 1024px) 100vw, 1024px\" \/><\/figure>\n\n\n\n<p>\u201c\u00c9 um evento para desmistificar a ideia de que o autista \u00e9 uma pessoa limitada. Estamos lan\u00e7ando um perfume de ambiente feito por eles com o professor, tamb\u00e9m estamos lan\u00e7ando o nosso livro de receitas super saud\u00e1veis e fazendo a planta\u00e7\u00e3o da horta. Tudo tem o envolvimento dos atendidos e respons\u00e1veis\u201d, disse a diretora Evelin Bastos.<\/p>\n\n\n\n<p>A m\u00e3e do Davi, de 16 anos, Tricia Cavalcante, se sente acolhida dentro do CRMA. Ela entende que \u00e9 preciso preparar o filho para a vida, deixando que ele desenvolva suas habilidades para ter sua independ\u00eancia no futuro.<\/p>\n\n\n\n<p>\u201cAcho que ele est\u00e1 evoluindo muito. Eu gostei muito do perfume para ambientes porque existe muito preconceito em torno do autista, acham que o autista \u00e9 incapaz e n\u00e3o \u00e9 verdade. Eles t\u00eam as dificuldades deles, mas cada um \u00e9 \u00fanico e tem outras habilidades. Esse conhecimento de fazer um perfume vai abrir muitas portas, porque eles podem ajudar a fam\u00edlia e at\u00e9 complementar a renda\u201d, afirmou a m\u00e3e.<\/p>\n\n\n\n<p><em>Fotos: Jonnathan Smtih<\/em><\/p>\n\n\n\n<p><strong>Sigam:&nbsp;<\/strong><a href=\"https:\/\/www.instagram.com\/sgvaimudar\/\"><strong>@sgvaimudar<\/strong><\/a><a href=\"https:\/\/www.instagram.com\/sgvaimudar2\/\"><strong>@sgvaimudar2<\/strong><\/a><strong><em><\/em><\/strong><\/p>\n\n\n\n<p><strong><em>Passe sua informa\u00e7\u00e3o pelo nosso WhatsApp: (21) <\/em><\/strong><strong><em>99744 5345<\/em><\/strong><strong><em><\/em><\/strong><\/p>\n\n\n\n<p><strong><em>S\u00e3o Gon\u00e7alo Vai Mudar: Not\u00edcias de S\u00e3o Gon\u00e7alo e toda regi\u00e3o.<\/em><\/strong><\/p>\n\n\n\n<figure class=\"wp-block-video\"><video height=\"1280\" style=\"aspect-ratio: 720 \/ 1280;\" width=\"720\" controls src=\"https:\/\/sgvaimudar.com.br\/wp-content\/uploads\/2026\/01\/logo2026.mp4\"><\/video><\/figure>\n","protected":false},"excerpt":{"rendered":"<p>Iniciativas t\u00eam participa\u00e7\u00e3o direta de atendidos no CRMA e seus respons\u00e1veis O Centro de Refer\u00eancia Municipal em Autismo Professora Maria&hellip;<\/p>\n","protected":false},"author":5,"featured_media":46636,"comment_status":"closed","ping_status":"open","sticky":false,"template":"","format":"standard","meta":{"fifu_image_url":"https:\/\/sgvaimudar.com.br\/wp-content\/uploads\/2026\/09\/unnamed-1-4-scaled.jpg","fifu_image_alt":"","footnotes":""},"categories":[3],"tags":[1935,466,435,891,47,75],"class_list":["post-46633","post","type-post","status-publish","format-standard","has-post-thumbnail","hentry","category-sao-goncalo","tag-autismo","tag-centro","tag-gradim","tag-referencia","tag-rj","tag-sao-goncalo"],"_links":{"self":[{"href":"https:\/\/sgvaimudar.com.br\/index.php\/wp-json\/wp\/v2\/posts\/46633","targetHints":{"allow":["GET"]}}],"collection":[{"href":"https:\/\/sgvaimudar.com.br\/index.php\/wp-json\/wp\/v2\/posts"}],"about":[{"href":"https:\/\/sgvaimudar.com.br\/index.php\/wp-json\/wp\/v2\/types\/post"}],"author":[{"embeddable":true,"href":"https:\/\/sgvaimudar.com.br\/index.php\/wp-json\/wp\/v2\/users\/5"}],"replies":[{"embeddable":true,"href":"https:\/\/sgvaimudar.com.br\/index.php\/wp-json\/wp\/v2\/comments?post=46633"}],"version-history":[{"count":2,"href":"https:\/\/sgvaimudar.com.br\/index.php\/wp-json\/wp\/v2\/posts\/46633\/revisions"}],"predecessor-version":[{"id":46638,"href":"https:\/\/sgvaimudar.com.br\/index.php\/wp-json\/wp\/v2\/posts\/46633\/revisions\/46638"}],"wp:featuredmedia":[{"embeddable":true,"href":"https:\/\/sgvaimudar.com.br\/index.php\/wp-json\/wp\/v2\/media\/46636"}],"wp:attachment":[{"href":"https:\/\/sgvaimudar.com.br\/index.php\/wp-json\/wp\/v2\/media?parent=46633"}],"wp:term":[{"taxonomy":"category","embeddable":true,"href":"https:\/\/sgvaimudar.com.br\/index.php\/wp-json\/wp\/v2\/categories?post=46633"},{"taxonomy":"post_tag","embeddable":true,"href":"https:\/\/sgvaimudar.com.br\/index.php\/wp-json\/wp\/v2\/tags?post=46633"}],"curies":[{"name":"wp","href":"https:\/\/api.w.org\/{rel}","templated":true}]}}