{"id":46627,"date":"2026-09-05T07:48:05","date_gmt":"2026-09-05T10:48:05","guid":{"rendered":"https:\/\/sgvaimudar.com.br\/?p=46627"},"modified":"2026-09-05T08:00:02","modified_gmt":"2026-09-05T11:00:02","slug":"sao-goncalo-abre-selecao-para-contratar-medicos-ginecologistas","status":"publish","type":"post","link":"https:\/\/sgvaimudar.com.br\/index.php\/2026\/09\/05\/sao-goncalo-abre-selecao-para-contratar-medicos-ginecologistas\/","title":{"rendered":"S\u00e3o Gon\u00e7alo abre sele\u00e7\u00e3o para contratar m\u00e9dicos ginecologistas"},"content":{"rendered":"\n<p><em>Processo ter\u00e1 como base a avalia\u00e7\u00e3o curricular de t\u00edtulos e experi\u00eancia profissional dos candidatos<\/em><\/p>\n\n\n\n<p>A Funda\u00e7\u00e3o Municipal de Assist\u00eancia \u00e0 Sa\u00fade dos Servidores de S\u00e3o Gon\u00e7alo (Funasg) iniciou processo seletivo para a contrata\u00e7\u00e3o de dois m\u00e9dicos com especializa\u00e7\u00e3o em ginecologia. O contrato tem car\u00e1ter tempor\u00e1rio de um ou at\u00e9 dois anos, em caso de prorroga\u00e7\u00e3o m\u00e1xima. O edital do processo seletivo e seus anexos foram publicados no Di\u00e1rio Oficial do dia 26 de agosto.<\/p>\n\n\n\n<p>A realiza\u00e7\u00e3o do processo seletivo \u00e9 de responsabilidade da Funasg com a supervis\u00e3o da Ger\u00eancia de Sa\u00fade e Conv\u00eanios e da Diretoria M\u00e9dica, seguindo os crit\u00e9rios estabelecidos na Lei Municipal n\u00ba 447\/2012. O processo ter\u00e1 como base a avalia\u00e7\u00e3o curricular de t\u00edtulos e experi\u00eancia profissional dos candidatos, etapa \u00fanica e de car\u00e1ter classificat\u00f3rio e eliminat\u00f3rio. N\u00e3o h\u00e1 taxa de inscri\u00e7\u00e3o.<\/p>\n\n\n\n<p>Para se inscrever, o interessado deve ir \u00e0 sede da Funasg, na\u00a0Rua Alu\u00edsio Neiva, 808, no Centro de S\u00e3o Gon\u00e7alo, e entregar curr\u00edculo, ficha de inscri\u00e7\u00e3o cujo modelo est\u00e1 no Di\u00e1rio Oficial do dia 26 de agosto, al\u00e9m da c\u00f3pia n\u00edtida e sem rasuras ou emendas dos seguintes documentos:<\/p>\n\n\n\n<p>Identidade; CPF; t\u00edtulo de eleitor com comprovante de quita\u00e7\u00e3o eleitoral; comprovante de resid\u00eancia atualizado (contas de \u00e1gua, luz ou telefone fixo); PIS\/PASEP ou N\u00famero de Identifica\u00e7\u00e3o do Trabalhador \u2013 NIT; documento comprobat\u00f3rio do registro v\u00e1lido e ativo (atualizado) no \u00f3rg\u00e3o de classe correspondente; <\/p>\n\n\n\n<p>Curr\u00edculo leg\u00edvel, sem rasuras ou emendas, com foto recente, telefone de contato e endere\u00e7o eletr\u00f4nico se houver; certid\u00e3o de nascimento ou casamento; documentos comprobat\u00f3rios de gradua\u00e7\u00e3o, titula\u00e7\u00e3o e experi\u00eancia profissional; e certificado de reservista (para o sexo masculino). Os documentos devem estar em um \u00fanico envelope, identificado como: \u201cDocumentos para Processo Seletivo Simplificado\/FUNASG\u2013 Edital n\u00b003\/2026\u201d.<\/p>\n\n\n\n<p>O prazo para a entrega da documenta\u00e7\u00e3o completa \u00e9 at\u00e9 o dia 14 de setembro. N\u00e3o ser\u00e3o admitidos documentos entregues fora do prazo ou separados. O candidato que descumprir alguma dessas exig\u00eancias ou deixar de entregar algum documento poder\u00e1 ser eliminado.<\/p>\n\n\n\n<p>O resultado preliminar, ap\u00f3s a an\u00e1lise do curr\u00edculo e da documenta\u00e7\u00e3o, ser\u00e1 publicado no Di\u00e1rio Oficial do munic\u00edpio no dia 24 de setembro, com prazo para os recursos. \u00c9 de responsabilidade do candidato acompanhar as publica\u00e7\u00f5es e o cronograma do processo seletivo. O resultado final ser\u00e1 divulgado no dia 6 de outubro e a contrata\u00e7\u00e3o dos classificados ser\u00e1 publicada no dia 9 de outubro.<\/p>\n\n\n\n<p>O profissional contratado atuar\u00e1 em uma jornada semanal de 12 horas de trabalho, com um sal\u00e1rio de R$ 2.227,28, aux\u00edlio-transporte, produtividade, insalubridade.<\/p>\n\n\n\n<p>Para acessar o edital completo e os anexos, como cronograma, requisitos, n\u00famero de vagas, quadro de atribui\u00e7\u00f5es, avalia\u00e7\u00e3o curr\u00edcular de t\u00edtulos, experi\u00eancia profissional, atribui\u00e7\u00f5es de cargos, ficha de inscri\u00e7\u00e3o, ficha de recursos, minuta do contrato e a declara\u00e7\u00e3o de acumula\u00e7\u00e3o ou n\u00e3o acumula\u00e7\u00e3o de cargos, basta clicar nos links:&nbsp;<a href=\"https:\/\/click.knewin360.com\/Click\/click\/eyJhbGciOiJIUzI1NiIsInR5cCI6IkpXVCJ9.eyJjYW1wYWlnbklkIjoiZjYyODIwODEtOTQ4ZC00NTgzLWI3MTEtMDhkZjA3NWFkM2ZjIiwicGVyc29uSWQiOiJhYzY2OTY2ZS0yYjU1LTQ0ODQtZmIyYy0wOGRjNDkxZWVkNWYiLCJlbWFpbCI6Impvcm5hbGlzdGF3c0BnbWFpbC5jb20iLCJ1cmwiOiJodHRwczovL2RvLnBtc2cucmouZ292LmJyL2RpYXJpby8yMDI2XzA4XzI2LnBkZiIsImlzU2VnbWVudGF0aW9uIjoiRmFsc2UiLCJuYmYiOjE3ODg1NDYxODEsImV4cCI6MTc5MTEzODE4MSwiaWF0IjoxNzg4NTQ2MTgxfQ.HZAdBOerKlWtmGNYPbZjnFMAaYVyyoAclK18FeAdg0g\" rel=\"noreferrer noopener\" target=\"_blank\">https:\/\/do.pmsg.rj.gov.br\/diario\/2026_08_26.pdf<\/a>&nbsp;e&nbsp;<a href=\"https:\/\/click.knewin360.com\/Click\/click\/eyJhbGciOiJIUzI1NiIsInR5cCI6IkpXVCJ9.eyJjYW1wYWlnbklkIjoiZjYyODIwODEtOTQ4ZC00NTgzLWI3MTEtMDhkZjA3NWFkM2ZjIiwicGVyc29uSWQiOiJhYzY2OTY2ZS0yYjU1LTQ0ODQtZmIyYy0wOGRjNDkxZWVkNWYiLCJlbWFpbCI6Impvcm5hbGlzdGF3c0BnbWFpbC5jb20iLCJ1cmwiOiJodHRwczovL2RvLnBtc2cucmouZ292LmJyL2RpYXJpby8yMDI2XzA4XzI3LnBkZiIsImlzU2VnbWVudGF0aW9uIjoiRmFsc2UiLCJuYmYiOjE3ODg1NDYxODEsImV4cCI6MTc5MTEzODE4MSwiaWF0IjoxNzg4NTQ2MTgxfQ.Mh902IgNQo_nIZrMsafZBJvlkbRN-lw2cYk75Q-f4cU\" rel=\"noreferrer noopener\" target=\"_blank\">https:\/\/do.pmsg.rj.gov.br\/diario\/2026_08_27.pdf<\/a>&nbsp;(com o cronograma corrigido).<\/p>\n\n\n\n<p><em>Foto: Jonnathan Smith<\/em><\/p>\n\n\n\n<p><strong>Sigam:&nbsp;<\/strong><a href=\"https:\/\/www.instagram.com\/sgvaimudar\/\"><strong>@sgvaimudar<\/strong><\/a><a href=\"https:\/\/www.instagram.com\/sgvaimudar2\/\"><strong>@sgvaimudar2<\/strong><\/a><strong><em><\/em><\/strong><\/p>\n\n\n\n<p><strong><em>Passe sua informa\u00e7\u00e3o pelo nosso WhatsApp: (21) <\/em><\/strong><strong><em>99744 5345<\/em><\/strong><strong><em><\/em><\/strong><\/p>\n\n\n\n<p><strong><em>S\u00e3o Gon\u00e7alo Vai Mudar: Not\u00edcias de S\u00e3o Gon\u00e7alo e toda regi\u00e3o.<\/em><\/strong><\/p>\n\n\n\n<figure class=\"wp-block-image size-large is-resized\"><img fetchpriority=\"high\" decoding=\"async\" width=\"577\" height=\"1024\" src=\"https:\/\/sgvaimudar.com.br\/wp-content\/uploads\/2026\/01\/vceoreporter.SGVM_-577x1024.jpg\" alt=\"\" class=\"wp-image-36417\" style=\"width:702px;height:auto\" srcset=\"https:\/\/sgvaimudar.com.br\/wp-content\/uploads\/2026\/01\/vceoreporter.SGVM_-577x1024.jpg 577w, https:\/\/sgvaimudar.com.br\/wp-content\/uploads\/2026\/01\/vceoreporter.SGVM_-169x300.jpg 169w, https:\/\/sgvaimudar.com.br\/wp-content\/uploads\/2026\/01\/vceoreporter.SGVM_.jpg 640w\" sizes=\"(max-width: 577px) 100vw, 577px\" \/><\/figure>\n","protected":false},"excerpt":{"rendered":"<p>Processo ter\u00e1 como base a avalia\u00e7\u00e3o curricular de t\u00edtulos e experi\u00eancia profissional dos candidatos A Funda\u00e7\u00e3o Municipal de Assist\u00eancia \u00e0&hellip;<\/p>\n","protected":false},"author":5,"featured_media":46630,"comment_status":"closed","ping_status":"open","sticky":false,"template":"","format":"standard","meta":{"fifu_image_url":"https:\/\/sgvaimudar.com.br\/wp-content\/uploads\/2026\/09\/funasg.divulgacao.jpg","fifu_image_alt":"","footnotes":""},"categories":[7],"tags":[1255,784,148,111,47,75],"class_list":["post-46627","post","type-post","status-publish","format-standard","has-post-thumbnail","hentry","category-saude","tag-contratacao","tag-funasg","tag-medico","tag-prefeitura","tag-rj","tag-sao-goncalo"],"_links":{"self":[{"href":"https:\/\/sgvaimudar.com.br\/index.php\/wp-json\/wp\/v2\/posts\/46627","targetHints":{"allow":["GET"]}}],"collection":[{"href":"https:\/\/sgvaimudar.com.br\/index.php\/wp-json\/wp\/v2\/posts"}],"about":[{"href":"https:\/\/sgvaimudar.com.br\/index.php\/wp-json\/wp\/v2\/types\/post"}],"author":[{"embeddable":true,"href":"https:\/\/sgvaimudar.com.br\/index.php\/wp-json\/wp\/v2\/users\/5"}],"replies":[{"embeddable":true,"href":"https:\/\/sgvaimudar.com.br\/index.php\/wp-json\/wp\/v2\/comments?post=46627"}],"version-history":[{"count":3,"href":"https:\/\/sgvaimudar.com.br\/index.php\/wp-json\/wp\/v2\/posts\/46627\/revisions"}],"predecessor-version":[{"id":46632,"href":"https:\/\/sgvaimudar.com.br\/index.php\/wp-json\/wp\/v2\/posts\/46627\/revisions\/46632"}],"wp:featuredmedia":[{"embeddable":true,"href":"https:\/\/sgvaimudar.com.br\/index.php\/wp-json\/wp\/v2\/media\/46630"}],"wp:attachment":[{"href":"https:\/\/sgvaimudar.com.br\/index.php\/wp-json\/wp\/v2\/media?parent=46627"}],"wp:term":[{"taxonomy":"category","embeddable":true,"href":"https:\/\/sgvaimudar.com.br\/index.php\/wp-json\/wp\/v2\/categories?post=46627"},{"taxonomy":"post_tag","embeddable":true,"href":"https:\/\/sgvaimudar.com.br\/index.php\/wp-json\/wp\/v2\/tags?post=46627"}],"curies":[{"name":"wp","href":"https:\/\/api.w.org\/{rel}","templated":true}]}}