{"id":46620,"date":"2026-09-05T07:41:32","date_gmt":"2026-09-05T10:41:32","guid":{"rendered":"https:\/\/sgvaimudar.com.br\/?p=46620"},"modified":"2026-09-05T07:43:13","modified_gmt":"2026-09-05T10:43:13","slug":"7o-bpm-reforca-policiamento-na-br-101-e-principais-acessos-de-sao-goncalo","status":"publish","type":"post","link":"https:\/\/sgvaimudar.com.br\/index.php\/2026\/09\/05\/7o-bpm-reforca-policiamento-na-br-101-e-principais-acessos-de-sao-goncalo\/","title":{"rendered":"7\u00ba BPM refor\u00e7a policiamento na BR-101 e principais acessos de S\u00e3o Gon\u00e7alo"},"content":{"rendered":"\n<p><em>A\u00e7\u00e3o busca reduzir roubos, furtos de ve\u00edculos e outros crimes nas \u00e1reas pr\u00f3ximas \u00e0s rodovias<\/em><\/p>\n\n\n\n<p>A presen\u00e7a de policiais militares foi refor\u00e7ada nas principais vias de acesso e sa\u00edda de S\u00e3o Gon\u00e7alo, com aten\u00e7\u00e3o especial para a BR-101 e as rodovias RJ-104, RJ-100 e RJ-106. Com o feriado, a estrat\u00e9gia do 7\u00ba BPM busca ampliar a seguran\u00e7a de motoristas e passageiros e aumentar a capacidade de resposta a ocorr\u00eancias nas \u00e1reas de maior circula\u00e7\u00e3o.<\/p>\n\n\n\n<p>O patrulhamento tamb\u00e9m tem como objetivo prevenir roubos, furtos de ve\u00edculos e outros crimes praticados nas proximidades das rodovias. A BR-101, uma das principais liga\u00e7\u00f5es entre S\u00e3o Gon\u00e7alo, Niter\u00f3i e outros munic\u00edpios da Regi\u00e3o Metropolitana, recebe aten\u00e7\u00e3o especial das equipes.<\/p>\n\n\n\n<figure class=\"wp-block-video\"><video height=\"1280\" style=\"aspect-ratio: 720 \/ 1280;\" width=\"720\" controls src=\"https:\/\/sgvaimudar.com.br\/wp-content\/uploads\/2026\/09\/SaveClip.App_AQMbzzi0_cwNxFI3JUG9TRRF-MiDeFYT6vksCrG23ODFb3-q6AQbWnrJSiO2O08SS62YkE0PALlLPizknK56OiIZYIqM-7W4NB0arxs.mp4\"><\/video><\/figure>\n\n\n\n<p>O refor\u00e7o ocorre em um momento de amplia\u00e7\u00e3o da estrutura de monitoramento do batalh\u00e3o. Em agosto, o 7\u00ba BPM inaugurou um novo Centro de Comando e Controle, equipado para acompanhar imagens de c\u00e2meras e auxiliar o trabalho das equipes que atuam nas ruas. A estrutura tamb\u00e9m permite maior integra\u00e7\u00e3o entre informa\u00e7\u00f5es e opera\u00e7\u00f5es policiais.<\/p>\n\n\n\n<p>Segundo informa\u00e7\u00f5es da Pol\u00edcia Militar, o sistema conta com mais de 400 c\u00e2meras integradas, al\u00e9m de recursos como reconhecimento facial e leitura autom\u00e1tica de placas. Alertas sobre ve\u00edculos com registros de roubo ou furto e pessoas com mandados de pris\u00e3o podem auxiliar no acionamento das equipes em patrulhamento.<\/p>\n\n\n\n<p>O 7\u00ba Batalh\u00e3o de Pol\u00edcia Militar \u00e9 respons\u00e1vel atualmente pelo policiamento das \u00e1reas correspondentes \u00e0s 74\u00aa e 75\u00aa CISP, em S\u00e3o Gon\u00e7alo, enquanto o 1\u00ba BPM passou a atuar nas regi\u00f5es das 72\u00aa e 73\u00aa CISP.<\/p>\n\n\n\n<p>O refor\u00e7o nas vias estrat\u00e9gicas pretende garantir maior presen\u00e7a policial nos corredores de circula\u00e7\u00e3o do munic\u00edpio, especialmente nos hor\u00e1rios de maior movimento, contribuindo para a preven\u00e7\u00e3o de crimes e para a seguran\u00e7a de quem entra ou deixa S\u00e3o Gon\u00e7alo.<\/p>\n\n\n\n<p><strong>Sigam:&nbsp;<\/strong><a href=\"https:\/\/www.instagram.com\/sgvaimudar\/\"><strong>@sgvaimudar<\/strong><\/a><a href=\"https:\/\/www.instagram.com\/sgvaimudar2\/\"><strong>@sgvaimudar2<\/strong><\/a><strong><em><\/em><\/strong><\/p>\n\n\n\n<p><strong><em>Passe sua informa\u00e7\u00e3o pelo nosso WhatsApp: (21) <\/em><\/strong><strong><em>99744 5345<\/em><\/strong><strong><em><\/em><\/strong><\/p>\n\n\n\n<p><strong><em>S\u00e3o Gon\u00e7alo Vai Mudar: Not\u00edcias de S\u00e3o Gon\u00e7alo e toda regi\u00e3o.<\/em><\/strong><\/p>\n\n\n\n<figure class=\"wp-block-video\"><video height=\"850\" style=\"aspect-ratio: 476 \/ 850;\" width=\"476\" controls src=\"https:\/\/sgvaimudar.com.br\/wp-content\/uploads\/2026\/02\/anuncioWillSmith.mp4\"><\/video><\/figure>\n","protected":false},"excerpt":{"rendered":"<p>A\u00e7\u00e3o busca reduzir roubos, furtos de ve\u00edculos e outros crimes nas \u00e1reas pr\u00f3ximas \u00e0s rodovias A presen\u00e7a de policiais militares&hellip;<\/p>\n","protected":false},"author":5,"featured_media":46626,"comment_status":"closed","ping_status":"open","sticky":false,"template":"","format":"standard","meta":{"fifu_image_url":"https:\/\/sgvaimudar.com.br\/wp-content\/uploads\/2026\/09\/WhatsApp-Image-2026-09-05-at-07.35.07.jpeg","fifu_image_alt":"","footnotes":""},"categories":[32],"tags":[3047,3126,105,299,885,1162,47,75],"class_list":["post-46620","post","type-post","status-publish","format-standard","has-post-thumbnail","hentry","category-casos-de-policia","tag-7o-bpm","tag-metropolitana","tag-niteroi","tag-policia","tag-reforco","tag-regiao","tag-rj","tag-sao-goncalo"],"_links":{"self":[{"href":"https:\/\/sgvaimudar.com.br\/index.php\/wp-json\/wp\/v2\/posts\/46620","targetHints":{"allow":["GET"]}}],"collection":[{"href":"https:\/\/sgvaimudar.com.br\/index.php\/wp-json\/wp\/v2\/posts"}],"about":[{"href":"https:\/\/sgvaimudar.com.br\/index.php\/wp-json\/wp\/v2\/types\/post"}],"author":[{"embeddable":true,"href":"https:\/\/sgvaimudar.com.br\/index.php\/wp-json\/wp\/v2\/users\/5"}],"replies":[{"embeddable":true,"href":"https:\/\/sgvaimudar.com.br\/index.php\/wp-json\/wp\/v2\/comments?post=46620"}],"version-history":[{"count":1,"href":"https:\/\/sgvaimudar.com.br\/index.php\/wp-json\/wp\/v2\/posts\/46620\/revisions"}],"predecessor-version":[{"id":46622,"href":"https:\/\/sgvaimudar.com.br\/index.php\/wp-json\/wp\/v2\/posts\/46620\/revisions\/46622"}],"wp:featuredmedia":[{"embeddable":true,"href":"https:\/\/sgvaimudar.com.br\/index.php\/wp-json\/wp\/v2\/media\/46626"}],"wp:attachment":[{"href":"https:\/\/sgvaimudar.com.br\/index.php\/wp-json\/wp\/v2\/media?parent=46620"}],"wp:term":[{"taxonomy":"category","embeddable":true,"href":"https:\/\/sgvaimudar.com.br\/index.php\/wp-json\/wp\/v2\/categories?post=46620"},{"taxonomy":"post_tag","embeddable":true,"href":"https:\/\/sgvaimudar.com.br\/index.php\/wp-json\/wp\/v2\/tags?post=46620"}],"curies":[{"name":"wp","href":"https:\/\/api.w.org\/{rel}","templated":true}]}}