{"id":46606,"date":"2026-09-04T21:00:00","date_gmt":"2026-09-05T00:00:00","guid":{"rendered":"https:\/\/sgvaimudar.com.br\/?p=46606"},"modified":"2026-09-04T10:42:41","modified_gmt":"2026-09-04T13:42:41","slug":"no-feriado-do-dia-7-prefeitura-de-sao-goncalo-mantem-unidades-de-urgencia-abertas","status":"publish","type":"post","link":"https:\/\/sgvaimudar.com.br\/index.php\/2026\/09\/04\/no-feriado-do-dia-7-prefeitura-de-sao-goncalo-mantem-unidades-de-urgencia-abertas\/","title":{"rendered":"No feriado do dia 7, Prefeitura de S\u00e3o Gon\u00e7alo mant\u00e9m unidades de urg\u00eancia abertas"},"content":{"rendered":"\n<p><em>Parque RJ Nosso Sonho estar\u00e1 fechado na segunda-feira para manuten\u00e7\u00e3o; os servi\u00e7os de urg\u00eancia e emerg\u00eancia v\u00e3o funcionar normalmente<\/em><\/p>\n\n\n\n<p>O feriado do Dia da Independ\u00eancia do Brasil \u00e9 na pr\u00f3xima segunda-feira, dia 7. E os gon\u00e7alenses t\u00eam que ficar atentos para o funcionamento das reparti\u00e7\u00f5es p\u00fablicas municipais. Os servi\u00e7os essenciais das secretarias municipais de Conserva\u00e7\u00e3o, Desenvolvimento Urbano e de Sa\u00fade e Defesa Civil v\u00e3o funcionar normalmente.<\/p>\n\n\n\n<p>Os servi\u00e7os de urg\u00eancia e emerg\u00eancia da Secretaria de Sa\u00fade e Defesa Civil de S\u00e3o Gon\u00e7alo seguem abertos 24h: Unidades Municipais de Pronto Atendimento (Umpas) do Pacheco, Nova Cidade e Santa Luzia; os prontos-socorros Central (PSC) e Infantil (PSI), ambos no Z\u00e9 Garoto; a Maternidade Municipal Dr. M\u00e1rio Niajar, em Alc\u00e2ntara; assim como a emerg\u00eancia da sa\u00fade mental que funciona no Hospital Luiz Palmier (HLP), no Z\u00e9 Garoto.<\/p>\n\n\n\n<p>O HLP e o Hospital do C\u00e2ncer e do Cora\u00e7\u00e3o (HCCOR), na Lagoinha, realizar\u00e3o as cirurgias agendadas normalmente. Os ambulat\u00f3rios \u2013 consultas, exames e servi\u00e7os \u2013 s\u00f3 voltam na ter\u00e7a-feira (8) nas duas unidades. Os tr\u00eas hospitais \u2013 HLP, HCCOR e o Hospital de Retaguarda Gon\u00e7alense (HRG), no Centro, estar\u00e3o abertos para as visitas dos pacientes internados nos hor\u00e1rios pr\u00e9-estabelecidos.<\/p>\n\n\n\n<p>O Centro de Aten\u00e7\u00e3o Psicossocial de \u00c1lcool e Drogas (Capsad) Dr. Daniel Gomes da Silva, no Vila Tr\u00eas Rua Augusto Franco, 52, Vila Tr\u00eas e o Caps Francisco dos Santos Siqueira (Rua Maria Rita, 883), Maria Rita) estar\u00e3o abertos 24h. Os demais Caps estar\u00e3o fechados.<\/p>\n\n\n\n<p>Caso haja necessidade de aplica\u00e7\u00e3o da vacina antirr\u00e1bica humana nos casos de acidentes com animais, o paciente ter\u00e1 o servi\u00e7o no Polo Sanit\u00e1rio Washington Luiz, no Z\u00e9 Garoto, das 8h \u00e0s 12h. O polo abre, exclusivamente, para a aplica\u00e7\u00e3o desta vacina. Em casos de acidentes graves que necessitam de atendimento de urg\u00eancia ou emerg\u00eancia, fora do hor\u00e1rio de atendimento no polo sanit\u00e1rio, o paciente pode procurar o PSC para avalia\u00e7\u00e3o, que funciona 24 horas todos os dias. Todas as outras unidades de sa\u00fade estar\u00e3o fechadas.<\/p>\n\n\n\n<p>O Restaurante do Povo, em Alc\u00e2ntara, estar\u00e1 fechado nesta segunda-feira (7). O Parque RJ Nosso Sonho, no Boa Vista, tamb\u00e9m fechar\u00e1 no feriado para manuten\u00e7\u00e3o de rotina. Os dois equipamentos funcionam normalmente a partir da pr\u00f3xima ter\u00e7a-feira (8).&nbsp;<\/p>\n\n\n\n<p><em>Foto: Luiz Carvalho<\/em><\/p>\n\n\n\n<p><strong>Sigam:&nbsp;<\/strong><a href=\"https:\/\/www.instagram.com\/sgvaimudar\/\"><strong>@sgvaimudar<\/strong><\/a><a href=\"https:\/\/www.instagram.com\/sgvaimudar2\/\"><strong>@sgvaimudar2<\/strong><\/a><strong><em><\/em><\/strong><\/p>\n\n\n\n<p><strong><em>Passe sua informa\u00e7\u00e3o pelo nosso WhatsApp: (21) <\/em><\/strong><strong><em>99744 5345<\/em><\/strong><strong><em><\/em><\/strong><\/p>\n\n\n\n<p><strong><em>S\u00e3o Gon\u00e7alo Vai Mudar: Not\u00edcias de S\u00e3o Gon\u00e7alo e toda regi\u00e3o.<\/em><\/strong><\/p>\n\n\n\n<figure class=\"wp-block-video\"><video height=\"1280\" style=\"aspect-ratio: 720 \/ 1280;\" width=\"720\" controls src=\"https:\/\/sgvaimudar.com.br\/wp-content\/uploads\/2026\/07\/institucional.SGVM_.EQUIPE.mp4\"><\/video><\/figure>\n","protected":false},"excerpt":{"rendered":"<p>Parque RJ Nosso Sonho estar\u00e1 fechado na segunda-feira para manuten\u00e7\u00e3o; os servi\u00e7os de urg\u00eancia e emerg\u00eancia v\u00e3o funcionar normalmente O&hellip;<\/p>\n","protected":false},"author":5,"featured_media":46609,"comment_status":"closed","ping_status":"open","sticky":false,"template":"","format":"standard","meta":{"fifu_image_url":"https:\/\/sgvaimudar.com.br\/wp-content\/uploads\/2026\/09\/unnamed-6-1.jpg","fifu_image_alt":"","footnotes":""},"categories":[7],"tags":[1111,111,47,75,51],"class_list":["post-46606","post","type-post","status-publish","format-standard","has-post-thumbnail","hentry","category-saude","tag-feriado","tag-prefeitura","tag-rj","tag-sao-goncalo","tag-saude"],"_links":{"self":[{"href":"https:\/\/sgvaimudar.com.br\/index.php\/wp-json\/wp\/v2\/posts\/46606","targetHints":{"allow":["GET"]}}],"collection":[{"href":"https:\/\/sgvaimudar.com.br\/index.php\/wp-json\/wp\/v2\/posts"}],"about":[{"href":"https:\/\/sgvaimudar.com.br\/index.php\/wp-json\/wp\/v2\/types\/post"}],"author":[{"embeddable":true,"href":"https:\/\/sgvaimudar.com.br\/index.php\/wp-json\/wp\/v2\/users\/5"}],"replies":[{"embeddable":true,"href":"https:\/\/sgvaimudar.com.br\/index.php\/wp-json\/wp\/v2\/comments?post=46606"}],"version-history":[{"count":1,"href":"https:\/\/sgvaimudar.com.br\/index.php\/wp-json\/wp\/v2\/posts\/46606\/revisions"}],"predecessor-version":[{"id":46608,"href":"https:\/\/sgvaimudar.com.br\/index.php\/wp-json\/wp\/v2\/posts\/46606\/revisions\/46608"}],"wp:featuredmedia":[{"embeddable":true,"href":"https:\/\/sgvaimudar.com.br\/index.php\/wp-json\/wp\/v2\/media\/46609"}],"wp:attachment":[{"href":"https:\/\/sgvaimudar.com.br\/index.php\/wp-json\/wp\/v2\/media?parent=46606"}],"wp:term":[{"taxonomy":"category","embeddable":true,"href":"https:\/\/sgvaimudar.com.br\/index.php\/wp-json\/wp\/v2\/categories?post=46606"},{"taxonomy":"post_tag","embeddable":true,"href":"https:\/\/sgvaimudar.com.br\/index.php\/wp-json\/wp\/v2\/tags?post=46606"}],"curies":[{"name":"wp","href":"https:\/\/api.w.org\/{rel}","templated":true}]}}