{"id":46597,"date":"2026-09-04T17:00:00","date_gmt":"2026-09-04T20:00:00","guid":{"rendered":"https:\/\/sgvaimudar.com.br\/?p=46597"},"modified":"2026-09-04T10:26:28","modified_gmt":"2026-09-04T13:26:28","slug":"porto-velho-e-porto-do-rosa-recebem-caravana-de-arte-e-lazer-em-sao-goncalo","status":"publish","type":"post","link":"https:\/\/sgvaimudar.com.br\/index.php\/2026\/09\/04\/porto-velho-e-porto-do-rosa-recebem-caravana-de-arte-e-lazer-em-sao-goncalo\/","title":{"rendered":"Porto Velho e Porto do Rosa recebem Caravana de Arte e Lazer, em S\u00e3o Gon\u00e7alo"},"content":{"rendered":"\n<p><em>A\u00e7\u00e3o da Faelsg leva recrea\u00e7\u00e3o para crian\u00e7as neste fim de semana<\/em><\/p>\n\n\n\n<p>O primeiro fim de semana de setembro ser\u00e1 de muita divers\u00e3o para a crian\u00e7ada de S\u00e3o Gon\u00e7alo. No s\u00e1bado (5), a Caravana de Arte e Lazer vai animar o bairro Porto Velho; no domingo (6), a a\u00e7\u00e3o chega ao Porto do Rosa. Nos dois locais, o evento ocorre das 9h \u00e0s 13h.<\/p>\n\n\n\n<p>A caravana \u00e9 um projeto da Funda\u00e7\u00e3o de Artes, Esporte e Lazer de S\u00e3o Gon\u00e7alo (Faelsg) que garante momentos de lazer, alegria, pr\u00e1ticas esportivas e intera\u00e7\u00e3o social para milhares de crian\u00e7as da cidade.<\/p>\n\n\n\n<p>Durante a a\u00e7\u00e3o, os pequenos ter\u00e3o acesso gratuito a cama el\u00e1stica, escorrega infl\u00e1vel, jogos e guerra de canudos. Al\u00e9m disso, os recreadores promovem brincadeiras e oficinas, ao som de muita m\u00fasica infantil.<\/p>\n\n\n\n<p>O evento tamb\u00e9m disponibiliza barraquinhas de lanches para todas as crian\u00e7as e seus familiares.<\/p>\n\n\n\n<p><strong>Servi\u00e7o:<\/strong><\/p>\n\n\n\n<p>S\u00e1bado (5) &#8211; Travessa Tancredo Ribeiro &#8211; Porto Velho, das 9h \u00e0s 13h<\/p>\n\n\n\n<p>Domingo (6) &#8211; Rua Manoel Ferreira Leal &#8211; Porto do Rosa, das 9h \u00e0s 13h<\/p>\n\n\n\n<p><em>Foto: Fabio Guimar\u00e3es\/Arquivo<\/em><\/p>\n\n\n\n<p><strong>Sigam:&nbsp;<\/strong><a href=\"https:\/\/www.instagram.com\/sgvaimudar\/\"><strong>@sgvaimudar<\/strong><\/a><a href=\"https:\/\/www.instagram.com\/sgvaimudar2\/\"><strong>@sgvaimudar2<\/strong><\/a><strong><em><\/em><\/strong><\/p>\n\n\n\n<p><strong><em>Passe sua informa\u00e7\u00e3o pelo nosso WhatsApp: (21) <\/em><\/strong><strong><em>99744 5345<\/em><\/strong><strong><em><\/em><\/strong><\/p>\n\n\n\n<p><strong><em>S\u00e3o Gon\u00e7alo Vai Mudar: Not\u00edcias de S\u00e3o Gon\u00e7alo e toda regi\u00e3o.<\/em><\/strong><\/p>\n\n\n\n<figure class=\"wp-block-image size-large is-resized\"><img fetchpriority=\"high\" decoding=\"async\" width=\"577\" height=\"1024\" src=\"https:\/\/sgvaimudar.com.br\/wp-content\/uploads\/2026\/01\/vceoreporter.SGVM_-577x1024.jpg\" alt=\"\" class=\"wp-image-36417\" style=\"width:704px;height:auto\" srcset=\"https:\/\/sgvaimudar.com.br\/wp-content\/uploads\/2026\/01\/vceoreporter.SGVM_-577x1024.jpg 577w, https:\/\/sgvaimudar.com.br\/wp-content\/uploads\/2026\/01\/vceoreporter.SGVM_-169x300.jpg 169w, https:\/\/sgvaimudar.com.br\/wp-content\/uploads\/2026\/01\/vceoreporter.SGVM_.jpg 640w\" sizes=\"(max-width: 577px) 100vw, 577px\" \/><\/figure>\n","protected":false},"excerpt":{"rendered":"<p>A\u00e7\u00e3o da Faelsg leva recrea\u00e7\u00e3o para crian\u00e7as neste fim de semana O primeiro fim de semana de setembro ser\u00e1 de&hellip;<\/p>\n","protected":false},"author":5,"featured_media":46600,"comment_status":"closed","ping_status":"open","sticky":false,"template":"","format":"standard","meta":{"fifu_image_url":"https:\/\/sgvaimudar.com.br\/wp-content\/uploads\/2026\/09\/unnamed-4-1.jpg","fifu_image_alt":"","footnotes":""},"categories":[6],"tags":[160,551,101,47,75],"class_list":["post-46597","post","type-post","status-publish","format-standard","has-post-thumbnail","hentry","category-entretenimento","tag-caravana","tag-diversao","tag-faelsg","tag-rj","tag-sao-goncalo"],"_links":{"self":[{"href":"https:\/\/sgvaimudar.com.br\/index.php\/wp-json\/wp\/v2\/posts\/46597","targetHints":{"allow":["GET"]}}],"collection":[{"href":"https:\/\/sgvaimudar.com.br\/index.php\/wp-json\/wp\/v2\/posts"}],"about":[{"href":"https:\/\/sgvaimudar.com.br\/index.php\/wp-json\/wp\/v2\/types\/post"}],"author":[{"embeddable":true,"href":"https:\/\/sgvaimudar.com.br\/index.php\/wp-json\/wp\/v2\/users\/5"}],"replies":[{"embeddable":true,"href":"https:\/\/sgvaimudar.com.br\/index.php\/wp-json\/wp\/v2\/comments?post=46597"}],"version-history":[{"count":1,"href":"https:\/\/sgvaimudar.com.br\/index.php\/wp-json\/wp\/v2\/posts\/46597\/revisions"}],"predecessor-version":[{"id":46599,"href":"https:\/\/sgvaimudar.com.br\/index.php\/wp-json\/wp\/v2\/posts\/46597\/revisions\/46599"}],"wp:featuredmedia":[{"embeddable":true,"href":"https:\/\/sgvaimudar.com.br\/index.php\/wp-json\/wp\/v2\/media\/46600"}],"wp:attachment":[{"href":"https:\/\/sgvaimudar.com.br\/index.php\/wp-json\/wp\/v2\/media?parent=46597"}],"wp:term":[{"taxonomy":"category","embeddable":true,"href":"https:\/\/sgvaimudar.com.br\/index.php\/wp-json\/wp\/v2\/categories?post=46597"},{"taxonomy":"post_tag","embeddable":true,"href":"https:\/\/sgvaimudar.com.br\/index.php\/wp-json\/wp\/v2\/tags?post=46597"}],"curies":[{"name":"wp","href":"https:\/\/api.w.org\/{rel}","templated":true}]}}