{"id":46592,"date":"2026-09-04T15:00:00","date_gmt":"2026-09-04T18:00:00","guid":{"rendered":"https:\/\/sgvaimudar.com.br\/?p=46592"},"modified":"2026-09-04T09:42:25","modified_gmt":"2026-09-04T12:42:25","slug":"prefeitura-de-sao-goncalo-promove-capacitacao-e-reforca-compromisso-com-a-inclusao-no-esporte","status":"publish","type":"post","link":"https:\/\/sgvaimudar.com.br\/index.php\/2026\/09\/04\/prefeitura-de-sao-goncalo-promove-capacitacao-e-reforca-compromisso-com-a-inclusao-no-esporte\/","title":{"rendered":"Prefeitura de S\u00e3o Gon\u00e7alo promove capacita\u00e7\u00e3o e refor\u00e7a compromisso com a inclus\u00e3o no esporte"},"content":{"rendered":"\n<p><em>Governo do Estado, em parceria com a Prefeitura, orienta profissionais nesta quinta-feira<\/em><\/p>\n\n\n\n<p>Profissionais e estudantes da \u00e1rea esportiva participaram, nesta quinta-feira (3), de uma capacita\u00e7\u00e3o gratuita em T\u00e9cnicas de Desporto Adaptado, promovida pela Secretaria de Esporte e Lazer da Prefeitura de S\u00e3o Gon\u00e7alo, em parceria com o Governo do Estado. A atividade foi realizada na sede da secretaria, no Clube Embaixadores, no Camar\u00e3o.<\/p>\n\n\n\n<p>O curso faz parte do programa Capacidades, da Secretaria de Estado da Mulher e de Pol\u00edticas Inclusivas, atrav\u00e9s da Superintend\u00eancia de Paradesporto e Projetos Inclusivos. A iniciativa tem o intuito de incluir pessoas com defici\u00eancia nas aulas regulares de educa\u00e7\u00e3o f\u00edsica, fomentar o esporte adaptado, possibilitar a cria\u00e7\u00e3o de equipes de alto rendimento e capacitar os profissionais locais para o melhor atendimento da popula\u00e7\u00e3o com defici\u00eancia.<\/p>\n\n\n\n<p>\u201c\u00c9 de suma import\u00e2ncia que os educadores f\u00edsicos, professores dos nossos projetos e estudantes da \u00e1rea saibam como promover o esporte adaptado para pessoas com defici\u00eancia. Ficamos muito felizes em contar com essa parceria aqui no munic\u00edpio e esperamos que os participantes saiam do curso como multiplicadores de propostas inclusivas no esporte\u201d, destacou o secret\u00e1rio de Esporte e Lazer, Diego Andrade.<\/p>\n\n\n\n<p>Durante a capacita\u00e7\u00e3o, os educadores f\u00edsicos Alexandre Medeiros e Marco Aur\u00e9lio abordaram sobre os desafios e preconceitos enfrentados pelas pessoas com defici\u00eancia, a compreens\u00e3o t\u00e9cnica sobre diferentes defici\u00eancias, e as metodologias para o desenvolvimento de atividades esportivas voltadas a esse p\u00fablico.<\/p>\n\n\n\n<p>\u201cComo gestor e pessoa com defici\u00eancia, sei que o Capacidades quebra barreiras hist\u00f3ricas em S\u00e3o Gon\u00e7alo. Estar \u00e0 frente deste programa \u00e9 garantir que a qualifica\u00e7\u00e3o seja uma ferramenta real de autonomia, pertencimento e inclus\u00e3o. Nosso objetivo \u00e9 dar ao cidad\u00e3o gon\u00e7alense a estrutura e a dignidade para ocupar o seu espa\u00e7o no mercado por m\u00e9rito pr\u00f3prio\u201d, afirmou o superintendente de Paradesporto e Projetos Inclusivos do Governo do Estado, Marcos Santos.<\/p>\n\n\n\n<p><em>Foto: Luiz Carvalho<\/em><\/p>\n\n\n\n<p><strong>Sigam:&nbsp;<\/strong><a href=\"https:\/\/www.instagram.com\/sgvaimudar\/\"><strong>@sgvaimudar<\/strong><\/a><a href=\"https:\/\/www.instagram.com\/sgvaimudar2\/\"><strong>@sgvaimudar2<\/strong><\/a><strong><em><\/em><\/strong><\/p>\n\n\n\n<p><strong><em>Passe sua informa\u00e7\u00e3o pelo nosso WhatsApp: (21) <\/em><\/strong><strong><em>99744 5345<\/em><\/strong><strong><em><\/em><\/strong><\/p>\n\n\n\n<p><strong><em>S\u00e3o Gon\u00e7alo Vai Mudar: Not\u00edcias de S\u00e3o Gon\u00e7alo e toda regi\u00e3o.<\/em><\/strong><\/p>\n\n\n\n<figure class=\"wp-block-image size-large is-resized\"><img fetchpriority=\"high\" decoding=\"async\" width=\"577\" height=\"1024\" src=\"https:\/\/sgvaimudar.com.br\/wp-content\/uploads\/2026\/01\/vceoreporter.SGVM_-577x1024.jpg\" alt=\"\" class=\"wp-image-36417\" style=\"width:711px;height:auto\" srcset=\"https:\/\/sgvaimudar.com.br\/wp-content\/uploads\/2026\/01\/vceoreporter.SGVM_-577x1024.jpg 577w, https:\/\/sgvaimudar.com.br\/wp-content\/uploads\/2026\/01\/vceoreporter.SGVM_-169x300.jpg 169w, https:\/\/sgvaimudar.com.br\/wp-content\/uploads\/2026\/01\/vceoreporter.SGVM_.jpg 640w\" sizes=\"(max-width: 577px) 100vw, 577px\" \/><\/figure>\n","protected":false},"excerpt":{"rendered":"<p>Governo do Estado, em parceria com a Prefeitura, orienta profissionais nesta quinta-feira Profissionais e estudantes da \u00e1rea esportiva participaram, nesta&hellip;<\/p>\n","protected":false},"author":5,"featured_media":46595,"comment_status":"closed","ping_status":"open","sticky":false,"template":"","format":"standard","meta":{"fifu_image_url":"https:\/\/sgvaimudar.com.br\/wp-content\/uploads\/2026\/09\/unnamed-3-1.jpg","fifu_image_alt":"","footnotes":""},"categories":[5],"tags":[2761,314,111,47,75],"class_list":["post-46592","post","type-post","status-publish","format-standard","has-post-thumbnail","hentry","category-esportes","tag-deficientes","tag-esportes","tag-prefeitura","tag-rj","tag-sao-goncalo"],"_links":{"self":[{"href":"https:\/\/sgvaimudar.com.br\/index.php\/wp-json\/wp\/v2\/posts\/46592","targetHints":{"allow":["GET"]}}],"collection":[{"href":"https:\/\/sgvaimudar.com.br\/index.php\/wp-json\/wp\/v2\/posts"}],"about":[{"href":"https:\/\/sgvaimudar.com.br\/index.php\/wp-json\/wp\/v2\/types\/post"}],"author":[{"embeddable":true,"href":"https:\/\/sgvaimudar.com.br\/index.php\/wp-json\/wp\/v2\/users\/5"}],"replies":[{"embeddable":true,"href":"https:\/\/sgvaimudar.com.br\/index.php\/wp-json\/wp\/v2\/comments?post=46592"}],"version-history":[{"count":1,"href":"https:\/\/sgvaimudar.com.br\/index.php\/wp-json\/wp\/v2\/posts\/46592\/revisions"}],"predecessor-version":[{"id":46594,"href":"https:\/\/sgvaimudar.com.br\/index.php\/wp-json\/wp\/v2\/posts\/46592\/revisions\/46594"}],"wp:featuredmedia":[{"embeddable":true,"href":"https:\/\/sgvaimudar.com.br\/index.php\/wp-json\/wp\/v2\/media\/46595"}],"wp:attachment":[{"href":"https:\/\/sgvaimudar.com.br\/index.php\/wp-json\/wp\/v2\/media?parent=46592"}],"wp:term":[{"taxonomy":"category","embeddable":true,"href":"https:\/\/sgvaimudar.com.br\/index.php\/wp-json\/wp\/v2\/categories?post=46592"},{"taxonomy":"post_tag","embeddable":true,"href":"https:\/\/sgvaimudar.com.br\/index.php\/wp-json\/wp\/v2\/tags?post=46592"}],"curies":[{"name":"wp","href":"https:\/\/api.w.org\/{rel}","templated":true}]}}