{"id":46586,"date":"2026-09-04T13:00:00","date_gmt":"2026-09-04T16:00:00","guid":{"rendered":"https:\/\/sgvaimudar.com.br\/?p=46586"},"modified":"2026-09-04T09:31:22","modified_gmt":"2026-09-04T12:31:22","slug":"alunos-da-rede-municipal-participam-de-acao-de-inclusao-no-parque-rj-nosso-sonho","status":"publish","type":"post","link":"https:\/\/sgvaimudar.com.br\/index.php\/2026\/09\/04\/alunos-da-rede-municipal-participam-de-acao-de-inclusao-no-parque-rj-nosso-sonho\/","title":{"rendered":"Alunos da rede municipal participam de a\u00e7\u00e3o de inclus\u00e3o no Parque RJ Nosso Sonho"},"content":{"rendered":"\n<p><em>Jornada Setembro Verde re\u00fane estudantes e profissionais da Educa\u00e7\u00e3o<\/em><\/p>\n\n\n\n<p>Alunos com defici\u00eancia da rede municipal de S\u00e3o Gon\u00e7alo participaram, nesta quinta-feira (3), da Jornada Setembro Verde \u2013 \u201cTecendo Sonhos, Cultivando Possibilidades: uma Jornada pela Inclus\u00e3o\u201d, realizada no Parque RJ Nosso Sonho. <\/p>\n\n\n\n<p>Promovido pela Secretaria de Educa\u00e7\u00e3o, por meio da Subsecretaria de A\u00e7\u00f5es Pedag\u00f3gicas, o evento tamb\u00e9m reuniu professores da rede e contou com atividades de lazer e inclus\u00e3o. A programa\u00e7\u00e3o teve a Caravana de Arte e Lazer, que garantiu divers\u00e3o para as crian\u00e7as, al\u00e9m de a\u00e7\u00f5es do Programa Sa\u00fade na Escola (PSE).<\/p>\n\n\n\n<figure class=\"wp-block-image size-large\"><img fetchpriority=\"high\" decoding=\"async\" width=\"1024\" height=\"683\" src=\"https:\/\/sgvaimudar.com.br\/wp-content\/uploads\/2026\/09\/unnamed-2-2-1024x683.jpg\" alt=\"\" class=\"wp-image-46588\" srcset=\"https:\/\/sgvaimudar.com.br\/wp-content\/uploads\/2026\/09\/unnamed-2-2-1024x683.jpg 1024w, https:\/\/sgvaimudar.com.br\/wp-content\/uploads\/2026\/09\/unnamed-2-2-300x200.jpg 300w, https:\/\/sgvaimudar.com.br\/wp-content\/uploads\/2026\/09\/unnamed-2-2-768x512.jpg 768w, https:\/\/sgvaimudar.com.br\/wp-content\/uploads\/2026\/09\/unnamed-2-2-1536x1024.jpg 1536w, https:\/\/sgvaimudar.com.br\/wp-content\/uploads\/2026\/09\/unnamed-2-2-2048x1365.jpg 2048w\" sizes=\"(max-width: 1024px) 100vw, 1024px\" \/><\/figure>\n\n\n\n<p>O evento trouxe atividades para os estudantes p\u00fablico-alvo da Educa\u00e7\u00e3o Especial e seus respons\u00e1veis, organizadas em dois turnos, al\u00e9m de forma\u00e7\u00e3o para os profissionais da Educa\u00e7\u00e3o Especial Inclusiva, trazendo os espa\u00e7os do parque para promover um encontro de acolhimento, cuidado, conviv\u00eancia e fortalecimento para os estudantes.<\/p>\n\n\n\n<p>\u201cHoje o roteiro \u00e9 chegar aqui e se apropriar do territ\u00f3rio, que \u00e9 inclusivo, para todos. A gente trouxe os alunos e os profissionais para mostrar que a Educa\u00e7\u00e3o vai al\u00e9m dos muros da escola, a gente pode usar outros espa\u00e7os como territ\u00f3rios educativos. Muitas vezes, os alunos at\u00edpicos n\u00e3o t\u00eam consci\u00eancia do direito que eles t\u00eam a esse espa\u00e7o, ent\u00e3o viemos aqui para que eles usufruam\u201d, disse a coordenadora da Educa\u00e7\u00e3o Especial Inclusiva, Tatiana F\u00e9lix.<\/p>\n\n\n\n<p>A m\u00e3e do aluno Wagner, de 12 anos, Sidneia Corr\u00eaa, aprovou a iniciativa. Ela entende a necessidade de trazer os alunos para outros espa\u00e7os. \u201c\u00c9 importante ter um dia assim t\u00e3o divertido, j\u00e1 que a nossa jornada \u00e9 t\u00e3o puxada, esse tempo \u00e9 precioso para ele e para mim tamb\u00e9m. Dias como esse s\u00e3o uma forma de terapia, onde eles conseguem extravasar, gastar a energia, ent\u00e3o estamos adorando\u201d.<\/p>\n\n\n\n<p><em>Fotos: Jonnathan Smith<\/em><\/p>\n\n\n\n<p><strong>Sigam:&nbsp;<\/strong><a href=\"https:\/\/www.instagram.com\/sgvaimudar\/\"><strong>@sgvaimudar<\/strong><\/a><a href=\"https:\/\/www.instagram.com\/sgvaimudar2\/\"><strong>@sgvaimudar2<\/strong><\/a><strong><em><\/em><\/strong><\/p>\n\n\n\n<p><strong><em>Passe sua informa\u00e7\u00e3o pelo nosso WhatsApp: (21) <\/em><\/strong><strong><em>99744 5345<\/em><\/strong><strong><em><\/em><\/strong><\/p>\n\n\n\n<p><strong><em>S\u00e3o Gon\u00e7alo Vai Mudar: Not\u00edcias de S\u00e3o Gon\u00e7alo e toda regi\u00e3o.<\/em><\/strong><\/p>\n\n\n\n<figure class=\"wp-block-video\"><video height=\"1280\" style=\"aspect-ratio: 720 \/ 1280;\" width=\"720\" controls src=\"https:\/\/sgvaimudar.com.br\/wp-content\/uploads\/2026\/07\/LOGOSGVMPARAFECHAMENTO.mp4\"><\/video><\/figure>\n","protected":false},"excerpt":{"rendered":"<p>Jornada Setembro Verde re\u00fane estudantes e profissionais da Educa\u00e7\u00e3o Alunos com defici\u00eancia da rede municipal de S\u00e3o Gon\u00e7alo participaram, nesta&hellip;<\/p>\n","protected":false},"author":5,"featured_media":46590,"comment_status":"closed","ping_status":"open","sticky":false,"template":"","format":"standard","meta":{"fifu_image_url":"https:\/\/sgvaimudar.com.br\/wp-content\/uploads\/2026\/09\/unnamed-1-3-scaled.jpg","fifu_image_alt":"","footnotes":""},"categories":[3],"tags":[278,547,1487,1072,47,75,1488],"class_list":["post-46586","post","type-post","status-publish","format-standard","has-post-thumbnail","hentry","category-sao-goncalo","tag-alunos","tag-inclusao","tag-nosso","tag-parque","tag-rj","tag-sao-goncalo","tag-sonho"],"_links":{"self":[{"href":"https:\/\/sgvaimudar.com.br\/index.php\/wp-json\/wp\/v2\/posts\/46586","targetHints":{"allow":["GET"]}}],"collection":[{"href":"https:\/\/sgvaimudar.com.br\/index.php\/wp-json\/wp\/v2\/posts"}],"about":[{"href":"https:\/\/sgvaimudar.com.br\/index.php\/wp-json\/wp\/v2\/types\/post"}],"author":[{"embeddable":true,"href":"https:\/\/sgvaimudar.com.br\/index.php\/wp-json\/wp\/v2\/users\/5"}],"replies":[{"embeddable":true,"href":"https:\/\/sgvaimudar.com.br\/index.php\/wp-json\/wp\/v2\/comments?post=46586"}],"version-history":[{"count":1,"href":"https:\/\/sgvaimudar.com.br\/index.php\/wp-json\/wp\/v2\/posts\/46586\/revisions"}],"predecessor-version":[{"id":46589,"href":"https:\/\/sgvaimudar.com.br\/index.php\/wp-json\/wp\/v2\/posts\/46586\/revisions\/46589"}],"wp:featuredmedia":[{"embeddable":true,"href":"https:\/\/sgvaimudar.com.br\/index.php\/wp-json\/wp\/v2\/media\/46590"}],"wp:attachment":[{"href":"https:\/\/sgvaimudar.com.br\/index.php\/wp-json\/wp\/v2\/media?parent=46586"}],"wp:term":[{"taxonomy":"category","embeddable":true,"href":"https:\/\/sgvaimudar.com.br\/index.php\/wp-json\/wp\/v2\/categories?post=46586"},{"taxonomy":"post_tag","embeddable":true,"href":"https:\/\/sgvaimudar.com.br\/index.php\/wp-json\/wp\/v2\/tags?post=46586"}],"curies":[{"name":"wp","href":"https:\/\/api.w.org\/{rel}","templated":true}]}}