{"id":46582,"date":"2026-09-04T11:00:00","date_gmt":"2026-09-04T14:00:00","guid":{"rendered":"https:\/\/sgvaimudar.com.br\/?p=46582"},"modified":"2026-09-04T09:24:43","modified_gmt":"2026-09-04T12:24:43","slug":"prefeitura-oferece-mais-uma-oportunidade-de-profissionalizacao-gratuita","status":"publish","type":"post","link":"https:\/\/sgvaimudar.com.br\/index.php\/2026\/09\/04\/prefeitura-oferece-mais-uma-oportunidade-de-profissionalizacao-gratuita\/","title":{"rendered":"Prefeitura oferece mais uma oportunidade de profissionaliza\u00e7\u00e3o gratuita"},"content":{"rendered":"\n<p><em>Curso de mec\u00e2nico de manuten\u00e7\u00e3o de equipamentos hidropneum\u00e1ticos est\u00e1 com inscri\u00e7\u00f5es abertas<\/em><\/p>\n\n\n\n<p>A Secretaria de Desenvolvimento Econ\u00f4mico da Prefeitura de S\u00e3o Gon\u00e7alo, em parceria com o Firjan\/Senai, est\u00e1 com inscri\u00e7\u00f5es abertas para 50 vagas (com 25 vagas para cada turma) do curso profissionalizante gratuito de mec\u00e2nico de manuten\u00e7\u00e3o de equipamentos hidropneum\u00e1ticos. As inscri\u00e7\u00f5es ir\u00e3o at\u00e9 \u00e0s 12h do pr\u00f3ximo s\u00e1bado, dia 5 de setembro, e as aulas ter\u00e3o in\u00edcio no dia 8 do mesmo m\u00eas.<\/p>\n\n\n\n<p>O curso ir\u00e1 ensinar os alunos a realizarem a manuten\u00e7\u00e3o de equipamentos hidropneum\u00e1ticos, atrav\u00e9s da identifica\u00e7\u00e3o de problemas de funcionamento e da aplica\u00e7\u00e3o das t\u00e9cnicas de corre\u00e7\u00e3o, dentro dos padr\u00f5es t\u00e9cnicos, de seguran\u00e7a, de qualidade e de preserva\u00e7\u00e3o ambiental estabelecidos.<\/p>\n\n\n\n<figure class=\"wp-block-image size-large\"><img fetchpriority=\"high\" decoding=\"async\" width=\"819\" height=\"1024\" src=\"https:\/\/sgvaimudar.com.br\/wp-content\/uploads\/2026\/09\/unnamed-12-819x1024.jpg\" alt=\"\" class=\"wp-image-46583\" srcset=\"https:\/\/sgvaimudar.com.br\/wp-content\/uploads\/2026\/09\/unnamed-12-819x1024.jpg 819w, https:\/\/sgvaimudar.com.br\/wp-content\/uploads\/2026\/09\/unnamed-12-240x300.jpg 240w, https:\/\/sgvaimudar.com.br\/wp-content\/uploads\/2026\/09\/unnamed-12-768x960.jpg 768w, https:\/\/sgvaimudar.com.br\/wp-content\/uploads\/2026\/09\/unnamed-12.jpg 1080w\" sizes=\"(max-width: 819px) 100vw, 819px\" \/><\/figure>\n\n\n\n<p>Ao todo, ser\u00e3o abertas duas turmas: das 13h \u00e0s 17h e das 18h \u00e0s 22h, de segunda a sexta-feira, com aulas ministradas na sede do Senai, localizada na&nbsp;<a href=\"https:\/\/www.google.com\/maps\/search\/Rua+Doutor+Nilo+Pe%C3%A7anha,+n%C3%BAmero+134?entry=gmail&amp;source=g\">Rua Doutor Nilo Pe\u00e7anha, n\u00famero 134<\/a>.<\/p>\n\n\n\n<p>Para se inscrever, \u00e9 necess\u00e1rio ir at\u00e9 a sede do Firjan e apresentar o RG, CPF, comprovante de resid\u00eancia, comprovante de escolaridade e preencher a caixa de baixa renda. O candidato deve ter, pelo menos, 18 anos e ter conclu\u00eddo o ensino fundamental.<\/p>\n\n\n\n<p>As inscri\u00e7\u00f5es ser\u00e3o realizadas por ordem de chegada. Ap\u00f3s o preenchimento das vagas, ser\u00e3o encerradas automaticamente. As vagas ser\u00e3o destinadas prioritariamente a moradores do munic\u00edpio de S\u00e3o Gon\u00e7alo, podendo ser preenchidas por candidatos de outros munic\u00edpios em caso de vagas remanescentes.<\/p>\n\n\n\n<p><strong>Sigam:&nbsp;<\/strong><a href=\"https:\/\/www.instagram.com\/sgvaimudar\/\"><strong>@sgvaimudar<\/strong><\/a><a href=\"https:\/\/www.instagram.com\/sgvaimudar2\/\"><strong>@sgvaimudar2<\/strong><\/a><strong><em><\/em><\/strong><\/p>\n\n\n\n<p><strong><em>Passe sua informa\u00e7\u00e3o pelo nosso WhatsApp: (21) <\/em><\/strong><strong><em>99744 5345<\/em><\/strong><strong><em><\/em><\/strong><\/p>\n\n\n\n<p><strong><em>S\u00e3o Gon\u00e7alo Vai Mudar: Not\u00edcias de S\u00e3o Gon\u00e7alo e toda regi\u00e3o.<\/em><\/strong><\/p>\n\n\n\n<figure class=\"wp-block-video\"><video height=\"1280\" style=\"aspect-ratio: 720 \/ 1280;\" width=\"720\" controls src=\"https:\/\/sgvaimudar.com.br\/wp-content\/uploads\/2026\/01\/NoticiaUrgete.logoSGVM.mp4\"><\/video><\/figure>\n","protected":false},"excerpt":{"rendered":"<p>Curso de mec\u00e2nico de manuten\u00e7\u00e3o de equipamentos hidropneum\u00e1ticos est\u00e1 com inscri\u00e7\u00f5es abertas A Secretaria de Desenvolvimento Econ\u00f4mico da Prefeitura de&hellip;<\/p>\n","protected":false},"author":5,"featured_media":46585,"comment_status":"closed","ping_status":"open","sticky":false,"template":"","format":"standard","meta":{"fifu_image_url":"https:\/\/sgvaimudar.com.br\/wp-content\/uploads\/2024\/05\/FIRJAN-Fachada-28-09-2023-Fotos-Julio-Diniz-5.jpg","fifu_image_alt":"","footnotes":""},"categories":[3],"tags":[222,595,427,47,75],"class_list":["post-46582","post","type-post","status-publish","format-standard","has-post-thumbnail","hentry","category-sao-goncalo","tag-curso","tag-gratis-2","tag-oportunidade","tag-rj","tag-sao-goncalo"],"_links":{"self":[{"href":"https:\/\/sgvaimudar.com.br\/index.php\/wp-json\/wp\/v2\/posts\/46582","targetHints":{"allow":["GET"]}}],"collection":[{"href":"https:\/\/sgvaimudar.com.br\/index.php\/wp-json\/wp\/v2\/posts"}],"about":[{"href":"https:\/\/sgvaimudar.com.br\/index.php\/wp-json\/wp\/v2\/types\/post"}],"author":[{"embeddable":true,"href":"https:\/\/sgvaimudar.com.br\/index.php\/wp-json\/wp\/v2\/users\/5"}],"replies":[{"embeddable":true,"href":"https:\/\/sgvaimudar.com.br\/index.php\/wp-json\/wp\/v2\/comments?post=46582"}],"version-history":[{"count":1,"href":"https:\/\/sgvaimudar.com.br\/index.php\/wp-json\/wp\/v2\/posts\/46582\/revisions"}],"predecessor-version":[{"id":46584,"href":"https:\/\/sgvaimudar.com.br\/index.php\/wp-json\/wp\/v2\/posts\/46582\/revisions\/46584"}],"wp:featuredmedia":[{"embeddable":true,"href":"https:\/\/sgvaimudar.com.br\/index.php\/wp-json\/wp\/v2\/media\/46585"}],"wp:attachment":[{"href":"https:\/\/sgvaimudar.com.br\/index.php\/wp-json\/wp\/v2\/media?parent=46582"}],"wp:term":[{"taxonomy":"category","embeddable":true,"href":"https:\/\/sgvaimudar.com.br\/index.php\/wp-json\/wp\/v2\/categories?post=46582"},{"taxonomy":"post_tag","embeddable":true,"href":"https:\/\/sgvaimudar.com.br\/index.php\/wp-json\/wp\/v2\/tags?post=46582"}],"curies":[{"name":"wp","href":"https:\/\/api.w.org\/{rel}","templated":true}]}}