{"id":46571,"date":"2026-09-04T08:49:23","date_gmt":"2026-09-04T11:49:23","guid":{"rendered":"https:\/\/sgvaimudar.com.br\/?p=46571"},"modified":"2026-09-04T08:49:23","modified_gmt":"2026-09-04T11:49:23","slug":"ponte-rio-niteroi-deve-receber-860-mil-veiculos-durante-feriado-da-independencia","status":"publish","type":"post","link":"https:\/\/sgvaimudar.com.br\/index.php\/2026\/09\/04\/ponte-rio-niteroi-deve-receber-860-mil-veiculos-durante-feriado-da-independencia\/","title":{"rendered":"Ponte Rio-Niter\u00f3i deve receber 860 mil ve\u00edculos durante feriado da Independ\u00eancia"},"content":{"rendered":"\n<p><em>A opera\u00e7\u00e3o especial de tr\u00e1fego vai seguir at\u00e9 ter\u00e7a-feira (8)<\/em><\/p>\n\n\n\n<p>A concession\u00e1ria Ecovias Ponte estima que cerca de 860 mil ve\u00edculos atravessem a Ponte Rio-Niter\u00f3i durante o feriado prolongado da Independ\u00eancia do Brasil. A opera\u00e7\u00e3o especial de tr\u00e1fego teve in\u00edcio nesta quinta-feira (3) e vai seguir at\u00e9 ter\u00e7a-feira (8), com previs\u00e3o de movimento intenso nos dois sentidos da via.<\/p>\n\n\n\n<p>Segundo a concession\u00e1ria, aproximadamente 447,6 mil ve\u00edculos devem seguir em dire\u00e7\u00e3o a Niter\u00f3i e \u00e0 Regi\u00e3o dos Lagos, enquanto 411,6 mil ter\u00e3o a capital fluminense como destino.<\/p>\n\n\n\n<p>O maior movimento na ida est\u00e1 previsto para esta quinta-feira (3), quando cerca de 153,5 mil ve\u00edculos devem passar pela ponte. O per\u00edodo de maior fluxo deve ocorrer entre 13h e 16h. No sentido Niter\u00f3i, a circula\u00e7\u00e3o permanecer\u00e1 elevada at\u00e9 s\u00e1bado (5), principalmente entre 6h e 14h.<\/p>\n\n\n\n<p>Na volta do feriado, a previs\u00e3o \u00e9 de tr\u00e2nsito mais intenso no sentido Rio de Janeiro na segunda-feira (7) e na ter\u00e7a-feira (8). Os maiores volumes devem ser registrados entre 10h e 20h.<\/p>\n\n\n\n<p>Para reduzir o risco de reten\u00e7\u00f5es e tornar a viagem mais segura, a concession\u00e1ria orienta os motoristas a planejarem os deslocamentos e, sempre que poss\u00edvel, evitarem os hor\u00e1rios de pico. Tamb\u00e9m \u00e9 recomend\u00e1vel fazer a revis\u00e3o preventiva do ve\u00edculo, descansar antes de dirigir, respeitar os limites de velocidade e manter a aten\u00e7\u00e3o no tr\u00e2nsito, sem utilizar o celular ao volante.<\/p>\n\n\n\n<p><strong>Sigam:&nbsp;<\/strong><a href=\"https:\/\/www.instagram.com\/sgvaimudar\/\"><strong>@sgvaimudar<\/strong><\/a><a href=\"https:\/\/www.instagram.com\/sgvaimudar2\/\"><strong>@sgvaimudar2<\/strong><\/a><strong><em><\/em><\/strong><\/p>\n\n\n\n<p><strong><em>Passe sua informa\u00e7\u00e3o pelo nosso WhatsApp: (21) <\/em><\/strong><strong><em>99744 5345<\/em><\/strong><strong><em><\/em><\/strong><\/p>\n\n\n\n<p><strong><em>S\u00e3o Gon\u00e7alo Vai Mudar: Not\u00edcias de S\u00e3o Gon\u00e7alo e toda regi\u00e3o.<\/em><\/strong><\/p>\n\n\n\n<figure class=\"wp-block-video\"><video height=\"1280\" style=\"aspect-ratio: 720 \/ 1280;\" width=\"720\" controls src=\"https:\/\/sgvaimudar.com.br\/wp-content\/uploads\/2026\/07\/institucional.SGVM_.EQUIPE.mp4\"><\/video><\/figure>\n","protected":false},"excerpt":{"rendered":"<p>A opera\u00e7\u00e3o especial de tr\u00e1fego vai seguir at\u00e9 ter\u00e7a-feira (8) A concession\u00e1ria Ecovias Ponte estima que cerca de 860 mil&hellip;<\/p>\n","protected":false},"author":5,"featured_media":46574,"comment_status":"closed","ping_status":"open","sticky":false,"template":"","format":"standard","meta":{"fifu_image_url":"https:\/\/sgvaimudar.com.br\/wp-content\/uploads\/2026\/09\/PonteRio-Niteroi.Serrano.jpeg","fifu_image_alt":"","footnotes":""},"categories":[4],"tags":[937,3113,105,227,520,116,47,225],"class_list":["post-46571","post","type-post","status-publish","format-standard","has-post-thumbnail","hentry","category-brasil","tag-feriadao","tag-independencia","tag-niteroi","tag-operacao","tag-ponte","tag-rio","tag-rj","tag-veiculos-2"],"_links":{"self":[{"href":"https:\/\/sgvaimudar.com.br\/index.php\/wp-json\/wp\/v2\/posts\/46571","targetHints":{"allow":["GET"]}}],"collection":[{"href":"https:\/\/sgvaimudar.com.br\/index.php\/wp-json\/wp\/v2\/posts"}],"about":[{"href":"https:\/\/sgvaimudar.com.br\/index.php\/wp-json\/wp\/v2\/types\/post"}],"author":[{"embeddable":true,"href":"https:\/\/sgvaimudar.com.br\/index.php\/wp-json\/wp\/v2\/users\/5"}],"replies":[{"embeddable":true,"href":"https:\/\/sgvaimudar.com.br\/index.php\/wp-json\/wp\/v2\/comments?post=46571"}],"version-history":[{"count":1,"href":"https:\/\/sgvaimudar.com.br\/index.php\/wp-json\/wp\/v2\/posts\/46571\/revisions"}],"predecessor-version":[{"id":46573,"href":"https:\/\/sgvaimudar.com.br\/index.php\/wp-json\/wp\/v2\/posts\/46571\/revisions\/46573"}],"wp:featuredmedia":[{"embeddable":true,"href":"https:\/\/sgvaimudar.com.br\/index.php\/wp-json\/wp\/v2\/media\/46574"}],"wp:attachment":[{"href":"https:\/\/sgvaimudar.com.br\/index.php\/wp-json\/wp\/v2\/media?parent=46571"}],"wp:term":[{"taxonomy":"category","embeddable":true,"href":"https:\/\/sgvaimudar.com.br\/index.php\/wp-json\/wp\/v2\/categories?post=46571"},{"taxonomy":"post_tag","embeddable":true,"href":"https:\/\/sgvaimudar.com.br\/index.php\/wp-json\/wp\/v2\/tags?post=46571"}],"curies":[{"name":"wp","href":"https:\/\/api.w.org\/{rel}","templated":true}]}}