{"id":46566,"date":"2026-09-04T08:35:40","date_gmt":"2026-09-04T11:35:40","guid":{"rendered":"https:\/\/sgvaimudar.com.br\/?p=46566"},"modified":"2026-09-04T08:38:40","modified_gmt":"2026-09-04T11:38:40","slug":"foragido-da-justica-de-mato-grosso-e-preso-pela-policia-civil-em-sao-goncalo","status":"publish","type":"post","link":"https:\/\/sgvaimudar.com.br\/index.php\/2026\/09\/04\/foragido-da-justica-de-mato-grosso-e-preso-pela-policia-civil-em-sao-goncalo\/","title":{"rendered":"Foragido da Justi\u00e7a de Mato Grosso \u00e9 preso pela Pol\u00edcia Civil em S\u00e3o Gon\u00e7alo"},"content":{"rendered":"\n<p><em>Os agentes da 74\u00ba DP localizaram o homem no bairro Monjolos<\/em><\/p>\n\n\n\n<p>Um homem investigado por integrar uma organiza\u00e7\u00e3o criminosa no estado do Mato Grosso foi preso por policiais civis da 74\u00aa DP (Alc\u00e2ntara) nesta quarta-feira (02\/09). Ele foi localizado no bairro Monjolos, em S\u00e3o Gon\u00e7alo.<\/p>\n\n\n\n<p>Segundo as investiga\u00e7\u00f5es, o homem estava foragido desde julho de 2024 e teria se refugiado no Rio de Janeiro. Ele tamb\u00e9m \u00e9 investigado por envolvimento com o tr\u00e1fico de drogas e por participar, em 2018, de agress\u00f5es contra um adolescente de 13 anos, em Cuiab\u00e1.<\/p>\n\n\n\n<p>Ap\u00f3s dilig\u00eancias, os agentes localizaram e capturaram o investigado. Contra ele, foi cumprido um mandado de pris\u00e3o preventiva expedido pela Justi\u00e7a do Mato Grosso pelo crime de organiza\u00e7\u00e3o criminosa.<\/p>\n\n\n\n<figure class=\"wp-block-image size-large is-resized\"><img fetchpriority=\"high\" decoding=\"async\" width=\"577\" height=\"1024\" src=\"https:\/\/sgvaimudar.com.br\/wp-content\/uploads\/2026\/01\/vceoreporter.SGVM_-577x1024.jpg\" alt=\"\" class=\"wp-image-36417\" style=\"width:696px;height:auto\" srcset=\"https:\/\/sgvaimudar.com.br\/wp-content\/uploads\/2026\/01\/vceoreporter.SGVM_-577x1024.jpg 577w, https:\/\/sgvaimudar.com.br\/wp-content\/uploads\/2026\/01\/vceoreporter.SGVM_-169x300.jpg 169w, https:\/\/sgvaimudar.com.br\/wp-content\/uploads\/2026\/01\/vceoreporter.SGVM_.jpg 640w\" sizes=\"(max-width: 577px) 100vw, 577px\" \/><\/figure>\n","protected":false},"excerpt":{"rendered":"<p>Os agentes da 74\u00ba DP localizaram o homem no bairro Monjolos Um homem investigado por integrar uma organiza\u00e7\u00e3o criminosa no&hellip;<\/p>\n","protected":false},"author":5,"featured_media":46568,"comment_status":"closed","ping_status":"open","sticky":false,"template":"","format":"standard","meta":{"fifu_image_url":"https:\/\/sgvaimudar.com.br\/wp-content\/uploads\/2025\/04\/74-DP.jpeg","fifu_image_alt":"","footnotes":""},"categories":[32],"tags":[683,1083,299,1093,47,75],"class_list":["post-46566","post","type-post","status-publish","format-standard","has-post-thumbnail","hentry","category-casos-de-policia","tag-foragido","tag-monjolos","tag-policia","tag-preso","tag-rj","tag-sao-goncalo"],"_links":{"self":[{"href":"https:\/\/sgvaimudar.com.br\/index.php\/wp-json\/wp\/v2\/posts\/46566","targetHints":{"allow":["GET"]}}],"collection":[{"href":"https:\/\/sgvaimudar.com.br\/index.php\/wp-json\/wp\/v2\/posts"}],"about":[{"href":"https:\/\/sgvaimudar.com.br\/index.php\/wp-json\/wp\/v2\/types\/post"}],"author":[{"embeddable":true,"href":"https:\/\/sgvaimudar.com.br\/index.php\/wp-json\/wp\/v2\/users\/5"}],"replies":[{"embeddable":true,"href":"https:\/\/sgvaimudar.com.br\/index.php\/wp-json\/wp\/v2\/comments?post=46566"}],"version-history":[{"count":2,"href":"https:\/\/sgvaimudar.com.br\/index.php\/wp-json\/wp\/v2\/posts\/46566\/revisions"}],"predecessor-version":[{"id":46569,"href":"https:\/\/sgvaimudar.com.br\/index.php\/wp-json\/wp\/v2\/posts\/46566\/revisions\/46569"}],"wp:featuredmedia":[{"embeddable":true,"href":"https:\/\/sgvaimudar.com.br\/index.php\/wp-json\/wp\/v2\/media\/46568"}],"wp:attachment":[{"href":"https:\/\/sgvaimudar.com.br\/index.php\/wp-json\/wp\/v2\/media?parent=46566"}],"wp:term":[{"taxonomy":"category","embeddable":true,"href":"https:\/\/sgvaimudar.com.br\/index.php\/wp-json\/wp\/v2\/categories?post=46566"},{"taxonomy":"post_tag","embeddable":true,"href":"https:\/\/sgvaimudar.com.br\/index.php\/wp-json\/wp\/v2\/tags?post=46566"}],"curies":[{"name":"wp","href":"https:\/\/api.w.org\/{rel}","templated":true}]}}