{"id":46562,"date":"2026-09-04T08:21:59","date_gmt":"2026-09-04T11:21:59","guid":{"rendered":"https:\/\/sgvaimudar.com.br\/?p=46562"},"modified":"2026-09-04T08:25:55","modified_gmt":"2026-09-04T11:25:55","slug":"guaxindiba-avanca-com-pavimentacao-no-trecho-final-do-muvi","status":"publish","type":"post","link":"https:\/\/sgvaimudar.com.br\/index.php\/2026\/09\/04\/guaxindiba-avanca-com-pavimentacao-no-trecho-final-do-muvi\/","title":{"rendered":"Guaxindiba avan\u00e7a com pavimenta\u00e7\u00e3o no trecho final do MUVI"},"content":{"rendered":"\n<p><em>Novo corredor vi\u00e1rio de S\u00e3o Gon\u00e7alo tem 18 quil\u00f4metros de extens\u00e3o<\/em><\/p>\n\n\n\n<p>Guaxindiba e as \u00e1reas do entorno do trecho final do MUVI come\u00e7am a receber novas melhorias com o avan\u00e7o das obras de mobilidade. Nesta quinta-feira (3), a Estrada de Guaxindiba recebeu pavimenta\u00e7\u00e3o, enquanto novas cal\u00e7adas e uma ciclovia j\u00e1 podem ser vistas no local. A via integra o trecho 6 do projeto, considerado o maior corredor de mobilidade urbana de S\u00e3o Gon\u00e7alo. Iniciado em 2022, o Projeto ter\u00e1 18 quil\u00f4metros de extens\u00e3o, ligando Neves a Guaxindiba.<\/p>\n\n\n\n<p>O MUVI foi elaborado pela Secretaria Municipal de Gest\u00e3o Integrada e Projetos Especiais (Semgipe) e est\u00e1 sendo executado gra\u00e7as a uma parceria entre o Governo do Estado do Rio de Janeiro, atrav\u00e9s da Secretaria das Cidades, e a Prefeitura. O investimento total \u00e9 de R$ 287 milh\u00f5es.<\/p>\n\n\n\n<p>&#8220;\u00c9 importante destacar que o MUVI \u00e9 o maior projeto de mobilidade urbana j\u00e1 realizado em toda a cidade. Todos os trechos est\u00e3o recebendo obras de drenagem, pavimenta\u00e7\u00e3o, constru\u00e7\u00e3o de cal\u00e7adas, ciclovias e paisagismo&#8221;, disse a Prefeitura no texto.<\/p>\n\n\n\n<p>Cristina Dias, de 52 anos, \u00e9 moradora de Guaxindiba e conta que viu como a obra j\u00e1 melhorou Santa Luzia. Por isso, ela est\u00e1 animada para o andamento das interven\u00e7\u00f5es em seu bairro.<\/p>\n\n\n\n<p>\u201cT\u00e1 ficando muito bom! Eu aprova a ciclovia, acho a ideia muito legal, as cal\u00e7adas novas tamb\u00e9m ajudam os idosos a trafegarem. Fazia um tempo que eu n\u00e3o via uma obra como essa aqui. Gostei muito do que fizeram em Santa Luzia, por exemplo, e acho que tamb\u00e9m vai ficar bom\u201d, afirmou a cuidadora de idosos.<\/p>\n\n\n\n<p>Derciony Dias, de 69 anos, \u00e9 m\u00e3e de Cristina e mora em Guaxindiba h\u00e1 mais de 42 anos. \u201cAgora, t\u00e1 ficando bom! Lembro que quando eu vim para c\u00e1 era s\u00f3 lama e poeira, p\u00e9ssimo. Depois, fizeram obras aqui e agora est\u00e3o melhorando mais ainda. Eu gosto de ter uma liga\u00e7\u00e3o direta com Neves, vai melhorar muito o tr\u00e2nsito e o nosso deslocamento\u201d, disse a comerciante.<\/p>\n\n\n\n<p><em>Fotos: Renan Otto<\/em><\/p>\n\n\n\n<p><strong>Sigam:&nbsp;<\/strong><a href=\"https:\/\/www.instagram.com\/sgvaimudar\/\"><strong>@sgvaimudar<\/strong><\/a><a href=\"https:\/\/www.instagram.com\/sgvaimudar2\/\"><strong>@sgvaimudar2<\/strong><\/a><strong><em><\/em><\/strong><\/p>\n\n\n\n<p><strong><em>Passe sua informa\u00e7\u00e3o pelo nosso WhatsApp: (21) <\/em><\/strong><strong><em>99744 5345<\/em><\/strong><strong><em><\/em><\/strong><\/p>\n\n\n\n<p><strong><em>S\u00e3o Gon\u00e7alo Vai Mudar: Not\u00edcias de S\u00e3o Gon\u00e7alo e toda regi\u00e3o.<\/em><\/strong><\/p>\n\n\n\n<figure class=\"wp-block-image size-large is-resized\"><img fetchpriority=\"high\" decoding=\"async\" width=\"577\" height=\"1024\" src=\"https:\/\/sgvaimudar.com.br\/wp-content\/uploads\/2026\/01\/vceoreporter.SGVM_-577x1024.jpg\" alt=\"\" class=\"wp-image-36417\" style=\"width:708px;height:auto\" srcset=\"https:\/\/sgvaimudar.com.br\/wp-content\/uploads\/2026\/01\/vceoreporter.SGVM_-577x1024.jpg 577w, https:\/\/sgvaimudar.com.br\/wp-content\/uploads\/2026\/01\/vceoreporter.SGVM_-169x300.jpg 169w, https:\/\/sgvaimudar.com.br\/wp-content\/uploads\/2026\/01\/vceoreporter.SGVM_.jpg 640w\" sizes=\"(max-width: 577px) 100vw, 577px\" \/><\/figure>\n","protected":false},"excerpt":{"rendered":"<p>Novo corredor vi\u00e1rio de S\u00e3o Gon\u00e7alo tem 18 quil\u00f4metros de extens\u00e3o Guaxindiba e as \u00e1reas do entorno do trecho final&hellip;<\/p>\n","protected":false},"author":5,"featured_media":46565,"comment_status":"closed","ping_status":"open","sticky":false,"template":"","format":"standard","meta":{"fifu_image_url":"https:\/\/sgvaimudar.com.br\/wp-content\/uploads\/2026\/09\/unnamed-8.jpg","fifu_image_alt":"","footnotes":""},"categories":[3],"tags":[2682,315,58,3122,47,75],"class_list":["post-46562","post","type-post","status-publish","format-standard","has-post-thumbnail","hentry","category-sao-goncalo","tag-guaxindiba","tag-muvi","tag-obras","tag-pavimentacao-2","tag-rj","tag-sao-goncalo"],"_links":{"self":[{"href":"https:\/\/sgvaimudar.com.br\/index.php\/wp-json\/wp\/v2\/posts\/46562","targetHints":{"allow":["GET"]}}],"collection":[{"href":"https:\/\/sgvaimudar.com.br\/index.php\/wp-json\/wp\/v2\/posts"}],"about":[{"href":"https:\/\/sgvaimudar.com.br\/index.php\/wp-json\/wp\/v2\/types\/post"}],"author":[{"embeddable":true,"href":"https:\/\/sgvaimudar.com.br\/index.php\/wp-json\/wp\/v2\/users\/5"}],"replies":[{"embeddable":true,"href":"https:\/\/sgvaimudar.com.br\/index.php\/wp-json\/wp\/v2\/comments?post=46562"}],"version-history":[{"count":1,"href":"https:\/\/sgvaimudar.com.br\/index.php\/wp-json\/wp\/v2\/posts\/46562\/revisions"}],"predecessor-version":[{"id":46564,"href":"https:\/\/sgvaimudar.com.br\/index.php\/wp-json\/wp\/v2\/posts\/46562\/revisions\/46564"}],"wp:featuredmedia":[{"embeddable":true,"href":"https:\/\/sgvaimudar.com.br\/index.php\/wp-json\/wp\/v2\/media\/46565"}],"wp:attachment":[{"href":"https:\/\/sgvaimudar.com.br\/index.php\/wp-json\/wp\/v2\/media?parent=46562"}],"wp:term":[{"taxonomy":"category","embeddable":true,"href":"https:\/\/sgvaimudar.com.br\/index.php\/wp-json\/wp\/v2\/categories?post=46562"},{"taxonomy":"post_tag","embeddable":true,"href":"https:\/\/sgvaimudar.com.br\/index.php\/wp-json\/wp\/v2\/tags?post=46562"}],"curies":[{"name":"wp","href":"https:\/\/api.w.org\/{rel}","templated":true}]}}