{"id":46554,"date":"2026-09-04T07:48:00","date_gmt":"2026-09-04T10:48:00","guid":{"rendered":"https:\/\/sgvaimudar.com.br\/?p=46554"},"modified":"2026-09-04T07:48:00","modified_gmt":"2026-09-04T10:48:00","slug":"vasco-acerta-contratacao-de-alan-lescano-do-argentinos-juniors","status":"publish","type":"post","link":"https:\/\/sgvaimudar.com.br\/index.php\/2026\/09\/04\/vasco-acerta-contratacao-de-alan-lescano-do-argentinos-juniors\/","title":{"rendered":"Vasco acerta contrata\u00e7\u00e3o de Alan Lescano, do Argentinos Juniors"},"content":{"rendered":"\n<p><em>Refor\u00e7o argentino chega ao Rio para exames m\u00e9dicos antes de assinar contrato com o Cruz-Maltino<\/em><\/p>\n\n\n\n<p>O Vasco acertou a contrata\u00e7\u00e3o do meia argentino Alan Lescano, de 24 anos, que estava no Argentinos Juniors. O acordo foi fechado nesta quinta-feira (3), e os clubes j\u00e1 iniciaram a troca de documentos para oficializar a transfer\u00eancia. O jogador deve viajar ao Rio de Janeiro para realizar exames m\u00e9dicos e assinar contrato.<\/p>\n\n\n\n<p>A negocia\u00e7\u00e3o foi conclu\u00edda por US$ 7,5 milh\u00f5es fixos (cerca de R$ 39 milh\u00f5es), al\u00e9m de mais US$ 1,5 milh\u00e3o em metas. Lescano deve assinar v\u00ednculo de quatro anos com o Cruz-Maltino.<\/p>\n\n\n\n<p>Lescano \u00e9 considerado um cl\u00e1ssico camisa 10, mas tamb\u00e9m pode atuar mais recuado, como segundo homem do meio-campo. A versatilidade foi um dos fatores que chamou a aten\u00e7\u00e3o do departamento de futebol vasca\u00edno, que v\u00ea no argentino um jogador com capacidade para aumentar a criatividade da equipe.<\/p>\n\n\n\n<p>O argentino estava no Argentinos Juniors desde 2023, depois de iniciar a carreira profissional no Gimnasia. Na atual temporada, disputou 28 partidas e marcou seis gols.<\/p>\n\n\n\n<p>Lescano ser\u00e1 o quinto refor\u00e7o do Vasco nesta janela de transfer\u00eancias, que j\u00e1 contou com as chegadas de Paulinho, Santiago Sosa, Colidio e Bruno Duarte.<\/p>\n\n\n\n<p>A contrata\u00e7\u00e3o ocorre na reta final da janela e ap\u00f3s o Vasco avan\u00e7ar \u00e0 semifinal da Copa do Brasil. O time eliminou o Vit\u00f3ria com vit\u00f3ria por 2 a 0 na \u00faltima quarta-feira e enfrentar\u00e1 o Palmeiras na pr\u00f3xima fase.<\/p>\n\n\n\n<p><strong>Sigam:&nbsp;<\/strong><a href=\"https:\/\/www.instagram.com\/sgvaimudar\/\"><strong>@sgvaimudar<\/strong><\/a><a href=\"https:\/\/www.instagram.com\/sgvaimudar2\/\"><strong>@sgvaimudar2<\/strong><\/a><strong><em><\/em><\/strong><\/p>\n\n\n\n<p><strong><em>Passe sua informa\u00e7\u00e3o pelo nosso WhatsApp: (21) <\/em><\/strong><strong><em>99744 5345<\/em><\/strong><strong><em><\/em><\/strong><\/p>\n\n\n\n<p><strong><em>S\u00e3o Gon\u00e7alo Vai Mudar: Not\u00edcias de S\u00e3o Gon\u00e7alo e toda regi\u00e3o.<\/em><\/strong><\/p>\n\n\n\n<figure class=\"wp-block-video\"><video height=\"1280\" style=\"aspect-ratio: 720 \/ 1280;\" width=\"720\" controls src=\"https:\/\/sgvaimudar.com.br\/wp-content\/uploads\/2026\/07\/institucional.SGVM_.EQUIPE.mp4\"><\/video><\/figure>\n","protected":false},"excerpt":{"rendered":"<p>Refor\u00e7o argentino chega ao Rio para exames m\u00e9dicos antes de assinar contrato com o Cruz-Maltino O Vasco acertou a contrata\u00e7\u00e3o&hellip;<\/p>\n","protected":false},"author":5,"featured_media":46557,"comment_status":"closed","ping_status":"open","sticky":false,"template":"","format":"standard","meta":{"fifu_image_url":"https:\/\/sgvaimudar.com.br\/wp-content\/uploads\/2026\/09\/SaveClip.App_791564086_18622483033049046_449830626872812117_n-scaled.jpg","fifu_image_alt":"","footnotes":""},"categories":[5],"tags":[2897,885,47,467],"class_list":["post-46554","post","type-post","status-publish","format-standard","has-post-thumbnail","hentry","category-esportes","tag-contratacao-2","tag-reforco","tag-rj","tag-vasco"],"_links":{"self":[{"href":"https:\/\/sgvaimudar.com.br\/index.php\/wp-json\/wp\/v2\/posts\/46554","targetHints":{"allow":["GET"]}}],"collection":[{"href":"https:\/\/sgvaimudar.com.br\/index.php\/wp-json\/wp\/v2\/posts"}],"about":[{"href":"https:\/\/sgvaimudar.com.br\/index.php\/wp-json\/wp\/v2\/types\/post"}],"author":[{"embeddable":true,"href":"https:\/\/sgvaimudar.com.br\/index.php\/wp-json\/wp\/v2\/users\/5"}],"replies":[{"embeddable":true,"href":"https:\/\/sgvaimudar.com.br\/index.php\/wp-json\/wp\/v2\/comments?post=46554"}],"version-history":[{"count":1,"href":"https:\/\/sgvaimudar.com.br\/index.php\/wp-json\/wp\/v2\/posts\/46554\/revisions"}],"predecessor-version":[{"id":46556,"href":"https:\/\/sgvaimudar.com.br\/index.php\/wp-json\/wp\/v2\/posts\/46554\/revisions\/46556"}],"wp:featuredmedia":[{"embeddable":true,"href":"https:\/\/sgvaimudar.com.br\/index.php\/wp-json\/wp\/v2\/media\/46557"}],"wp:attachment":[{"href":"https:\/\/sgvaimudar.com.br\/index.php\/wp-json\/wp\/v2\/media?parent=46554"}],"wp:term":[{"taxonomy":"category","embeddable":true,"href":"https:\/\/sgvaimudar.com.br\/index.php\/wp-json\/wp\/v2\/categories?post=46554"},{"taxonomy":"post_tag","embeddable":true,"href":"https:\/\/sgvaimudar.com.br\/index.php\/wp-json\/wp\/v2\/tags?post=46554"}],"curies":[{"name":"wp","href":"https:\/\/api.w.org\/{rel}","templated":true}]}}