{"id":46548,"date":"2026-09-03T17:00:00","date_gmt":"2026-09-03T20:00:00","guid":{"rendered":"https:\/\/sgvaimudar.com.br\/?p=46548"},"modified":"2026-09-03T10:05:33","modified_gmt":"2026-09-03T13:05:33","slug":"prefeitura-de-sao-goncalo-promove-tradicional-desfile-civico-em-santa-izabel","status":"publish","type":"post","link":"https:\/\/sgvaimudar.com.br\/index.php\/2026\/09\/03\/prefeitura-de-sao-goncalo-promove-tradicional-desfile-civico-em-santa-izabel\/","title":{"rendered":"Prefeitura de S\u00e3o Gon\u00e7alo promove tradicional desfile c\u00edvico em Santa Izabel"},"content":{"rendered":"\n<p><em>Sete de Setembro re\u00fane 28 escolas municipais e creches conveniadas<\/em><\/p>\n\n\n\n<p>O tradicional desfile de 7 de Setembro da Prefeitura de S\u00e3o Gon\u00e7alo acontece nesta segunda-feira (7), em Santa Izabel. No total, 28 escolas municipais, tr\u00eas creches conveniadas, o Bombeiro Mirim e agricultores participar\u00e3o da celebra\u00e7\u00e3o, que come\u00e7a \u00e0s 9h, na Estrada do Cordeiro. Mais de mil alunos dever\u00e3o participar do desfile, evento j\u00e1 tradicional na regi\u00e3o.<\/p>\n\n\n\n<p>A concentra\u00e7\u00e3o ser\u00e1 a partir das 8h, na Estrada do Cordeiro, esquina com Rua La\u00e9rcio Rangel, pr\u00f3ximo \u00e0 Igreja Cat\u00f3lica Nossa Senhora da Concei\u00e7\u00e3o e Santa Isabel. O cortejo segue at\u00e9 a pra\u00e7a do bairro. O evento \u00e9 organizado com a participa\u00e7\u00e3o das secretarias municipais de Sa\u00fade, Educa\u00e7\u00e3o, Conserva\u00e7\u00e3o, Transportes, Esporte e Lazer, apoio dos agentes do 7\u00ba Batalh\u00e3o, da Guarda Municipal e a dire\u00e7\u00e3o da Escola Municipal Celia Pereira da Rosa.<\/p>\n\n\n\n<p>As bandas das escolas municipais C\u00e9lia Pereira da Rosa, Luiz Gonzaga, Visconde de Sepetiba, CIEP 438 Rubens Mauricio da Silva Abreu, Pastor Haroldo Gomes e Darcy Ribeiro acompanhar\u00e3o as unidades de ensino que participar\u00e3o do desfile c\u00edvico pela Independ\u00eancia do Brasil.<\/p>\n\n\n\n<p>S\u00e3o eles: Umei Professora Cremilda Rodrigues da Cunha, Umei Edn\u00e9a Mascarenhas de Ara\u00fajo, Escola Municipal Filad\u00e9lfia, CIEP 410 Patr\u00edcia Rendler Galv\u00e3o Pagu, Escola Estadual Municipalizada Antenor Martins, Escola Municipal Marcus Vinicius Cruz de Mello Moraes, Umei Pastor Adayr Gomes da Luz, Col\u00e9gio Estadual Amanda Velasco, Escola Municipal Paulo Roberto Azeredo;<\/p>\n\n\n\n<p>Escola Estadual Municipalizada Itaitindiba, Escola Municipal Rotary, Umei Jos\u00e9 Calil Abuzaid, Escola Municipal Antonio Carlos Jobim, Escola Municipal Professora Aurelina Dias Cavalcanti, Centro Educacional Souza Policarpo, Escola Municipal Willian Antunes de Souza, Escola Municipal Carlos Drummond de Andrade, Umei Djanira Francisca de Almeida Quadros, Umei Professora Claudia de Souza Mota Castro;<\/p>\n\n\n\n<p>Umei Professora Vera L\u00facia Rodrigues dos Santos, Escola Municipal Pastor Alberto Goulart da Silva, Creche Conveniada Assist\u00eancia e Apoio \u00e0 Crian\u00e7a (AAC), Creche Conveniada Obra Social de Apoio \u00e0 Crian\u00e7a (OSAC), Creche Conveniada Macadeski, Bombeiro Mirim, Agricultura Familiar.<\/p>\n\n\n\n<p><em>Foto: Renan Otto<\/em><\/p>\n\n\n\n<p><strong>Sigam:&nbsp;<\/strong><a href=\"https:\/\/www.instagram.com\/sgvaimudar\/\"><strong>@sgvaimudar<\/strong><\/a><a href=\"https:\/\/www.instagram.com\/sgvaimudar2\/\"><strong>@sgvaimudar2<\/strong><\/a><strong><em><\/em><\/strong><\/p>\n\n\n\n<p><strong><em>Passe sua informa\u00e7\u00e3o pelo nosso WhatsApp: (21) <\/em><\/strong><strong><em>99744 5345<\/em><\/strong><strong><em><\/em><\/strong><\/p>\n\n\n\n<p><strong><em>S\u00e3o Gon\u00e7alo Vai Mudar: Not\u00edcias de S\u00e3o Gon\u00e7alo e toda regi\u00e3o.<\/em><\/strong><\/p>\n\n\n\n<figure class=\"wp-block-video\"><video height=\"850\" style=\"aspect-ratio: 476 \/ 850;\" width=\"476\" controls src=\"https:\/\/sgvaimudar.com.br\/wp-content\/uploads\/2026\/02\/anuncioWillSmith.mp4\"><\/video><\/figure>\n","protected":false},"excerpt":{"rendered":"<p>Sete de Setembro re\u00fane 28 escolas municipais e creches conveniadas O tradicional desfile de 7 de Setembro da Prefeitura de&hellip;<\/p>\n","protected":false},"author":5,"featured_media":46551,"comment_status":"closed","ping_status":"open","sticky":false,"template":"","format":"standard","meta":{"fifu_image_url":"https:\/\/sgvaimudar.com.br\/wp-content\/uploads\/2026\/09\/unnamed-2-1.jpg","fifu_image_alt":"","footnotes":""},"categories":[6],"tags":[1200,598,111,47,597,75,3118],"class_list":["post-46548","post","type-post","status-publish","format-standard","has-post-thumbnail","hentry","category-entretenimento","tag-desfile","tag-izabel","tag-prefeitura","tag-rj","tag-santa","tag-sao-goncalo","tag-tradicional"],"_links":{"self":[{"href":"https:\/\/sgvaimudar.com.br\/index.php\/wp-json\/wp\/v2\/posts\/46548","targetHints":{"allow":["GET"]}}],"collection":[{"href":"https:\/\/sgvaimudar.com.br\/index.php\/wp-json\/wp\/v2\/posts"}],"about":[{"href":"https:\/\/sgvaimudar.com.br\/index.php\/wp-json\/wp\/v2\/types\/post"}],"author":[{"embeddable":true,"href":"https:\/\/sgvaimudar.com.br\/index.php\/wp-json\/wp\/v2\/users\/5"}],"replies":[{"embeddable":true,"href":"https:\/\/sgvaimudar.com.br\/index.php\/wp-json\/wp\/v2\/comments?post=46548"}],"version-history":[{"count":2,"href":"https:\/\/sgvaimudar.com.br\/index.php\/wp-json\/wp\/v2\/posts\/46548\/revisions"}],"predecessor-version":[{"id":46553,"href":"https:\/\/sgvaimudar.com.br\/index.php\/wp-json\/wp\/v2\/posts\/46548\/revisions\/46553"}],"wp:featuredmedia":[{"embeddable":true,"href":"https:\/\/sgvaimudar.com.br\/index.php\/wp-json\/wp\/v2\/media\/46551"}],"wp:attachment":[{"href":"https:\/\/sgvaimudar.com.br\/index.php\/wp-json\/wp\/v2\/media?parent=46548"}],"wp:term":[{"taxonomy":"category","embeddable":true,"href":"https:\/\/sgvaimudar.com.br\/index.php\/wp-json\/wp\/v2\/categories?post=46548"},{"taxonomy":"post_tag","embeddable":true,"href":"https:\/\/sgvaimudar.com.br\/index.php\/wp-json\/wp\/v2\/tags?post=46548"}],"curies":[{"name":"wp","href":"https:\/\/api.w.org\/{rel}","templated":true}]}}