{"id":46542,"date":"2026-09-03T15:00:00","date_gmt":"2026-09-03T18:00:00","guid":{"rendered":"https:\/\/sgvaimudar.com.br\/?p=46542"},"modified":"2026-09-03T09:56:38","modified_gmt":"2026-09-03T12:56:38","slug":"caes-e-gatos-podem-receber-vacina-antirrabica-gratuita-em-itaborai","status":"publish","type":"post","link":"https:\/\/sgvaimudar.com.br\/index.php\/2026\/09\/03\/caes-e-gatos-podem-receber-vacina-antirrabica-gratuita-em-itaborai\/","title":{"rendered":"C\u00e3es e gatos podem receber vacina antirr\u00e1bica gratuita em Itabora\u00ed"},"content":{"rendered":"\n<p><em>A campanha busca facilitar o acesso dos tutores \u00e0 vacina, levando os pontos de atendimento para diferentes regi\u00f5es da cidade.<\/em><\/p>\n\n\n\n<p>Diferentes bairros de Itabora\u00ed v\u00e3o receber, de forma itinerante, a vacina\u00e7\u00e3o antirr\u00e1bica gratuita para c\u00e3es e gatos. A a\u00e7\u00e3o come\u00e7ou na manh\u00e3 de ter\u00e7a-feira (1\u00ba) e vai ser realizada pela Prefeitura, por meio da Secretaria Municipal de Sa\u00fade (Semsa) e do Programa Municipal de Controle das Arboviroses, at\u00e9 novembro. A iniciativa busca ampliar o acesso dos moradores \u00e0 imuniza\u00e7\u00e3o e garantir a prote\u00e7\u00e3o dos animais de estima\u00e7\u00e3o contra a raiva.<\/p>\n\n\n\n<p>A vacina\u00e7\u00e3o \u00e9 uma importante medida de preven\u00e7\u00e3o contra a raiva, doen\u00e7a grave que pode ser transmitida aos seres humanos por meio da saliva de animais infectados.<\/p>\n\n\n\n<p>A moradora do bairro Amplia\u00e7\u00e3o, Melina Fortes, levou sua cadela para ser vacinada na Pra\u00e7a Itamar da Silva J\u00fanior e destacou que a iniciativa auxilia os moradores a manter a sa\u00fade dos seus pets em dia.<\/p>\n\n\n\n<p>\u201cFoi muito bom, a Prefeitura est\u00e1 de parab\u00e9ns. Esse tipo de a\u00e7\u00e3o \u00e9 um cuidado muito importante com os nossos pets, porque facilita o acesso \u00e0 vacina\u00e7\u00e3o e evita que a gente precise correr atr\u00e1s da vacina. Ela se comportou muito bem e ficou bem tranquila durante a aplica\u00e7\u00e3o\u201d, afirmou a tutora.<\/p>\n\n\n\n<p>Durante o m\u00eas de setembro, a vacina\u00e7\u00e3o passar\u00e1 por diversos bairros, com atendimento em pra\u00e7as, unidades de sa\u00fade, escolas, associa\u00e7\u00f5es de moradores e outros pontos estrat\u00e9gicos.<\/p>\n\n\n\n<p>Confira a programa\u00e7\u00e3o de setembro<\/p>\n\n\n\n<p>1\u00ba de setembro<\/p>\n\n\n\n<p>* Quissam\u00e3: Departamento de Vigil\u00e2ncia de Vetores e Zoonoses \u2013&nbsp;<a href=\"https:\/\/www.google.com\/maps\/search\/Rua+Cesar+Xar%C3%A1,+n%C2%BA+666?entry=gmail&amp;source=g\">Rua Cesar Xar\u00e1, n\u00ba 666<\/a>.<br>* Esperan\u00e7a: CRAS BNH \u2013 Rua Pedro Ferreira Pinto, Qd. 06, Lt. 10.<br>* Itabora\u00ed Centro: Pra\u00e7a Itamar da Silva J\u00fanior \u2013 Avenida Ant\u00f4nio Gomes, antigo Restaurante Popular.<br>* Joaquim de Oliveira: Pra\u00e7a Joaquim de Oliveira \u2013 Rua Vinte e Dois.<br>* Aldeia da Prata: ao lado da USF&nbsp;<a href=\"https:\/\/www.google.com\/maps\/search\/Aldeia+da+Prata+%E2%80%93+Rua+Ant%C3%B4nio+Carlos+Guedes.+2?entry=gmail&amp;source=g\">Aldeia da Prata \u2013 Rua Ant\u00f4nio Carlos Guedes.<\/a><\/p>\n\n\n\n<p>2 de setembro<\/p>\n\n\n\n<p>* Esperan\u00e7a: ao lado da UBS Reta Nova \u2013 Rua Vinte e Dois, s\/n\u00ba.<br>* Itabora\u00ed Centro: Pra\u00e7a Itamar da Silva J\u00fanior.<br>* Joaquim de Oliveira: Pra\u00e7a Joaquim de Oliveira.<br>* Aldeia da Prata: ao lado da USF Aldeia da Prata.<\/p>\n\n\n\n<p>3 de setembro<\/p>\n\n\n\n<p>* Esperan\u00e7a: ao lado da UBS Reta Velha \u2013 Avenida Jos\u00e9 Maria Nanci, s\/n\u00ba.<br>*&nbsp;<a href=\"https:\/\/www.google.com\/maps\/search\/Aldeia+da+Prata:+Rua+Ennes+Lopes+Garcia,+n%C2%BA+841?entry=gmail&amp;source=g\">Aldeia da Prata: Rua Ennes Lopes Garcia, n\u00ba 841<\/a>.<\/p>\n\n\n\n<p>8 de setembro<\/p>\n\n\n\n<p>* Esperan\u00e7a: ao lado da E.M. Manoel Ribeiro da Silva \u2013 Rua Dois, s\/n\u00ba, Qd. 6.<br>*&nbsp;<a href=\"https:\/\/www.google.com\/maps\/search\/Itabora%C3%AD+Centro:+Rua+Fagundes+Varela,+n%C2%BA+245?entry=gmail&amp;source=g\">Itabora\u00ed Centro: Rua Fagundes Varela, n\u00ba 245<\/a>.<br>* Retiro S\u00e3o Joaquim: Associa\u00e7\u00e3o de Moradores&nbsp;<a href=\"https:\/\/www.google.com\/maps\/search\/1+%E2%80%93+Rua+Jo%C3%A3o+Caetano?entry=gmail&amp;source=g\">1 \u2013 Rua Jo\u00e3o Caetano<\/a>, s\/n\u00ba.<br>* Monte Verde: ao lado da USF Pastor Jos\u00e9 Mendel \u2013 Rua N, Qd. 18, Lt. 10.<\/p>\n\n\n\n<p>9 de setembro<\/p>\n\n\n\n<p>* Esperan\u00e7a: ao lado da E.M. Pedro Antonio Novaes \u2013 Rua Paulo Teixeira Azevedo, s\/n\u00ba.<br>*&nbsp;<a href=\"https:\/\/www.google.com\/maps\/search\/Itabora%C3%AD+Centro:+Rua+Fagundes+Varela,+n%C2%BA+245?entry=gmail&amp;source=g\">Itabora\u00ed Centro: Rua Fagundes Varela, n\u00ba 245<\/a>.<br>* Retiro S\u00e3o Joaquim: Associa\u00e7\u00e3o de Moradores 1.<br>* Monte Verde: ao lado da USF Pastor Jos\u00e9 Mendel.<\/p>\n\n\n\n<p>10 de setembro<\/p>\n\n\n\n<p>* Esperan\u00e7a: Rua Jorge Francisco de Oliveira, Qd. 03, Lt. 06.<br>* Retiro S\u00e3o Joaquim (Vale do Sol): Associa\u00e7\u00e3o de Moradores&nbsp;<a href=\"https:\/\/www.google.com\/maps\/search\/2+%E2%80%93+Rua+Laurindo+Gonzales?entry=gmail&amp;source=g\">2 \u2013 Rua Laurindo Gonzales<\/a>, s\/n\u00ba.<br>* Monte Verde: Rua A, Qd. 12, Lt. 07, esquina da Rua S com a Rua A.<\/p>\n\n\n\n<p>14 de setembro<\/p>\n\n\n\n<p>* Santo Ant\u00f4nio: Pra\u00e7a Santo Ant\u00f4nio \u2013 Rua Jos\u00e9 dos Santos, Helian\u00f3polis.<br>* Santo Expedito: ao lado da UBS Jos\u00e9 Ednaldo Mendes \u2013 Rua Desembargador Augusto Galv\u00e3o, antiga Rua L.<\/p>\n\n\n\n<p>15 de setembro<\/p>\n\n\n\n<p>* Col\u00f4nia: Hospital Estadual Tavares de Macedo \u2013 Avenida Vinte e Dois de Maio, KM 22.<br>* Quissam\u00e3: E.M. Nat\u00e9rcia Rodrigues Rocha \u2013 Avenida Alberto Torres, n\u00ba 233.<br>* Santo Expedito: ao lado da UBS Jos\u00e9 Ednaldo Mendes.<br>* Santo Ant\u00f4nio: Pra\u00e7a Omair Faria da Silva \u2013 Rua Vereador Pereira Neto, s\/n\u00ba.<\/p>\n\n\n\n<p>16 de setembro<\/p>\n\n\n\n<p>* Santo Ant\u00f4nio: Pra\u00e7a Omair Faria da Silva.<br>* Igu\u00e1: Educand\u00e1rio S\u00e3o Jos\u00e9 do Igu\u00e1 \u2013 Rua Ab\u00edlio de Meneses.<br>* Outeiro das Pedras: ao lado da E.M. Cec\u00edlia Augusta dos Santos \u2013&nbsp;<a href=\"https:\/\/www.google.com\/maps\/search\/Rua+Presidente+Dutra.+17?entry=gmail&amp;source=g\">Rua Presidente Dutra.<\/a><\/p>\n\n\n\n<p><a href=\"https:\/\/www.google.com\/maps\/search\/Rua+Presidente+Dutra.+17?entry=gmail&amp;source=g\">17<\/a>&nbsp;de setembro<\/p>\n\n\n\n<p>* Outeiro das Pedras: ao lado da E.M. Cec\u00edlia Augusta dos Santos.<br>* Vila Gabriela: Pra\u00e7a Vila Gabriela 2 \u2013 Rua Trinta, Qd. 33.<br>*&nbsp;<a href=\"https:\/\/www.google.com\/maps\/search\/Venda+das+Pedras:+Pra%C3%A7a+Pedro+Ant%C3%B4nio+Novaes.+21?entry=gmail&amp;source=g\">Venda das Pedras: Pra\u00e7a Pedro Ant\u00f4nio Novaes.<\/a><\/p>\n\n\n\n<p><a href=\"https:\/\/www.google.com\/maps\/search\/Aldeia+da+Prata+%E2%80%93+Rua+Ant%C3%B4nio+Carlos+Guedes.+2?entry=gmail&amp;source=g\">2<\/a>1 de setembro<\/p>\n\n\n\n<p>* Vila Gabriela: ao lado da USF Santo Ant\u00f4nio \u2013 Rua 14, s\/n\u00ba, Qd. 09, Lt. 129.<br>* Bela Vista: Campo do Seu Pedro \u2013 Rua Seis, Lt. 18.<\/p>\n\n\n\n<p>22 de setembro<\/p>\n\n\n\n<p>* Vila Gabriela: esquina da Rua&nbsp;<a href=\"https:\/\/www.google.com\/maps\/search\/12+com+a+BR-101?entry=gmail&amp;source=g\">12 com a BR-101<\/a>.<br>* Bela Vista: Campo do Seu Pedro.<br>* Nancil\u00e2ndia: ao lado da E.M. Marly Cid Almeida de Abreu \u2013 Avenida Hedevilson Barreto Cardozo, n\u00ba 159.<\/p>\n\n\n\n<p>23 de setembro<\/p>\n\n\n\n<p>* Nancil\u00e2ndia: ao lado da E.M. Marly Cid Almeida de Abreu.<br>* Parque Aurora: Campo do Z\u00edzico \u2013 Rua 18, Qd. 21, Lt. 1.<\/p>\n\n\n\n<p>24 de setembro<\/p>\n\n\n\n<p>* Areal: ao lado da USF Areal \u2013&nbsp;<a href=\"https:\/\/www.google.com\/maps\/search\/Avenida+Carlos+Lacerda,+n%C2%BA+1885-107,+com+a+Rua+Ter%C3%AAncio+de+Oliveira?entry=gmail&amp;source=g\">Avenida Carlos Lacerda, n\u00ba 1885-107, com a Rua Ter\u00eancio de Oliveira<\/a>.<\/p>\n\n\n\n<p>25 de setembro<\/p>\n\n\n\n<p>* Tr\u00eas Pontes: Campo de Futebol Valdecir \u2013&nbsp;<a href=\"https:\/\/www.google.com\/maps\/search\/Rua+Dona+Bela,+n%C2%BA+17?entry=gmail&amp;source=g\">Rua Dona Bela, n\u00ba 17<\/a>.<\/p>\n\n\n\n<p>26 de setembro<\/p>\n\n\n\n<p>* Itabora\u00ed Centro: Pra\u00e7a Marechal Floriano.<br>* Venda das Pedras: Pra\u00e7a S\u00e3o Pedro.<br>* Apolo II: Pra\u00e7a do Apolo II.<br>* Itambi Centro: Pra\u00e7a de Itambi.<\/p>\n\n\n\n<p>28 de setembro<\/p>\n\n\n\n<p>* Areal: E.M. Milton Rodrigues da Rocha \u2013 Avenida Carlos Lacerda, s\/n\u00ba.<br>* Itabora\u00ed Centro: ao lado do CONLESTE\/RJ \u2013&nbsp;<a href=\"https:\/\/www.google.com\/maps\/search\/Rua+Promotor+Ciro+Ol%C3%ADmpio+da+Mata,+n%C2%BA+37?entry=gmail&amp;source=g\">Rua Promotor Ciro Ol\u00edmpio da Mata, n\u00ba 37<\/a>.<br>* Manilha: ao lado da E.M. Romeu Sim\u00f5es \u2013&nbsp;<a href=\"https:\/\/www.google.com\/maps\/search\/Rua+Fauna+M.+da+Rocha,+Lote+07.+*+Gebara?entry=gmail&amp;source=g\">Rua Fauna M. da Rocha, Lote 07.<\/a><br><a href=\"https:\/\/www.google.com\/maps\/search\/Rua+Fauna+M.+da+Rocha,+Lote+07.+*+Gebara?entry=gmail&amp;source=g\">* Gebara<\/a>: Associa\u00e7\u00e3o de Moradores \u2013 Avenida Virg\u00ednia de Paula dos Santos Alves, n\u00ba 1712.<\/p>\n\n\n\n<p>29 de setembro<\/p>\n\n\n\n<p>* Areal:&nbsp;<a href=\"https:\/\/www.google.com\/maps\/search\/Avenida+Carlos+Lacerda,+n%C2%BA+192.+*+Itabora%C3%AD?entry=gmail&amp;source=g\">Avenida Carlos Lacerda, n\u00ba 192.<\/a><br><a href=\"https:\/\/www.google.com\/maps\/search\/Avenida+Carlos+Lacerda,+n%C2%BA+192.+*+Itabora%C3%AD?entry=gmail&amp;source=g\">* Itabora\u00ed<\/a>&nbsp;Centro: ao lado do CONLESTE\/RJ.<br>* Gebara: Associa\u00e7\u00e3o de Moradores.<\/p>\n\n\n\n<p>30 de setembro<\/p>\n\n\n\n<p>* Gebara: Avenida Virg\u00ednia de Paula dos Santos, n\u00ba 871.<br>* Vila Rica: ao lado da UBS Vila Rica \u2013 Estrada Cristalino Ferreiro Braga.<br>* Jardim Imperial: Pra\u00e7a do Jardim Imperial \u2013&nbsp;<a href=\"https:\/\/www.google.com\/maps\/search\/Rua+Padre+Egidio+Cavouth.+30?entry=gmail&amp;source=g\">Rua Padre Egidio Cavouth.<\/a><\/p>\n\n\n\n<p>30 de setembro e 1\u00ba de outubro<\/p>\n\n\n\n<p>* Jardim Itambi: em frente \u00e0 Coca-Cola, pr\u00f3ximo ao Bar do Paulinho.<br>* Engenho Velho: UBS de Engenho Velho.<br>* Manilha: ao lado do PSF \u2013 Rua D, s\/n\u00ba.<\/p>\n\n\n\n<p><strong>Sigam:&nbsp;<\/strong><a href=\"https:\/\/www.instagram.com\/sgvaimudar\/\"><strong>@sgvaimudar<\/strong><\/a><a href=\"https:\/\/www.instagram.com\/sgvaimudar2\/\"><strong>@sgvaimudar2<\/strong><\/a><strong><em><\/em><\/strong><\/p>\n\n\n\n<p><strong><em>Passe sua informa\u00e7\u00e3o pelo nosso WhatsApp: (21) <\/em><\/strong><strong><em>99744 5345<\/em><\/strong><strong><em><\/em><\/strong><\/p>\n\n\n\n<p><strong><em>S\u00e3o Gon\u00e7alo Vai Mudar: Not\u00edcias de S\u00e3o Gon\u00e7alo e toda regi\u00e3o.<\/em><\/strong><\/p>\n\n\n\n<figure class=\"wp-block-video\"><video height=\"1280\" style=\"aspect-ratio: 720 \/ 1280;\" width=\"720\" controls src=\"https:\/\/sgvaimudar.com.br\/wp-content\/uploads\/2026\/07\/institucional.SGVM_.EQUIPE.mp4\"><\/video><\/figure>\n\n\n\n<p><\/p>\n","protected":false},"excerpt":{"rendered":"<p>A campanha busca facilitar o acesso dos tutores \u00e0 vacina, levando os pontos de atendimento para diferentes regi\u00f5es da cidade.&hellip;<\/p>\n","protected":false},"author":5,"featured_media":46545,"comment_status":"closed","ping_status":"open","sticky":false,"template":"","format":"standard","meta":{"fifu_image_url":"https:\/\/sgvaimudar.com.br\/wp-content\/uploads\/2026\/09\/Itaborai-inicia-vacinacao-antirrabica-gratuita-para-caes-e-gatos-2.jpeg","fifu_image_alt":"","footnotes":""},"categories":[7],"tags":[2615,3057,150,1191,47,51,505],"class_list":["post-46542","post","type-post","status-publish","format-standard","has-post-thumbnail","hentry","category-saude","tag-caes","tag-gatos","tag-itaborai","tag-itinerante","tag-rj","tag-saude","tag-vacina"],"_links":{"self":[{"href":"https:\/\/sgvaimudar.com.br\/index.php\/wp-json\/wp\/v2\/posts\/46542","targetHints":{"allow":["GET"]}}],"collection":[{"href":"https:\/\/sgvaimudar.com.br\/index.php\/wp-json\/wp\/v2\/posts"}],"about":[{"href":"https:\/\/sgvaimudar.com.br\/index.php\/wp-json\/wp\/v2\/types\/post"}],"author":[{"embeddable":true,"href":"https:\/\/sgvaimudar.com.br\/index.php\/wp-json\/wp\/v2\/users\/5"}],"replies":[{"embeddable":true,"href":"https:\/\/sgvaimudar.com.br\/index.php\/wp-json\/wp\/v2\/comments?post=46542"}],"version-history":[{"count":2,"href":"https:\/\/sgvaimudar.com.br\/index.php\/wp-json\/wp\/v2\/posts\/46542\/revisions"}],"predecessor-version":[{"id":46547,"href":"https:\/\/sgvaimudar.com.br\/index.php\/wp-json\/wp\/v2\/posts\/46542\/revisions\/46547"}],"wp:featuredmedia":[{"embeddable":true,"href":"https:\/\/sgvaimudar.com.br\/index.php\/wp-json\/wp\/v2\/media\/46545"}],"wp:attachment":[{"href":"https:\/\/sgvaimudar.com.br\/index.php\/wp-json\/wp\/v2\/media?parent=46542"}],"wp:term":[{"taxonomy":"category","embeddable":true,"href":"https:\/\/sgvaimudar.com.br\/index.php\/wp-json\/wp\/v2\/categories?post=46542"},{"taxonomy":"post_tag","embeddable":true,"href":"https:\/\/sgvaimudar.com.br\/index.php\/wp-json\/wp\/v2\/tags?post=46542"}],"curies":[{"name":"wp","href":"https:\/\/api.w.org\/{rel}","templated":true}]}}