{"id":46538,"date":"2026-09-03T13:00:00","date_gmt":"2026-09-03T16:00:00","guid":{"rendered":"https:\/\/sgvaimudar.com.br\/?p=46538"},"modified":"2026-09-03T09:38:06","modified_gmt":"2026-09-03T12:38:06","slug":"rock-muda-a-rotina-do-rio-e-altera-ate-expediente-do-servico-publico","status":"publish","type":"post","link":"https:\/\/sgvaimudar.com.br\/index.php\/2026\/09\/03\/rock-muda-a-rotina-do-rio-e-altera-ate-expediente-do-servico-publico\/","title":{"rendered":"Rock muda a rotina do Rio e altera at\u00e9 expediente do servi\u00e7o p\u00fablico"},"content":{"rendered":"\n<p><em>Medida foi publicada pelo governador em exerc\u00edcio no Di\u00e1rio Oficial desta quinta-feira (3) e vale para o primeiro dia do festival<\/em><\/p>\n\n\n\n<p>O rock vai muito al\u00e9m dos palcos e das guitarras. Quando milhares de pessoas se preparam para ocupar a Cidade do Rock, a rotina de uma cidade inteira tamb\u00e9m muda. No Rio de Janeiro, o impacto do primeiro dia do Rock in Rio j\u00e1 provocou altera\u00e7\u00f5es no funcionamento das reparti\u00e7\u00f5es p\u00fablicas, al\u00e9m de exigir uma opera\u00e7\u00e3o especial de mobilidade e seguran\u00e7a para dar conta da multid\u00e3o que deve se concentrar na regi\u00e3o do festival.<\/p>\n\n\n\n<p>Nesta sexta-feira (4), o expediente nas reparti\u00e7\u00f5es dos \u00f3rg\u00e3os e entidades da Administra\u00e7\u00e3o P\u00fablica Estadual ser\u00e1 reduzido, com atendimento das 8h \u00e0s 15h. A medida foi publicada nesta quinta-feira (3) no Di\u00e1rio Oficial e tem como objetivo facilitar os deslocamentos, reduzir os impactos no tr\u00e2nsito e contribuir para a seguran\u00e7a da popula\u00e7\u00e3o.<\/p>\n\n\n\n<p>A mudan\u00e7a mostra a dimens\u00e3o que um grande festival pode alcan\u00e7ar na din\u00e2mica de uma cidade. Com a expectativa de uma expressiva concentra\u00e7\u00e3o de p\u00fablico na regi\u00e3o da Cidade do Rock, a circula\u00e7\u00e3o de ve\u00edculos e passageiros exige planejamento especial dos \u00f3rg\u00e3os p\u00fablicos.<\/p>\n\n\n\n<p>O hor\u00e1rio normal ser\u00e1 mantido apenas nas reparti\u00e7\u00f5es respons\u00e1veis por servi\u00e7os essenciais e pelo atendimento imediato \u00e0 popula\u00e7\u00e3o.<\/p>\n\n\n\n<p>Assim, por alguns dias, o som das guitarras tamb\u00e9m dita o ritmo das ruas: mexe com o tr\u00e2nsito, muda hor\u00e1rios, movimenta o transporte e altera a rotina de milhares de pessoas.<\/p>\n\n\n\n<p><strong>Sigam:&nbsp;<\/strong><a href=\"https:\/\/www.instagram.com\/sgvaimudar\/\"><strong>@sgvaimudar<\/strong><\/a><a href=\"https:\/\/www.instagram.com\/sgvaimudar2\/\"><strong>@sgvaimudar2<\/strong><\/a><strong><em><\/em><\/strong><\/p>\n\n\n\n<p><strong><em>Passe sua informa\u00e7\u00e3o pelo nosso WhatsApp: (21) <\/em><\/strong><strong><em>99744 5345<\/em><\/strong><strong><em><\/em><\/strong><\/p>\n\n\n\n<p><strong><em>S\u00e3o Gon\u00e7alo Vai Mudar: Not\u00edcias de S\u00e3o Gon\u00e7alo e toda regi\u00e3o.<\/em><\/strong><\/p>\n\n\n\n<figure class=\"wp-block-video\"><video height=\"1280\" style=\"aspect-ratio: 720 \/ 1280;\" width=\"720\" controls src=\"https:\/\/sgvaimudar.com.br\/wp-content\/uploads\/2026\/07\/institucional.SGVM_.EQUIPE.mp4\"><\/video><\/figure>\n","protected":false},"excerpt":{"rendered":"<p>Medida foi publicada pelo governador em exerc\u00edcio no Di\u00e1rio Oficial desta quinta-feira (3) e vale para o primeiro dia do&hellip;<\/p>\n","protected":false},"author":5,"featured_media":46541,"comment_status":"closed","ping_status":"open","sticky":false,"template":"","format":"standard","meta":{"fifu_image_url":"https:\/\/sgvaimudar.com.br\/wp-content\/uploads\/2026\/09\/rock-in-rio-3.webp","fifu_image_alt":"","footnotes":""},"categories":[4,1],"tags":[3116,47,3115,692,429],"class_list":["post-46538","post","type-post","status-publish","format-standard","has-post-thumbnail","hentry","category-brasil","category-mundo","tag-liberados","tag-rj","tag-rock-rio","tag-servidores","tag-trabalho"],"_links":{"self":[{"href":"https:\/\/sgvaimudar.com.br\/index.php\/wp-json\/wp\/v2\/posts\/46538","targetHints":{"allow":["GET"]}}],"collection":[{"href":"https:\/\/sgvaimudar.com.br\/index.php\/wp-json\/wp\/v2\/posts"}],"about":[{"href":"https:\/\/sgvaimudar.com.br\/index.php\/wp-json\/wp\/v2\/types\/post"}],"author":[{"embeddable":true,"href":"https:\/\/sgvaimudar.com.br\/index.php\/wp-json\/wp\/v2\/users\/5"}],"replies":[{"embeddable":true,"href":"https:\/\/sgvaimudar.com.br\/index.php\/wp-json\/wp\/v2\/comments?post=46538"}],"version-history":[{"count":1,"href":"https:\/\/sgvaimudar.com.br\/index.php\/wp-json\/wp\/v2\/posts\/46538\/revisions"}],"predecessor-version":[{"id":46540,"href":"https:\/\/sgvaimudar.com.br\/index.php\/wp-json\/wp\/v2\/posts\/46538\/revisions\/46540"}],"wp:featuredmedia":[{"embeddable":true,"href":"https:\/\/sgvaimudar.com.br\/index.php\/wp-json\/wp\/v2\/media\/46541"}],"wp:attachment":[{"href":"https:\/\/sgvaimudar.com.br\/index.php\/wp-json\/wp\/v2\/media?parent=46538"}],"wp:term":[{"taxonomy":"category","embeddable":true,"href":"https:\/\/sgvaimudar.com.br\/index.php\/wp-json\/wp\/v2\/categories?post=46538"},{"taxonomy":"post_tag","embeddable":true,"href":"https:\/\/sgvaimudar.com.br\/index.php\/wp-json\/wp\/v2\/tags?post=46538"}],"curies":[{"name":"wp","href":"https:\/\/api.w.org\/{rel}","templated":true}]}}