{"id":46533,"date":"2026-09-03T11:00:00","date_gmt":"2026-09-03T14:00:00","guid":{"rendered":"https:\/\/sgvaimudar.com.br\/?p=46533"},"modified":"2026-09-03T09:25:20","modified_gmt":"2026-09-03T12:25:20","slug":"oportunidade-para-quem-busca-emprego-prefeitura-abre-inscricoes-para-curso-profissionalizante-gratuito","status":"publish","type":"post","link":"https:\/\/sgvaimudar.com.br\/index.php\/2026\/09\/03\/oportunidade-para-quem-busca-emprego-prefeitura-abre-inscricoes-para-curso-profissionalizante-gratuito\/","title":{"rendered":"Oportunidade para quem busca emprego: Prefeitura abre inscri\u00e7\u00f5es para curso profissionalizante gratuito"},"content":{"rendered":"\n<p><em>Vagas s\u00e3o para interessados na forma\u00e7\u00e3o em soldador de a\u00e7o carbono eletrodo revestido 4G<\/em><\/p>\n\n\n\n<p><strong><em>Por Wellington Serrano Gomes<\/em><\/strong><\/p>\n\n\n\n<p>Est\u00e1 desempregado e quer aumentar as chances de conseguir um emprego? A Prefeitura de S\u00e3o Gon\u00e7alo, em parceria com a Firjan\/Senai, oferece uma oportunidade de qualifica\u00e7\u00e3o profissional gratuita para quem deseja entrar ou se recolocar no mercado de trabalho. <\/p>\n\n\n\n<p>Est\u00e3o abertas as inscri\u00e7\u00f5es para o curso de soldador de a\u00e7o carbono eletrodo revestido 4G, uma forma\u00e7\u00e3o que pode abrir portas para novas oportunidades profissionais. As inscri\u00e7\u00f5es seguem at\u00e9 as 12h do dia 5 de setembro, e as aulas come\u00e7am no dia 8 de setembro.<\/p>\n\n\n\n<figure class=\"wp-block-image size-large\"><img fetchpriority=\"high\" decoding=\"async\" width=\"819\" height=\"1024\" src=\"https:\/\/sgvaimudar.com.br\/wp-content\/uploads\/2026\/09\/unnamed-1-2-819x1024.jpg\" alt=\"\" class=\"wp-image-46534\" srcset=\"https:\/\/sgvaimudar.com.br\/wp-content\/uploads\/2026\/09\/unnamed-1-2-819x1024.jpg 819w, https:\/\/sgvaimudar.com.br\/wp-content\/uploads\/2026\/09\/unnamed-1-2-240x300.jpg 240w, https:\/\/sgvaimudar.com.br\/wp-content\/uploads\/2026\/09\/unnamed-1-2-768x960.jpg 768w, https:\/\/sgvaimudar.com.br\/wp-content\/uploads\/2026\/09\/unnamed-1-2.jpg 1080w\" sizes=\"(max-width: 819px) 100vw, 819px\" \/><\/figure>\n\n\n\n<p>Ao todo, est\u00e3o sendo disponibilizadas 20 vagas. As aulas ser\u00e3o das 13h \u00e0s 17h, de segunda \u00e0 sexta-feira, e acontecer\u00e3o na sede do Senai, na Rua Doutor Nilo Pe\u00e7anha, n\u00famero 134.<\/p>\n\n\n\n<p>Para se inscrever, \u00e9 preciso ter 18 anos, com ensino fundamental conclu\u00eddo. No ato da inscri\u00e7\u00e3o, que pode ser feita presencialmente na sede do Senai, \u00e9 necess\u00e1rio apresentar a seguinte documenta\u00e7\u00e3o: RG, CPF, comprovante de resid\u00eancia, comprovante de escolaridade e carta de baixa renda devidamente preenchida.<\/p>\n\n\n\n<p>\u00c9 importante destacar que as inscri\u00e7\u00f5es ser\u00e3o realizadas por ordem de chegada, respeitando a sequ\u00eancia de comparecimento dos interessados. Ap\u00f3s o preenchimento dessas vagas, as inscri\u00e7\u00f5es ser\u00e3o automaticamente encerradas.<\/p>\n\n\n\n<p>As vagas ser\u00e3o destinadas prioritariamente a moradores do munic\u00edpio de S\u00e3o Gon\u00e7alo, podendo ser preenchidas por candidatos de outros munic\u00edpios em caso de vagas remanescentes.<\/p>\n\n\n\n<p><strong>Sigam:&nbsp;<\/strong><a href=\"https:\/\/www.instagram.com\/sgvaimudar\/\"><strong>@sgvaimudar<\/strong><\/a><a href=\"https:\/\/www.instagram.com\/sgvaimudar2\/\"><strong>@sgvaimudar2<\/strong><\/a><strong><em><\/em><\/strong><\/p>\n\n\n\n<p><strong><em>Passe sua informa\u00e7\u00e3o pelo nosso WhatsApp: (21) <\/em><\/strong><strong><em>99744 5345<\/em><\/strong><strong><em><\/em><\/strong><\/p>\n\n\n\n<p><strong><em>S\u00e3o Gon\u00e7alo Vai Mudar: Not\u00edcias de S\u00e3o Gon\u00e7alo e toda regi\u00e3o.<\/em><\/strong><\/p>\n\n\n\n<figure class=\"wp-block-video\"><video height=\"1280\" style=\"aspect-ratio: 720 \/ 1280;\" width=\"720\" controls src=\"https:\/\/sgvaimudar.com.br\/wp-content\/uploads\/2026\/07\/LOGOSGVMPARAFECHAMENTO.mp4\"><\/video><\/figure>\n","protected":false},"excerpt":{"rendered":"<p>Vagas s\u00e3o para interessados na forma\u00e7\u00e3o em soldador de a\u00e7o carbono eletrodo revestido 4G Por Wellington Serrano Gomes Est\u00e1 desempregado&hellip;<\/p>\n","protected":false},"author":5,"featured_media":46536,"comment_status":"closed","ping_status":"open","sticky":false,"template":"","format":"standard","meta":{"fifu_image_url":"https:\/\/sgvaimudar.com.br\/wp-content\/uploads\/2024\/05\/FIRJAN-Fachada-28-09-2023-Fotos-Julio-Diniz-5.jpg","fifu_image_alt":"","footnotes":""},"categories":[3],"tags":[3114,502,3113,1334,47,75],"class_list":["post-46533","post","type-post","status-publish","format-standard","has-post-thumbnail","hentry","category-sao-goncalo","tag-caminho","tag-emprego","tag-independencia","tag-oportunidades","tag-rj","tag-sao-goncalo"],"_links":{"self":[{"href":"https:\/\/sgvaimudar.com.br\/index.php\/wp-json\/wp\/v2\/posts\/46533","targetHints":{"allow":["GET"]}}],"collection":[{"href":"https:\/\/sgvaimudar.com.br\/index.php\/wp-json\/wp\/v2\/posts"}],"about":[{"href":"https:\/\/sgvaimudar.com.br\/index.php\/wp-json\/wp\/v2\/types\/post"}],"author":[{"embeddable":true,"href":"https:\/\/sgvaimudar.com.br\/index.php\/wp-json\/wp\/v2\/users\/5"}],"replies":[{"embeddable":true,"href":"https:\/\/sgvaimudar.com.br\/index.php\/wp-json\/wp\/v2\/comments?post=46533"}],"version-history":[{"count":2,"href":"https:\/\/sgvaimudar.com.br\/index.php\/wp-json\/wp\/v2\/posts\/46533\/revisions"}],"predecessor-version":[{"id":46537,"href":"https:\/\/sgvaimudar.com.br\/index.php\/wp-json\/wp\/v2\/posts\/46533\/revisions\/46537"}],"wp:featuredmedia":[{"embeddable":true,"href":"https:\/\/sgvaimudar.com.br\/index.php\/wp-json\/wp\/v2\/media\/46536"}],"wp:attachment":[{"href":"https:\/\/sgvaimudar.com.br\/index.php\/wp-json\/wp\/v2\/media?parent=46533"}],"wp:term":[{"taxonomy":"category","embeddable":true,"href":"https:\/\/sgvaimudar.com.br\/index.php\/wp-json\/wp\/v2\/categories?post=46533"},{"taxonomy":"post_tag","embeddable":true,"href":"https:\/\/sgvaimudar.com.br\/index.php\/wp-json\/wp\/v2\/tags?post=46533"}],"curies":[{"name":"wp","href":"https:\/\/api.w.org\/{rel}","templated":true}]}}