{"id":46529,"date":"2026-09-03T09:03:10","date_gmt":"2026-09-03T12:03:10","guid":{"rendered":"https:\/\/sgvaimudar.com.br\/?p=46529"},"modified":"2026-09-03T09:03:11","modified_gmt":"2026-09-03T12:03:11","slug":"caio-martins-vai-ter-parque-e-reservatorio-para-ajudar-a-combater-alagamentos-em-icarai","status":"publish","type":"post","link":"https:\/\/sgvaimudar.com.br\/index.php\/2026\/09\/03\/caio-martins-vai-ter-parque-e-reservatorio-para-ajudar-a-combater-alagamentos-em-icarai\/","title":{"rendered":"Caio Martins vai ter parque e reservat\u00f3rio para ajudar a combater alagamentos em Icara\u00ed"},"content":{"rendered":"\n<p><em>Parceria viabiliza constru\u00e7\u00e3o de reservat\u00f3rio subterr\u00e2neo para 80 milh\u00f5es de litros de \u00e1gua e novo parque de conviv\u00eancia<\/em><\/p>\n\n\n\n<p><strong><em>Por Wellington Serrano Gomes<\/em><\/strong><\/p>\n\n\n\n<p>Depois de anos de transtornos causados pelos alagamentos, moradores de Icara\u00ed, em Niter\u00f3i, podem ter uma nova esperan\u00e7a para enfrentar o problema que costuma castigar a regi\u00e3o em dias de chuva forte. <\/p>\n\n\n\n<p>O Governo do Estado formalizou, nesta quarta-feira (2), a cess\u00e3o de 25 mil metros quadrados do Est\u00e1dio Caio Martins para a Prefeitura de Niter\u00f3i. No local, ser\u00e1 constru\u00eddo um reservat\u00f3rio subterr\u00e2neo com capacidade para armazenar 80 milh\u00f5es de litros de \u00e1gua, al\u00e9m de um parque p\u00fablico com espa\u00e7os para esporte, lazer e conviv\u00eancia das fam\u00edlias.<\/p>\n\n\n\n<p>A iniciativa dar\u00e1 uma destina\u00e7\u00e3o p\u00fablica ideal ao complexo, dividida em etapas estruturadas de infraestrutura e lazer. De acordo com Neves, as obras do subsolo come\u00e7am ainda este ano para a constru\u00e7\u00e3o de um grande reservat\u00f3rio de \u00e1gua com capacidade para mais de 80 milh\u00f5es de litros, visando solucionar o hist\u00f3rico problema de inunda\u00e7\u00f5es na regi\u00e3o. Al\u00e9m disso, o ato encerra um impasse de d\u00e9cadas sobre a \u00e1rea degradada. Na superf\u00edcie do complexo esportivo, o terreno do campo dar\u00e1 lugar a um moderno parque de conviv\u00eancia, enquanto o gin\u00e1sio e o parque aqu\u00e1tico ser\u00e3o totalmente modernizados pela prefeitura. A gest\u00e3o do restante do complexo, que abriga o gin\u00e1sio e as piscinas, permanece sob a responsabilidade direta do Estado.<\/p>\n\n\n\n<p>&#8211; A constru\u00e7\u00e3o de um parque vai levar toda a comunidade a aproveitar um ganho na \u00e1rea de sa\u00fade e educacional, porque esporte e educa\u00e7\u00e3o caminham juntos. E tamb\u00e9m teremos um desafogo em dias de chuva, com uma piscina para absorver a \u00e1gua no subsolo. Isso ser\u00e1 muito importante para a popula\u00e7\u00e3o de Niter\u00f3i &#8211; &nbsp;destacou o governador, desembargador Ricardo Couto &#8211; destacou o governador Ricardo Couto.<\/p>\n\n\n\n<p>O gin\u00e1sio e o parque aqu\u00e1tico ser\u00e3o modernizados com investimentos municipais para atender idosos com piscinas aquecidas, embora a gest\u00e3o dessa \u00e1rea continue com o Governo do Estado.<\/p>\n\n\n\n<p>&#8211; Com essa cess\u00e3o a gente consegue fazer um grande parque de conviv\u00eancia para as fam\u00edlias, focado no esporte, e embaixo um reservat\u00f3rio de mais de 80 milh\u00f5es de litros de \u00e1gua, resolvendo um problema de inunda\u00e7\u00f5es de mais de 50 anos naquela regi\u00e3o &#8211; afirmou o prefeito Rodrigo Neves.<\/p>\n\n\n\n<p><strong>Sobre o Caio Martins<\/strong><\/p>\n\n\n\n<p>Com 85 anos de hist\u00f3ria, o Complexo Esportivo Caio Martins tem uma trajet\u00f3ria rica e multifacetada. Inaugurado em 20 de julho de 1941, o local foi testemunha de momentos emblem\u00e1ticos, n\u00e3o apenas no esporte, mas na hist\u00f3ria do Brasil.<\/p>\n\n\n\n<p>Localizado no cora\u00e7\u00e3o do bairro de Icara\u00ed, o complexo esportivo \u00e9 formado por um est\u00e1dio de futebol com capacidade para 15 mil pessoas; gin\u00e1sio coberto com capacidade para 5 mil pessoas; tr\u00eas quadras poliesportivas externas; parque aqu\u00e1tico com capacidade para 2 mil pessoas; alojamentos; e salas diversas.<\/p>\n\n\n\n<p>Atualmente, s\u00e3o oferecidas 27 modalidades esportivas gratuitas, como aulas de nata\u00e7\u00e3o (infantil e adulto), hidrogin\u00e1stica, zumba, thai chi chuan, alongamento, capoeira, yoga e basquete para cerca de 2 mil pessoas inscritas nessas atividades.<\/p>\n\n\n\n<p><strong>Sigam:&nbsp;<\/strong><a href=\"https:\/\/www.instagram.com\/sgvaimudar\/\"><strong>@sgvaimudar<\/strong><\/a><a href=\"https:\/\/www.instagram.com\/sgvaimudar2\/\"><strong>@sgvaimudar2<\/strong><\/a><strong><em><\/em><\/strong><\/p>\n\n\n\n<p><strong><em>Passe sua informa\u00e7\u00e3o pelo nosso WhatsApp: (21) <\/em><\/strong><strong><em>99744 5345<\/em><\/strong><strong><em><\/em><\/strong><\/p>\n\n\n\n<p><strong><em>S\u00e3o Gon\u00e7alo Vai Mudar: Not\u00edcias de S\u00e3o Gon\u00e7alo e toda regi\u00e3o.<\/em><\/strong><\/p>\n\n\n\n<figure class=\"wp-block-video\"><video height=\"1280\" style=\"aspect-ratio: 720 \/ 1280;\" width=\"720\" controls src=\"https:\/\/sgvaimudar.com.br\/wp-content\/uploads\/2026\/07\/institucional.SGVM_.EQUIPE.mp4\"><\/video><\/figure>\n","protected":false},"excerpt":{"rendered":"<p>Parceria viabiliza constru\u00e7\u00e3o de reservat\u00f3rio subterr\u00e2neo para 80 milh\u00f5es de litros de \u00e1gua e novo parque de conviv\u00eancia Por Wellington&hellip;<\/p>\n","protected":false},"author":5,"featured_media":46532,"comment_status":"closed","ping_status":"open","sticky":false,"template":"","format":"standard","meta":{"fifu_image_url":"https:\/\/sgvaimudar.com.br\/wp-content\/uploads\/2026\/09\/E-sabT5NXHKcj8B-mx8LB05RA8LsUktvY1QCoc9v7ooeoKvKSOS3X-3Ttiv4qFAd-Pdejq29UCOKK5YI2yKOKPbB6iKO9N1dZWBSBcP-2W459CpD2YxQQqrfDd08P54zF6f2UC816KcqTM-nVUuxcmqUwuztY0JilvT0GdaksVCCFR_YpAVcpSPN8h8RKzJg.jpg","fifu_image_alt":"","footnotes":""},"categories":[34],"tags":[3110,3111,3109,3112],"class_list":["post-46529","post","type-post","status-publish","format-standard","has-post-thumbnail","hentry","category-niteroi","tag-caio","tag-martins","tag-menina-dos-olhos-de-niteroi","tag-zona-sul"],"_links":{"self":[{"href":"https:\/\/sgvaimudar.com.br\/index.php\/wp-json\/wp\/v2\/posts\/46529","targetHints":{"allow":["GET"]}}],"collection":[{"href":"https:\/\/sgvaimudar.com.br\/index.php\/wp-json\/wp\/v2\/posts"}],"about":[{"href":"https:\/\/sgvaimudar.com.br\/index.php\/wp-json\/wp\/v2\/types\/post"}],"author":[{"embeddable":true,"href":"https:\/\/sgvaimudar.com.br\/index.php\/wp-json\/wp\/v2\/users\/5"}],"replies":[{"embeddable":true,"href":"https:\/\/sgvaimudar.com.br\/index.php\/wp-json\/wp\/v2\/comments?post=46529"}],"version-history":[{"count":1,"href":"https:\/\/sgvaimudar.com.br\/index.php\/wp-json\/wp\/v2\/posts\/46529\/revisions"}],"predecessor-version":[{"id":46531,"href":"https:\/\/sgvaimudar.com.br\/index.php\/wp-json\/wp\/v2\/posts\/46529\/revisions\/46531"}],"wp:featuredmedia":[{"embeddable":true,"href":"https:\/\/sgvaimudar.com.br\/index.php\/wp-json\/wp\/v2\/media\/46532"}],"wp:attachment":[{"href":"https:\/\/sgvaimudar.com.br\/index.php\/wp-json\/wp\/v2\/media?parent=46529"}],"wp:term":[{"taxonomy":"category","embeddable":true,"href":"https:\/\/sgvaimudar.com.br\/index.php\/wp-json\/wp\/v2\/categories?post=46529"},{"taxonomy":"post_tag","embeddable":true,"href":"https:\/\/sgvaimudar.com.br\/index.php\/wp-json\/wp\/v2\/tags?post=46529"}],"curies":[{"name":"wp","href":"https:\/\/api.w.org\/{rel}","templated":true}]}}