{"id":46511,"date":"2026-09-03T07:36:28","date_gmt":"2026-09-03T10:36:28","guid":{"rendered":"https:\/\/sgvaimudar.com.br\/?p=46511"},"modified":"2026-09-03T07:36:28","modified_gmt":"2026-09-03T10:36:28","slug":"guarda-municipal-de-sao-goncalo-promove-nova-capacitacao-para-a-patrulha-maria-da-penha","status":"publish","type":"post","link":"https:\/\/sgvaimudar.com.br\/index.php\/2026\/09\/03\/guarda-municipal-de-sao-goncalo-promove-nova-capacitacao-para-a-patrulha-maria-da-penha\/","title":{"rendered":"Guarda Municipal de S\u00e3o Gon\u00e7alo promove nova capacita\u00e7\u00e3o para a Patrulha Maria da Penha"},"content":{"rendered":"\n<p><em>Atividade teve foco no atendimento, prote\u00e7\u00e3o e perspectiva de g\u00eanero na seguran\u00e7a p\u00fablica<\/em><\/p>\n\n\n\n<p>No m\u00eas em que celebra dois anos de atua\u00e7\u00e3o, o grupamento Patrulha Maria da Penha, da Guarda Municipal de S\u00e3o Gon\u00e7alo, participou de mais uma capacita\u00e7\u00e3o. Nesta quarta-feira (2), oito agentes estiveram na sede do Minist\u00e9rio P\u00fablico do Estado do Rio de Janeiro, em S\u00e3o Gon\u00e7alo, participando do evento \u2018Dia C de Capacita\u00e7\u00e3o \u2013 Atendimento, Prote\u00e7\u00e3o e Perspectiva de G\u00eanero na Seguran\u00e7a P\u00fablica\u2019.<\/p>\n\n\n\n<p>A participa\u00e7\u00e3o na capacita\u00e7\u00e3o contribuiu para o fortalecimento da atua\u00e7\u00e3o da Patrulha Maria da Penha da Guarda Municipal de S\u00e3o Gon\u00e7alo. Durante o dia, os agentes aprenderam sobre perspectiva de g\u00eanero na atua\u00e7\u00e3o dos profissionais de seguran\u00e7a p\u00fablica, acolhimento e atendimento sem revitimiza\u00e7\u00e3o, medidas protetivas de urg\u00eancia e avalia\u00e7\u00e3o de risco, com foco em fortalecer as formas de enfrentamento \u00e0 viol\u00eancia e a rede de prote\u00e7\u00e3o \u00e0s v\u00edtimas. As aulas foram transmitidas ao vivo para 80 munic\u00edpios. Al\u00e9m de guardas, estavam presentes agentes de seguran\u00e7a do Estado.<\/p>\n\n\n\n<p>A capacita\u00e7\u00e3o foi desenvolvida pela Escola Nacional de Seguran\u00e7a P\u00fablica (ENSP), do Minist\u00e9rio da Justi\u00e7a e Seguran\u00e7a P\u00fablica (MJSP), sendo realizado pela Secretaria Nacional de Seguran\u00e7a P\u00fablica (Senasp) e pelo Comit\u00ea de Governan\u00e7a das Pol\u00edticas de Seguran\u00e7a P\u00fablica voltadas \u00e0 Preven\u00e7\u00e3o e ao Enfrentamento da Viol\u00eancia contra Mulheres e Meninas (CGV-Mulheres), em parceria com o Minist\u00e9rio das Mulheres (MM), o Conselho Nacional de Procuradores-Gerais (CNPG) e a Comiss\u00e3o Permanente de Combate \u00e0 Viol\u00eancia Dom\u00e9stica e Familiar contra a Mulher (Copevid).<\/p>\n\n\n\n<p>\u201cA iniciativa de promover a participa\u00e7\u00e3o dos agentes partiu do Centro de Forma\u00e7\u00e3o e Instru\u00e7\u00e3o da Guarda Municipal de S\u00e3o Gon\u00e7alo (CFI-GMSG). Com os nossos servidores aqui, estamos reafirmando o compromisso da institui\u00e7\u00e3o com a capacita\u00e7\u00e3o permanente e o aprimoramento profissional deles. Al\u00e9m de fortalecer a atua\u00e7\u00e3o da Patrulha Maria da Penha, estamos proporcionando aos agentes conhecimentos importantes para um atendimento cada vez mais t\u00e9cnico, acolhedor e integrado \u00e0 rede de prote\u00e7\u00e3o \u00e0s mulheres\u201d, destacou Rejane Santos, diretora do CFI da Guarda Municipal.<\/p>\n\n\n\n<p><strong>Sobre a Patrulha Maria da Penha<\/strong>&nbsp;\u2013 O Grupamento atua diretamente em casos de agress\u00f5es e amea\u00e7as contra a integridade de mulheres. A Patrulha Maria da Penha contribui para prote\u00e7\u00e3o, monitoramento e acompanhamento das mulheres v\u00edtimas de viol\u00eancia dom\u00e9stica ou familiar que possuam medidas protetivas de urg\u00eancia, de forma integrada \u00e0s a\u00e7\u00f5es realizadas pela rede de atendimento que combate a viol\u00eancia contra a mulher.<\/p>\n\n\n\n<p><em>Fotos: Renan Otto<\/em><\/p>\n\n\n\n<p><\/p>\n\n\n\n<figure class=\"wp-block-video\"><video height=\"1280\" style=\"aspect-ratio: 720 \/ 1280;\" width=\"720\" controls src=\"https:\/\/sgvaimudar.com.br\/wp-content\/uploads\/2026\/01\/NoticiaUrgete.logoSGVM.mp4\"><\/video><\/figure>\n","protected":false},"excerpt":{"rendered":"<p>Atividade teve foco no atendimento, prote\u00e7\u00e3o e perspectiva de g\u00eanero na seguran\u00e7a p\u00fablica No m\u00eas em que celebra dois anos&hellip;<\/p>\n","protected":false},"author":5,"featured_media":46514,"comment_status":"closed","ping_status":"open","sticky":false,"template":"","format":"standard","meta":{"fifu_image_url":"https:\/\/sgvaimudar.com.br\/wp-content\/uploads\/2026\/09\/unnamed-9.jpg","fifu_image_alt":"","footnotes":""},"categories":[32],"tags":[251,748,621,620,622,47,75],"class_list":["post-46511","post","type-post","status-publish","format-standard","has-post-thumbnail","hentry","category-casos-de-policia","tag-capacitacao","tag-gm","tag-maria","tag-patrulha","tag-penha","tag-rj","tag-sao-goncalo"],"_links":{"self":[{"href":"https:\/\/sgvaimudar.com.br\/index.php\/wp-json\/wp\/v2\/posts\/46511","targetHints":{"allow":["GET"]}}],"collection":[{"href":"https:\/\/sgvaimudar.com.br\/index.php\/wp-json\/wp\/v2\/posts"}],"about":[{"href":"https:\/\/sgvaimudar.com.br\/index.php\/wp-json\/wp\/v2\/types\/post"}],"author":[{"embeddable":true,"href":"https:\/\/sgvaimudar.com.br\/index.php\/wp-json\/wp\/v2\/users\/5"}],"replies":[{"embeddable":true,"href":"https:\/\/sgvaimudar.com.br\/index.php\/wp-json\/wp\/v2\/comments?post=46511"}],"version-history":[{"count":1,"href":"https:\/\/sgvaimudar.com.br\/index.php\/wp-json\/wp\/v2\/posts\/46511\/revisions"}],"predecessor-version":[{"id":46513,"href":"https:\/\/sgvaimudar.com.br\/index.php\/wp-json\/wp\/v2\/posts\/46511\/revisions\/46513"}],"wp:featuredmedia":[{"embeddable":true,"href":"https:\/\/sgvaimudar.com.br\/index.php\/wp-json\/wp\/v2\/media\/46514"}],"wp:attachment":[{"href":"https:\/\/sgvaimudar.com.br\/index.php\/wp-json\/wp\/v2\/media?parent=46511"}],"wp:term":[{"taxonomy":"category","embeddable":true,"href":"https:\/\/sgvaimudar.com.br\/index.php\/wp-json\/wp\/v2\/categories?post=46511"},{"taxonomy":"post_tag","embeddable":true,"href":"https:\/\/sgvaimudar.com.br\/index.php\/wp-json\/wp\/v2\/tags?post=46511"}],"curies":[{"name":"wp","href":"https:\/\/api.w.org\/{rel}","templated":true}]}}