{"id":46496,"date":"2026-09-02T10:37:48","date_gmt":"2026-09-02T13:37:48","guid":{"rendered":"https:\/\/sgvaimudar.com.br\/?p=46496"},"modified":"2026-09-02T10:37:49","modified_gmt":"2026-09-02T13:37:49","slug":"tre-rj-rejeita-registro-de-candidatura-de-val-ceasa","status":"publish","type":"post","link":"https:\/\/sgvaimudar.com.br\/index.php\/2026\/09\/02\/tre-rj-rejeita-registro-de-candidatura-de-val-ceasa\/","title":{"rendered":"TRE-RJ rejeita registro de candidatura de Val Ceasa"},"content":{"rendered":"\n<p><em>Decis\u00e3o un\u00e2nime tamb\u00e9m determinou o envio de informa\u00e7\u00f5es \u00e0 Procuradoria Regional Eleitoral para apura\u00e7\u00e3o de eventual responsabilidade do partido<\/em><\/p>\n\n\n\n<p>O Tribunal Regional Eleitoral do Rio de Janeiro (TRE-RJ) decidiu, por unanimidade, na sess\u00e3o desta ter\u00e7a-feira (1\u00ba), indeferir o registro da candidatura do deputado estadual Val Ceasa (PRD) \u00e0 Assembleia Legislativa do Estado do Rio de Janeiro (Alerj). O julgamento ocorreu em a\u00e7\u00e3o de impugna\u00e7\u00e3o apresentada pela Procuradoria Regional Eleitoral (PRE).<\/p>\n\n\n\n<p>A Corte entendeu que os elementos reunidos no processo eram suficientes para impedir o registro da candidatura, diante de ind\u00edcios de v\u00ednculo do parlamentar com integrantes de organiza\u00e7\u00e3o criminosa. A an\u00e1lise foi restrita aos requisitos para participa\u00e7\u00e3o no processo eleitoral e n\u00e3o representa condena\u00e7\u00e3o criminal.<\/p>\n\n\n\n<p>O colegiado tamb\u00e9m determinou o envio de informa\u00e7\u00f5es \u00e0 PRE para apura\u00e7\u00e3o de eventual responsabilidade do Partido Renova\u00e7\u00e3o Democr\u00e1tica (PRD) na escolha do candidato, considerando que o pedido de registro foi apresentado ap\u00f3s a retirada do sigilo das investiga\u00e7\u00f5es. A medida n\u00e3o implica responsabiliza\u00e7\u00e3o autom\u00e1tica da legenda, que depender\u00e1 de investiga\u00e7\u00e3o pr\u00f3pria.<\/p>\n\n\n\n<p>Durante o julgamento, o presidente do TRE-RJ, desembargador Cl\u00e1udio de Mello Tavares, destacou a atua\u00e7\u00e3o preventiva da Justi\u00e7a Eleitoral para impedir que organiza\u00e7\u00f5es criminosas exer\u00e7am influ\u00eancia sobre o processo eleitoral e ressaltou a responsabilidade dos partidos na escolha dos candidatos apresentados \u00e0 sociedade. Cabe recurso ao Tribunal Superior Eleitoral (TSE).<\/p>\n\n\n\n<p><strong>Sigam:&nbsp;<\/strong><a href=\"https:\/\/www.instagram.com\/sgvaimudar\/\"><strong>@sgvaimudar<\/strong><\/a><a href=\"https:\/\/www.instagram.com\/sgvaimudar2\/\"><strong>@sgvaimudar2<\/strong><\/a><strong><em><\/em><\/strong><\/p>\n\n\n\n<p><strong><em>Passe sua informa\u00e7\u00e3o pelo nosso WhatsApp: (21) <\/em><\/strong><strong><em>99744 5345<\/em><\/strong><strong><em><\/em><\/strong><\/p>\n\n\n\n<p><strong><em>S\u00e3o Gon\u00e7alo Vai Mudar: Not\u00edcias de S\u00e3o Gon\u00e7alo e toda regi\u00e3o.<\/em><\/strong><\/p>\n\n\n\n<figure class=\"wp-block-image size-large is-resized\"><img fetchpriority=\"high\" decoding=\"async\" width=\"577\" height=\"1024\" src=\"https:\/\/sgvaimudar.com.br\/wp-content\/uploads\/2026\/01\/vceoreporter.SGVM_-577x1024.jpg\" alt=\"\" class=\"wp-image-36417\" style=\"width:685px;height:auto\" srcset=\"https:\/\/sgvaimudar.com.br\/wp-content\/uploads\/2026\/01\/vceoreporter.SGVM_-577x1024.jpg 577w, https:\/\/sgvaimudar.com.br\/wp-content\/uploads\/2026\/01\/vceoreporter.SGVM_-169x300.jpg 169w, https:\/\/sgvaimudar.com.br\/wp-content\/uploads\/2026\/01\/vceoreporter.SGVM_.jpg 640w\" sizes=\"(max-width: 577px) 100vw, 577px\" \/><\/figure>\n","protected":false},"excerpt":{"rendered":"<p>Decis\u00e3o un\u00e2nime tamb\u00e9m determinou o envio de informa\u00e7\u00f5es \u00e0 Procuradoria Regional Eleitoral para apura\u00e7\u00e3o de eventual responsabilidade do partido O&hellip;<\/p>\n","protected":false},"author":5,"featured_media":46499,"comment_status":"closed","ping_status":"open","sticky":false,"template":"","format":"standard","meta":{"fifu_image_url":"https:\/\/sgvaimudar.com.br\/wp-content\/uploads\/2026\/09\/7-0qOsQTPUWXFNc1tUpxHOlOxK_zMQOzrtBQmrmwZXSN0sLmgDLMCfq__BZ0EqDjjAOJSXFczxTOWrgCUYKuLr-kpotvyVAmIKXWKsWoCg4fKJGtIbs3Z2P5oWWQNb-vA4rOxldsl6fSk9dW98LN_ItUqIQeWzoRFXIUvxfjbWwor3g611jmWkOXZJ1T7GJB.jpg","fifu_image_alt":"","footnotes":""},"categories":[4],"tags":[3106,1832,3107,47,613],"class_list":["post-46496","post","type-post","status-publish","format-standard","has-post-thumbnail","hentry","category-brasil","tag-candidatura","tag-eleicoes","tag-indeferida","tag-rj","tag-tre-rj"],"_links":{"self":[{"href":"https:\/\/sgvaimudar.com.br\/index.php\/wp-json\/wp\/v2\/posts\/46496","targetHints":{"allow":["GET"]}}],"collection":[{"href":"https:\/\/sgvaimudar.com.br\/index.php\/wp-json\/wp\/v2\/posts"}],"about":[{"href":"https:\/\/sgvaimudar.com.br\/index.php\/wp-json\/wp\/v2\/types\/post"}],"author":[{"embeddable":true,"href":"https:\/\/sgvaimudar.com.br\/index.php\/wp-json\/wp\/v2\/users\/5"}],"replies":[{"embeddable":true,"href":"https:\/\/sgvaimudar.com.br\/index.php\/wp-json\/wp\/v2\/comments?post=46496"}],"version-history":[{"count":1,"href":"https:\/\/sgvaimudar.com.br\/index.php\/wp-json\/wp\/v2\/posts\/46496\/revisions"}],"predecessor-version":[{"id":46498,"href":"https:\/\/sgvaimudar.com.br\/index.php\/wp-json\/wp\/v2\/posts\/46496\/revisions\/46498"}],"wp:featuredmedia":[{"embeddable":true,"href":"https:\/\/sgvaimudar.com.br\/index.php\/wp-json\/wp\/v2\/media\/46499"}],"wp:attachment":[{"href":"https:\/\/sgvaimudar.com.br\/index.php\/wp-json\/wp\/v2\/media?parent=46496"}],"wp:term":[{"taxonomy":"category","embeddable":true,"href":"https:\/\/sgvaimudar.com.br\/index.php\/wp-json\/wp\/v2\/categories?post=46496"},{"taxonomy":"post_tag","embeddable":true,"href":"https:\/\/sgvaimudar.com.br\/index.php\/wp-json\/wp\/v2\/tags?post=46496"}],"curies":[{"name":"wp","href":"https:\/\/api.w.org\/{rel}","templated":true}]}}