{"id":46488,"date":"2026-09-02T10:19:10","date_gmt":"2026-09-02T13:19:10","guid":{"rendered":"https:\/\/sgvaimudar.com.br\/?p=46488"},"modified":"2026-09-02T10:30:12","modified_gmt":"2026-09-02T13:30:12","slug":"morre-gracindo-jr-ator-e-diretor-aos-83-anos-no-rio","status":"publish","type":"post","link":"https:\/\/sgvaimudar.com.br\/index.php\/2026\/09\/02\/morre-gracindo-jr-ator-e-diretor-aos-83-anos-no-rio\/","title":{"rendered":"Morre Gracindo Jr., ator e diretor, aos 83 anos, no Rio"},"content":{"rendered":"\n<p><em>Artista teve uma carreira de mais de cinco d\u00e9cadas no teatro, r\u00e1dio, cinema e televis\u00e3o e foi um dos pioneiros da TV Globo<\/em><\/p>\n\n\n\n<p>O ator e diretor Gracindo Jr. morreu aos 83 anos, no Rio de Janeiro. O artista faleceu em casa na noite de ter\u00e7a-feira (1\u00ba). A informa\u00e7\u00e3o foi confirmada pelo filho, Pedro Gracindo. A causa da morte n\u00e3o foi divulgada.<\/p>\n\n\n\n<p>Nascido Epaminondas Xavier Gracindo, em 21 de maio de 1943, Gracindo Jr. era filho do consagrado ator Paulo Gracindo e construiu uma trajet\u00f3ria de mais de 50 anos na televis\u00e3o, no teatro, no r\u00e1dio e no cinema.<\/p>\n\n\n\n<p>Gracindo Jr. participou da inaugura\u00e7\u00e3o da TV Globo, em 1965, e integrou o elenco da segunda novela da emissora, \u201cRosinha do Sobrado\u201d. Ao longo dos anos, esteve em produ\u00e7\u00f5es como \u201cPadre Ti\u00e3o\u201d, \u201cA Pr\u00f3xima Atra\u00e7\u00e3o\u201d, \u201cOs Ossos do Bar\u00e3o\u201d, \u201cSupermanoela\u201d, \u201cO Bem-Amado\u201d, \u201cDona Beija\u201d, \u201cO Salvador da P\u00e1tria\u201d e \u201cCelebridade\u201d.<\/p>\n\n\n\n<p>Um dos momentos marcantes de sua carreira aconteceu em \u201cO Casar\u00e3o\u201d, de 1976. Na novela, Gracindo Jr. interpretou o jovem Jo\u00e3o Maciel, enquanto seu pai, Paulo Gracindo, viveu a vers\u00e3o mais velha do mesmo personagem.<\/p>\n\n\n\n<p>Al\u00e9m da atua\u00e7\u00e3o, Gracindo Jr. tamb\u00e9m trabalhou como diretor e esteve \u00e0 frente de produ\u00e7\u00f5es de televis\u00e3o, incluindo \u201cMarron-Glac\u00ea\u201d e trabalhos relacionados a \u201cOs Trapalh\u00f5es\u201d. Sua carreira tamb\u00e9m passou pelos palcos e pelo cinema.<\/p>\n\n\n\n<p><strong>R\u00c1DIO <\/strong>&#8211; A rela\u00e7\u00e3o de Gracindo Jr. com a arte come\u00e7ou ainda na adolesc\u00eancia. Aos 15 anos, ele fez um teste para a R\u00e1dio Nacional e passou a trabalhar como ator e redator. Posteriormente, tamb\u00e9m atuou no teatro, onde estreou em \u201cA Escada\u201d, de Oswald de Andrade.<\/p>\n\n\n\n<p>O artista deixa um legado importante para a dramaturgia brasileira, com uma carreira que atravessou diferentes fases da televis\u00e3o e reuniu trabalhos como ator, diretor e profissional do r\u00e1dio e do cinema.<\/p>\n\n\n\n<p>O governador em exerc\u00edcio do Estado do Rio de Janeiro, desembargador Ricardo Couto, disse que recebeu com tristeza a not\u00edcia da morte do ator e diretor Gracindo Jr., um dos nomes fundamentais na constru\u00e7\u00e3o da hist\u00f3ria da dramaturgia brasileira.<\/p>\n\n\n\n<p>&#8220;Ao longo de mais de cinco d\u00e9cadas dedicadas ao teatro, \u00e0 televis\u00e3o, ao r\u00e1dio e ao cinema, Gracindo Jr. teve uma trajet\u00f3ria marcada pelo talento, versatilidade e compromisso com a cultura e o entretenimento. Neste momento de dor, manifesto minha solidariedade aos familiares, amigos e a todos que tiveram o privil\u00e9gio de conviver com ele&#8221;, escreveu na postagem.<\/p>\n\n\n\n<p>O vel\u00f3rio est\u00e1 marcado para esta quinta-feira (3), no Cremat\u00f3rio e Cemit\u00e9rio da Penit\u00eancia, no Rio. A cerim\u00f4nia ter\u00e1 in\u00edcio \u00e0s 12h10, e a crema\u00e7\u00e3o est\u00e1 prevista para as 14h10.<\/p>\n\n\n\n<p><strong>Sigam:&nbsp;<\/strong><a href=\"https:\/\/www.instagram.com\/sgvaimudar\/\"><strong>@sgvaimudar<\/strong><\/a><a href=\"https:\/\/www.instagram.com\/sgvaimudar2\/\"><strong>@sgvaimudar2<\/strong><\/a><strong><em><\/em><\/strong><\/p>\n\n\n\n<p><strong><em>Passe sua informa\u00e7\u00e3o pelo nosso WhatsApp: (21) <\/em><\/strong><strong><em>99744 5345<\/em><\/strong><strong><em><\/em><\/strong><\/p>\n\n\n\n<p><strong><em>S\u00e3o Gon\u00e7alo Vai Mudar: Not\u00edcias de S\u00e3o Gon\u00e7alo e toda regi\u00e3o.<\/em><\/strong><\/p>\n\n\n\n<figure class=\"wp-block-image size-large is-resized\"><img fetchpriority=\"high\" decoding=\"async\" width=\"577\" height=\"1024\" src=\"https:\/\/sgvaimudar.com.br\/wp-content\/uploads\/2026\/01\/vceoreporter.SGVM_-577x1024.jpg\" alt=\"\" class=\"wp-image-36417\" style=\"width:711px;height:auto\" srcset=\"https:\/\/sgvaimudar.com.br\/wp-content\/uploads\/2026\/01\/vceoreporter.SGVM_-577x1024.jpg 577w, https:\/\/sgvaimudar.com.br\/wp-content\/uploads\/2026\/01\/vceoreporter.SGVM_-169x300.jpg 169w, https:\/\/sgvaimudar.com.br\/wp-content\/uploads\/2026\/01\/vceoreporter.SGVM_.jpg 640w\" sizes=\"(max-width: 577px) 100vw, 577px\" \/><\/figure>\n","protected":false},"excerpt":{"rendered":"<p>Artista teve uma carreira de mais de cinco d\u00e9cadas no teatro, r\u00e1dio, cinema e televis\u00e3o e foi um dos pioneiros&hellip;<\/p>\n","protected":false},"author":5,"featured_media":46491,"comment_status":"closed","ping_status":"open","sticky":false,"template":"","format":"standard","meta":{"fifu_image_url":"https:\/\/sgvaimudar.com.br\/wp-content\/uploads\/2026\/09\/JjhIrB0uPl5vYDBncA-cqqna5KRRO0KxuzRm5NpSqqv3XW2M82CTL-SnASqczO6e31hVAU0-VLy5CEiZ2lERi876FyOl1U68Fbc89Q7WPNIWc94ZOUTnMjDa5pWM7dF3wJLyClAwlc9T1eKcsUpS5-PStkmfuhrWGs3mO81-9goMpnguMVKz_AOoX2U_qKeX.jpg","fifu_image_alt":"","footnotes":""},"categories":[4],"tags":[3104,2137,1146,3103,65,3105,47],"class_list":["post-46488","post","type-post","status-publish","format-standard","has-post-thumbnail","hentry","category-brasil","tag-83-anos","tag-diretor","tag-globo","tag-gracindo-jr","tag-morte","tag-radio-2","tag-rj"],"_links":{"self":[{"href":"https:\/\/sgvaimudar.com.br\/index.php\/wp-json\/wp\/v2\/posts\/46488","targetHints":{"allow":["GET"]}}],"collection":[{"href":"https:\/\/sgvaimudar.com.br\/index.php\/wp-json\/wp\/v2\/posts"}],"about":[{"href":"https:\/\/sgvaimudar.com.br\/index.php\/wp-json\/wp\/v2\/types\/post"}],"author":[{"embeddable":true,"href":"https:\/\/sgvaimudar.com.br\/index.php\/wp-json\/wp\/v2\/users\/5"}],"replies":[{"embeddable":true,"href":"https:\/\/sgvaimudar.com.br\/index.php\/wp-json\/wp\/v2\/comments?post=46488"}],"version-history":[{"count":3,"href":"https:\/\/sgvaimudar.com.br\/index.php\/wp-json\/wp\/v2\/posts\/46488\/revisions"}],"predecessor-version":[{"id":46495,"href":"https:\/\/sgvaimudar.com.br\/index.php\/wp-json\/wp\/v2\/posts\/46488\/revisions\/46495"}],"wp:featuredmedia":[{"embeddable":true,"href":"https:\/\/sgvaimudar.com.br\/index.php\/wp-json\/wp\/v2\/media\/46491"}],"wp:attachment":[{"href":"https:\/\/sgvaimudar.com.br\/index.php\/wp-json\/wp\/v2\/media?parent=46488"}],"wp:term":[{"taxonomy":"category","embeddable":true,"href":"https:\/\/sgvaimudar.com.br\/index.php\/wp-json\/wp\/v2\/categories?post=46488"},{"taxonomy":"post_tag","embeddable":true,"href":"https:\/\/sgvaimudar.com.br\/index.php\/wp-json\/wp\/v2\/tags?post=46488"}],"curies":[{"name":"wp","href":"https:\/\/api.w.org\/{rel}","templated":true}]}}