{"id":46484,"date":"2026-09-02T13:00:00","date_gmt":"2026-09-02T16:00:00","guid":{"rendered":"https:\/\/sgvaimudar.com.br\/?p=46484"},"modified":"2026-09-02T10:43:04","modified_gmt":"2026-09-02T13:43:04","slug":"oab-comemora-dois-anos-da-inauguracao-da-casa-da-advocacia-antonio-jose-barbosa-da-silva-em-icarai","status":"publish","type":"post","link":"https:\/\/sgvaimudar.com.br\/index.php\/2026\/09\/02\/oab-comemora-dois-anos-da-inauguracao-da-casa-da-advocacia-antonio-jose-barbosa-da-silva-em-icarai\/","title":{"rendered":"OAB comemora dois anos da inaugura\u00e7\u00e3o da \u2018Casa da Advocacia Antonio Jos\u00e9 Barbosa da Silva\u2019, em Icara\u00ed"},"content":{"rendered":"\n<p><em>O espa\u00e7o tornou-se um importante ponto de apoio para a classe na Rua Presidente Backer<\/em><\/p>\n\n\n\n<p><strong><em>Por Wellington Serrano Gomes<\/em><\/strong><\/p>\n\n\n\n<p>A OAB Niter\u00f3i celebrou, na segunda-feira (31), os dois anos de inaugura\u00e7\u00e3o da Casa da Advocacia Antonio Jos\u00e9 Barbosa da Silva, em Icara\u00ed. Para marcar a data, o presidente da entidade, Pedro Gomes, participou de um caf\u00e9 de confraterniza\u00e7\u00e3o com advogados e advogadas, em um momento de celebra\u00e7\u00e3o e valoriza\u00e7\u00e3o da categoria.<\/p>\n\n\n\n<p>A comemora\u00e7\u00e3o contou tamb\u00e9m com a presen\u00e7a de J\u00fanior Rodrigues, diretor-geral da Escola Superior de Advocacia (ESA) Niter\u00f3i.<\/p>\n\n\n\n<p>Inaugurada em 30 de agosto de 2024, em parceria com a Seccional RJ, a \u201cCasa da Advocacia\u201d recebeu o nome do saudoso presidente da OAB Niter\u00f3i Antonio Jos\u00e9 Barbosa da Silva, carinhosamente conhecido pelos colegas como \u201cToninho\u201d. A denomina\u00e7\u00e3o \u00e9 uma homenagem \u00e0 sua trajet\u00f3ria e \u00e0 contribui\u00e7\u00e3o que deixou para a advocacia, presidindo a 16\u00aa Subse\u00e7\u00e3o por quatro mandatos consecutivos, de 2007 a 2018.<\/p>\n\n\n\n<p>Localizada na Rua Presidente Backer, 181, entre as ruas Gavi\u00e3o Peixoto e Mem de S\u00e1, a \u201cCasa da Advocacia\u201d tornou-se um importante ponto de apoio para a classe em Icara\u00ed. O espa\u00e7o disponibiliza nove escrit\u00f3rios digitais e dez esta\u00e7\u00f5es de peticionamento eletr\u00f4nico, oferecendo estrutura, praticidade e comodidade para o exerc\u00edcio profissional.<\/p>\n\n\n\n<p>Ao celebrar os dois anos da unidade, Pedro Gomes destacou que a Casa representa uma conquista coletiva e reafirmou o compromisso da atual gest\u00e3o com a cria\u00e7\u00e3o e manuten\u00e7\u00e3o de espa\u00e7os que atendam \u00e0s necessidades da advocacia.<\/p>\n\n\n\n<p>\u201c\u00c9 uma grande alegria comemorar os dois anos desta Casa, que se tornou um espa\u00e7o de refer\u00eancia e acolhimento para a advocacia de Niter\u00f3i. Mais do que uma estrutura f\u00edsica, ela representa uma conquista de toda a classe e o compromisso da OAB em estar cada vez mais pr\u00f3xima dos advogados e das advogadas, oferecendo &nbsp;melhores condi\u00e7\u00f5es para o exerc\u00edcio profissional. Esta Casa \u00e9, portanto, um lugar de mem\u00f3ria, respeito e continuidade\u201d, afirmou.<\/p>\n\n\n\n<p>O advogado Carlos Bartha, de 83 anos, frequenta diariamente a \u201cCasa da Advocacia\u201d e agradece \u00e0 OAB por disponibilizar o espa\u00e7o para que possa continuar atuando:<\/p>\n\n\n\n<p>\u201cSou frequentador ass\u00edduo desta Casa. Trata-se de um apoio muito grande para os advogados. Temos este espa\u00e7o como a nossa casa, trabalhando e atuando diariamente, como se estiv\u00e9ssemos em nosso escrit\u00f3rio particular, como j\u00e1 tivemos. A OAB Niter\u00f3i est\u00e1 de parab\u00e9ns. Agrade\u00e7o nossa entidade por contribuir para o bom desempenho da nossa profiss\u00e3o.\u201d<\/p>\n\n\n\n<p>O conselheiro da 16\u00aa Subse\u00e7\u00e3o, Anselmo Torres, tamb\u00e9m elogiou a entidade:<\/p>\n\n\n\n<p>\u201cEste espa\u00e7o \u00e9 excelente para a advocacia, al\u00e9m de servir para agregar os profissionais. Nos atende bastante no que precisamos para exercer a advocacia\u201d, atestou elogiando o trabalho dos funcion\u00e1rios que atuam no espa\u00e7o: \u201cest\u00e3o sempre atentos \u00e0s nossas demandas. A OAB Niter\u00f3i est\u00e1 de parab\u00e9ns por esta conquista\u201d, disse o conselheiro.<\/p>\n\n\n\n<p>Pedro Gomes tamb\u00e9m agradeceu a presen\u00e7a dos advogados e advogadas na comemora\u00e7\u00e3o e refor\u00e7ou o compromisso da atual gest\u00e3o com a categoria. Segundo ele, os avan\u00e7os da OAB Niter\u00f3i s\u00e3o resultado da participa\u00e7\u00e3o da advocacia. O presidente destacou ainda que a entidade vai seguir o trabalho para ampliar os servi\u00e7os, fortalecer a institui\u00e7\u00e3o e garantir mais dignidade e melhores condi\u00e7\u00f5es para o exerc\u00edcio profissional.<\/p>\n\n\n\n<p>Al\u00e9m de Pedro Gomes e J\u00fanior Rodrigues, participaram das fotos os advogados: Gustavo Azeredo, Alfredo Couto, Carlos Bartha e Homero Ara\u00fajo, dentre outros.<\/p>\n\n\n\n<p><strong>Sigam:&nbsp;<\/strong><a href=\"https:\/\/www.instagram.com\/sgvaimudar\/\"><strong>@sgvaimudar<\/strong><\/a><a href=\"https:\/\/www.instagram.com\/sgvaimudar2\/\"><strong>@sgvaimudar2<\/strong><\/a><strong><em><\/em><\/strong><\/p>\n\n\n\n<p><strong><em>Passe sua informa\u00e7\u00e3o pelo nosso WhatsApp: (21) <\/em><\/strong><strong><em>99744 5345<\/em><\/strong><strong><em><\/em><\/strong><\/p>\n\n\n\n<p><strong><em>S\u00e3o Gon\u00e7alo Vai Mudar: Not\u00edcias de S\u00e3o Gon\u00e7alo e toda regi\u00e3o.<\/em><\/strong><\/p>\n\n\n\n<figure class=\"wp-block-image size-large is-resized\"><img fetchpriority=\"high\" decoding=\"async\" width=\"577\" height=\"1024\" src=\"https:\/\/sgvaimudar.com.br\/wp-content\/uploads\/2026\/01\/vceoreporter.SGVM_-577x1024.jpg\" alt=\"\" class=\"wp-image-36417\" style=\"width:704px;height:auto\" srcset=\"https:\/\/sgvaimudar.com.br\/wp-content\/uploads\/2026\/01\/vceoreporter.SGVM_-577x1024.jpg 577w, https:\/\/sgvaimudar.com.br\/wp-content\/uploads\/2026\/01\/vceoreporter.SGVM_-169x300.jpg 169w, https:\/\/sgvaimudar.com.br\/wp-content\/uploads\/2026\/01\/vceoreporter.SGVM_.jpg 640w\" sizes=\"(max-width: 577px) 100vw, 577px\" \/><\/figure>\n","protected":false},"excerpt":{"rendered":"<p>O espa\u00e7o tornou-se um importante ponto de apoio para a classe na Rua Presidente Backer Por Wellington Serrano Gomes A&hellip;<\/p>\n","protected":false},"author":5,"featured_media":46487,"comment_status":"closed","ping_status":"open","sticky":false,"template":"","format":"standard","meta":{"fifu_image_url":"https:\/\/sgvaimudar.com.br\/wp-content\/uploads\/2026\/09\/Foto-abre-.jpeg","fifu_image_alt":"","footnotes":""},"categories":[34],"tags":[2412,362,742,637,105,1215,47],"class_list":["post-46484","post","type-post","status-publish","format-standard","has-post-thumbnail","hentry","category-niteroi","tag-advogados","tag-casa","tag-icarai-2","tag-inauguracao","tag-niteroi","tag-oab","tag-rj"],"_links":{"self":[{"href":"https:\/\/sgvaimudar.com.br\/index.php\/wp-json\/wp\/v2\/posts\/46484","targetHints":{"allow":["GET"]}}],"collection":[{"href":"https:\/\/sgvaimudar.com.br\/index.php\/wp-json\/wp\/v2\/posts"}],"about":[{"href":"https:\/\/sgvaimudar.com.br\/index.php\/wp-json\/wp\/v2\/types\/post"}],"author":[{"embeddable":true,"href":"https:\/\/sgvaimudar.com.br\/index.php\/wp-json\/wp\/v2\/users\/5"}],"replies":[{"embeddable":true,"href":"https:\/\/sgvaimudar.com.br\/index.php\/wp-json\/wp\/v2\/comments?post=46484"}],"version-history":[{"count":2,"href":"https:\/\/sgvaimudar.com.br\/index.php\/wp-json\/wp\/v2\/posts\/46484\/revisions"}],"predecessor-version":[{"id":46501,"href":"https:\/\/sgvaimudar.com.br\/index.php\/wp-json\/wp\/v2\/posts\/46484\/revisions\/46501"}],"wp:featuredmedia":[{"embeddable":true,"href":"https:\/\/sgvaimudar.com.br\/index.php\/wp-json\/wp\/v2\/media\/46487"}],"wp:attachment":[{"href":"https:\/\/sgvaimudar.com.br\/index.php\/wp-json\/wp\/v2\/media?parent=46484"}],"wp:term":[{"taxonomy":"category","embeddable":true,"href":"https:\/\/sgvaimudar.com.br\/index.php\/wp-json\/wp\/v2\/categories?post=46484"},{"taxonomy":"post_tag","embeddable":true,"href":"https:\/\/sgvaimudar.com.br\/index.php\/wp-json\/wp\/v2\/tags?post=46484"}],"curies":[{"name":"wp","href":"https:\/\/api.w.org\/{rel}","templated":true}]}}