{"id":46476,"date":"2026-09-02T17:00:00","date_gmt":"2026-09-02T20:00:00","guid":{"rendered":"https:\/\/sgvaimudar.com.br\/?p=46476"},"modified":"2026-09-02T11:03:21","modified_gmt":"2026-09-02T14:03:21","slug":"sao-goncalo-recebe-programacao-cultural-especial-em-setembro","status":"publish","type":"post","link":"https:\/\/sgvaimudar.com.br\/index.php\/2026\/09\/02\/sao-goncalo-recebe-programacao-cultural-especial-em-setembro\/","title":{"rendered":"S\u00e3o Gon\u00e7alo recebe programa\u00e7\u00e3o cultural especial em setembro"},"content":{"rendered":"\n<p><em>Humor, m\u00fasica, dan\u00e7a, teatro e economia criativa movimentam o m\u00eas com atra\u00e7\u00f5es para diferentes p\u00fablicos&nbsp;<\/em><\/p>\n\n\n\n<p>S\u00e3o Gon\u00e7alo vai ter um m\u00eas de setembro repleto de cultura, com uma programa\u00e7\u00e3o que re\u00fane com\u00e9dia, m\u00fasica, teatro, dan\u00e7a e iniciativas de economia criativa. Ao longo do m\u00eas, artistas locais e nomes de destaque nacional ocupam os palcos e espa\u00e7os culturais da cidade, oferecendo ao p\u00fablico uma agenda diversificada de atra\u00e7\u00f5es.<\/p>\n\n\n\n<p><strong>3\/9:<\/strong>&nbsp;Dando Choque No Sistema<\/p>\n\n\n\n<p>Em seu show solo, Walace abre o jogo e revela como suas refer\u00eancias, dentro e fora dos palcos, o transformaram no comediante mais irreverente da cena. Com um humor afiado, leve e contagiante, Walace transforma hist\u00f3rias reais sobre fam\u00edlia, religi\u00e3o, autoestima e os perrengues de sua cria\u00e7\u00e3o como jovem gon\u00e7alense em uma experi\u00eancia inesquec\u00edvel. Um show repleto de gargalhadas que prova, na pr\u00e1tica, que rir ainda \u00e9 o melhor rem\u00e9dio, vai acontecer no Teatro Municipal de S\u00e3o Gon\u00e7alo.<\/p>\n\n\n\n<p>Hor\u00e1rio: 20h<\/p>\n\n\n\n<p>Classifica\u00e7\u00e3o: Livre<\/p>\n\n\n\n<p>Ingresso:&nbsp;<a href=\"https:\/\/click.knewin360.com\/Click\/click\/eyJhbGciOiJIUzI1NiIsInR5cCI6IkpXVCJ9.eyJjYW1wYWlnbklkIjoiNzM3N2UxMDctYTI1ZC00NzZiLTIxNWMtMDhkZjA3NWI1NzVjIiwicGVyc29uSWQiOiJhYzY2OTY2ZS0yYjU1LTQ0ODQtZmIyYy0wOGRjNDkxZWVkNWYiLCJlbWFpbCI6Impvcm5hbGlzdGF3c0BnbWFpbC5jb20iLCJ1cmwiOiJodHRwczovL3d3dy5zeW1wbGEuY29tLmJyL2V2ZW50by9kYW5kby1zaG9jay1uby1zaXN0ZW1hLXNob3ctZGUtY29tZWRpYS1jb20td2FsYWNlLWRhbnRhei1ub3RlYXRyby1tdW5pY2lwYWwtZ29uY2FsZW5zZS8zNTM0ODc3IiwiaXNTZWdtZW50YXRpb24iOiJGYWxzZSIsIm5iZiI6MTc4ODI4MzExNywiZXhwIjoxNzkwODc1MTE3LCJpYXQiOjE3ODgyODMxMTd9.lcfvDDBV_6m3GjUwg6ZH_O8vk4VM8aUg_3vgN5SyUY0\" rel=\"noreferrer noopener\" target=\"_blank\">https:\/\/www.sympla.com.br\/evento\/dando-shock-no-sistema-show-de-comedia-com-walace-dantaz-noteatro-municipal-goncalense\/3534877<\/a>&nbsp;<\/p>\n\n\n\n<p>Local: Teatro Municipal George Savalla Gomes \u2013 Centro<\/p>\n\n\n\n<p><strong>4\/9:<\/strong>&nbsp;De S\u00e3o Gon\u00e7alo pro Mundo&nbsp;<\/p>\n\n\n\n<p>O comediante Will Silva, cria de S\u00e3o Gon\u00e7alo, estreia uma nova fase em sua carreira, no Teatro Municipal. No palco, Will apresenta uma performance afiada, aut\u00eantica e repleta de identidade, que mistura humor e cr\u00edtica social na medida certa. Com cerca de 80 minutos de dura\u00e7\u00e3o, o espet\u00e1culo \u00e9 um convite ao riso e \u00e0 reflex\u00e3o, transitando com leveza entre momentos de descontra\u00e7\u00e3o e cr\u00edticas sociais pertinentes.&nbsp;<\/p>\n\n\n\n<p>Hor\u00e1rio: 20h&nbsp;<\/p>\n\n\n\n<p>Classifica\u00e7\u00e3o: 16 anos&nbsp;<\/p>\n\n\n\n<p>Ingresso:&nbsp;<a href=\"https:\/\/click.knewin360.com\/Click\/click\/eyJhbGciOiJIUzI1NiIsInR5cCI6IkpXVCJ9.eyJjYW1wYWlnbklkIjoiNzM3N2UxMDctYTI1ZC00NzZiLTIxNWMtMDhkZjA3NWI1NzVjIiwicGVyc29uSWQiOiJhYzY2OTY2ZS0yYjU1LTQ0ODQtZmIyYy0wOGRjNDkxZWVkNWYiLCJlbWFpbCI6Impvcm5hbGlzdGF3c0BnbWFpbC5jb20iLCJ1cmwiOiJodHRwczovL3d3dy5iaWxoZXRlcmlhZXhwcmVzcy5jb20uYnIvaW5ncmVzc29zLXBhcmEtd2lsbC1zaWx2YS1kZS1zYW8tZ29uY2Fsby1wcm8tbXVuZG8tdGhlYXRyby1tdW5pY2lwYWwtZGUtc2FvLWdvbmNhbG8tY29tZWRpYS1zdGFuZC11cC0zMjc4OTE3MjY1MDQ1Lmh0bWw_c3JzbHRpZD1BZm1CT29vZEJ4cHA5d2dFOHp2d2ItOTFBMFVkYjVOMUsxTnBjQjZuQ0RCOXhnMlRiZ2xGTnhVNSIsImlzU2VnbWVudGF0aW9uIjoiRmFsc2UiLCJuYmYiOjE3ODgyODMxMTcsImV4cCI6MTc5MDg3NTExNywiaWF0IjoxNzg4MjgzMTE3fQ.9A25mCP62SYtGR-hgGA8NVl0rPqTuUXIJqSx3GK3rAk\" rel=\"noreferrer noopener\" target=\"_blank\">https:\/\/www.bilheteriaexpress.com.br\/ingressos-para-will-silva-de-sao-goncalo-pro-mundo-theatro-municipal-de-sao-goncalo-comedia-stand-up-3278917265045.html<\/a><\/p>\n\n\n\n<p>Local: Teatro Municipal George Savalla Gomes \u2013 Centro<\/p>\n\n\n\n<p><strong>4\/9:<\/strong>&nbsp;Feira da Cultura, no Centro Cultural Joaquim Lavoura (Lavour\u00e3o)<\/p>\n\n\n\n<p>Iniciativa que fortalece o empreendedorismo, valoriza e impulsiona a economia criativa em S\u00e3o Gon\u00e7alo. O evento re\u00fane microempreendedores gon\u00e7alenses que encontram na feira uma oportunidade para expor seus produtos, divulgar seus talentos e ampliar a conex\u00e3o com o p\u00fablico.<\/p>\n\n\n\n<p>Hor\u00e1rio: A partir das 10h<\/p>\n\n\n\n<p>Classifica\u00e7\u00e3o Livre<\/p>\n\n\n\n<p>Local: O Lavour\u00e3o fica na&nbsp;<a href=\"https:\/\/www.google.com\/maps\/search\/Avenida+Presidente+Kennedy,+721+%E2%80%93+Estrela+do+Norte?entry=gmail&amp;source=g\">Avenida Presidente Kennedy, 721 \u2013 Estrela do Norte<\/a><\/p>\n\n\n\n<p><strong>10\/9:<\/strong>&nbsp;Testando Novo Show<\/p>\n\n\n\n<p>Formado por quadros, debates, provoca\u00e7\u00f5es e posicionamento, a comediante Giovana Fagundes estreia em 2026 seu mais novo solo de StandUp Comedy. Ap\u00f3s rodar os \u00faltimos anos pelo Brasil e Europa com dois shows de humor simult\u00e2neos, a vez agora \u00e9 do p\u00fablico subir ao palco do Teatro Municipal de S\u00e3o Gon\u00e7alo e interagir com a artista, que levanta temas como relacionamento, pol\u00edtica e situa\u00e7\u00f5es cotidianas.&nbsp;<\/p>\n\n\n\n<p>Hor\u00e1rio: 20h&nbsp;<\/p>\n\n\n\n<p>Classifica\u00e7\u00e3o: 16 anos&nbsp;<\/p>\n\n\n\n<p>Ingresso:&nbsp;<a href=\"https:\/\/click.knewin360.com\/Click\/click\/eyJhbGciOiJIUzI1NiIsInR5cCI6IkpXVCJ9.eyJjYW1wYWlnbklkIjoiNzM3N2UxMDctYTI1ZC00NzZiLTIxNWMtMDhkZjA3NWI1NzVjIiwicGVyc29uSWQiOiJhYzY2OTY2ZS0yYjU1LTQ0ODQtZmIyYy0wOGRjNDkxZWVkNWYiLCJlbWFpbCI6Impvcm5hbGlzdGF3c0BnbWFpbC5jb20iLCJ1cmwiOiJodHRwczovL3d3dy5iaWxoZXRlcmlhZXhwcmVzcy5jb20uYnIvaW5ncmVzc29zLXBhcmEtZ2lvdmFuYS1mYWd1bmRlcy10ZXN0YW5kby1ub3ZvLXNob3ctdGhlYXRyby1tdW5pY2lwYWwtZGUtc2FvLWdvbmNhbG8tY29tZWRpYS1zdGFuZC11cC0zNzQ2NTk0NjQ0MzI3MDMuaHRtbCIsImlzU2VnbWVudGF0aW9uIjoiRmFsc2UiLCJuYmYiOjE3ODgyODMxMTcsImV4cCI6MTc5MDg3NTExNywiaWF0IjoxNzg4MjgzMTE3fQ.4DC26m_qUauaS6Ae2532aqkWibivQRH2AmidGh3CTNA\" rel=\"noreferrer noopener\" target=\"_blank\">https:\/\/www.bilheteriaexpress.com.br\/ingressos-para-giovana-fagundes-testando-novo-show-theatro-municipal-de-sao-goncalo-comedia-stand-up-374659464432703.html<\/a>&nbsp;<\/p>\n\n\n\n<p>Local: Teatro Municipal George Savalla Gomes \u2013 Centro<\/p>\n\n\n\n<p><strong>12\/9:<\/strong>&nbsp;Felipe Ferreira: Show Novo em S\u00e3o Gon\u00e7alo<\/p>\n\n\n\n<p>Uma das principais revela\u00e7\u00f5es do humor brasileiro, Felipe Ferreira \u00e9 um artista com vis\u00e3o \u00fanica para a com\u00e9dia. Cria do Rio de Janeiro, mais especificamente da Pavuna, \u00e9 viral nas redes sociais. Em cinco anos de carreira, acumula mais de 1,7 milh\u00e3o de seguidores somando suas redes sociais, com mais de 10 milh\u00f5es de curtidas em seus conte\u00fados e quase 100 mil inscritos em seu canal no YouTube.&nbsp;<\/p>\n\n\n\n<p>Hor\u00e1rio: 19h<\/p>\n\n\n\n<p>Classifica\u00e7\u00e3o: 16 anos<\/p>\n\n\n\n<p>Ingresso:&nbsp;<a href=\"https:\/\/click.knewin360.com\/Click\/click\/eyJhbGciOiJIUzI1NiIsInR5cCI6IkpXVCJ9.eyJjYW1wYWlnbklkIjoiNzM3N2UxMDctYTI1ZC00NzZiLTIxNWMtMDhkZjA3NWI1NzVjIiwicGVyc29uSWQiOiJhYzY2OTY2ZS0yYjU1LTQ0ODQtZmIyYy0wOGRjNDkxZWVkNWYiLCJlbWFpbCI6Impvcm5hbGlzdGF3c0BnbWFpbC5jb20iLCJ1cmwiOiJodHRwczovL3d3dy5iaWxoZXRlcmlhZXhwcmVzcy5jb20uYnIvaW5ncmVzc29zLXBhcmEtZmVsaXBlLWZlcnJlaXJhLXNob3ctbm92by1lbS1zYW8tZ29uY2Fsby10aGVhdHJvLW11bmljaXBhbC1kZS1zYW8tZ29uY2Fsby1jb21lZGlhLXN0YW5kLXVwLTY5MjQ1MzY1NTQ5Mjc0Ni5odG1sIiwiaXNTZWdtZW50YXRpb24iOiJGYWxzZSIsIm5iZiI6MTc4ODI4MzExNywiZXhwIjoxNzkwODc1MTE3LCJpYXQiOjE3ODgyODMxMTd9.JHJbafYwB_IPluXHeWUxzG7fW8rZnr52qnZiFjEyVSY\" rel=\"noreferrer noopener\" target=\"_blank\">https:\/\/www.bilheteriaexpress.com.br\/ingressos-para-felipe-ferreira-show-novo-em-sao-goncalo-theatro-municipal-de-sao-goncalo-comedia-stand-up-692453655492746.html<\/a><\/p>\n\n\n\n<p>Local: Teatro Municipal George Savalla Gomes \u2013 Centro<\/p>\n\n\n\n<p><strong>13\/9:<\/strong>&nbsp;Quartetinho Toca Beth Carvalho&nbsp;<\/p>\n\n\n\n<p>O samba de Beth Carvalho ganha uma nova leitura no palco do Teatro Municipal de S\u00e3o Gon\u00e7alo. Com sua sonoridade instrumental e jazz\u00edstica, o Quartetinho revisita grandes cl\u00e1ssicos de uma das maiores int\u00e9rpretes da m\u00fasica brasileira.Formado em 2017 na faculdade de m\u00fasica da UNIRIO, o grupo j\u00e1 realizou quase 2 mil apresenta\u00e7\u00f5es, conquistando um p\u00fablico de mais de 49 mil seguidores no Instagram.&nbsp;<\/p>\n\n\n\n<p>Hor\u00e1rio: 18:00&nbsp;<\/p>\n\n\n\n<p>Classifica\u00e7\u00e3o: Livre&nbsp;<\/p>\n\n\n\n<p>Ingresso:&nbsp;<a href=\"https:\/\/click.knewin360.com\/Click\/click\/eyJhbGciOiJIUzI1NiIsInR5cCI6IkpXVCJ9.eyJjYW1wYWlnbklkIjoiNzM3N2UxMDctYTI1ZC00NzZiLTIxNWMtMDhkZjA3NWI1NzVjIiwicGVyc29uSWQiOiJhYzY2OTY2ZS0yYjU1LTQ0ODQtZmIyYy0wOGRjNDkxZWVkNWYiLCJlbWFpbCI6Impvcm5hbGlzdGF3c0BnbWFpbC5jb20iLCJ1cmwiOiJodHRwczovL3d3dy5iaWxoZXRlcmlhZXhwcmVzcy5jb20uYnIvaW5ncmVzc29zLXBhcmEtcXVhcnRldGluaG8tYXByZXNlbnRhLWJldGgtY2FydmFsaG8tdGhlYXRyby1tdW5pY2lwYWwtZGUtc2FvLWdvbmNhbG8tc2hvd3MtMzE3MDY1MDI2Njk0MTA2Lmh0bWwiLCJpc1NlZ21lbnRhdGlvbiI6IkZhbHNlIiwibmJmIjoxNzg4MjgzMTE3LCJleHAiOjE3OTA4NzUxMTcsImlhdCI6MTc4ODI4MzExN30.2GvFzfGMBQfluhD9wA_FkbUDamnNN2FcnBO_LVSmZ4Q\" rel=\"noreferrer noopener\" target=\"_blank\">https:\/\/www.bilheteriaexpress.com.br\/ingressos-para-quartetinho-apresenta-beth-carvalho-theatro-municipal-de-sao-goncalo-shows-317065026694106.html<\/a>&nbsp;<\/p>\n\n\n\n<p>Local: Teatro Municipal George Savalla Gomes \u2013 Centro<\/p>\n\n\n\n<p><strong>16\/9:<\/strong>&nbsp;Show Alusivo ao Anivers\u00e1rio da Cidade, no Teatro Municipal&nbsp;&nbsp;&nbsp;<\/p>\n\n\n\n<p>Sob a reg\u00eancia do maestro Paulo Guarany, a Orquestra Municipal de S\u00e3o Gon\u00e7alo apresenta um concerto com repert\u00f3rio tem\u00e1tico especialmente preparado para a ocasi\u00e3o. A apresenta\u00e7\u00e3o re\u00fane m\u00fasica instrumental de qualidade e valoriza os talentos locais, proporcionando ao p\u00fablico uma noite dedicada \u00e0 cultura e \u00e0 boa m\u00fasica.<\/p>\n\n\n\n<p>Hor\u00e1rio: 19h&nbsp;<\/p>\n\n\n\n<p>Classifica\u00e7\u00e3o: Livre&nbsp;<\/p>\n\n\n\n<p>Ingresso: Entrada Franca&nbsp;&nbsp;&nbsp;<\/p>\n\n\n\n<p>Local: Teatro Municipal George Savalla Gomes \u2013 Centro<\/p>\n\n\n\n<p><strong>17\/9:<\/strong>&nbsp;Crente que \u00e9 Gente&nbsp;<\/p>\n\n\n\n<p>Prepare-se para uma noite de risadas aben\u00e7oadas com Robinho CQG, comediante com mais de 800 mil seguidores nas redes sociais e seu humor inteligente, leve e 100% original! Um show de stand up crist\u00e3o feito pra todo mundo, com classifica\u00e7\u00e3o livre, no Teatro Municipal.&nbsp;<\/p>\n\n\n\n<p>Hor\u00e1rio: 20h&nbsp;<\/p>\n\n\n\n<p>Classifica\u00e7\u00e3o: Livre&nbsp;<\/p>\n\n\n\n<p>Ingresso:&nbsp;<a href=\"https:\/\/click.knewin360.com\/Click\/click\/eyJhbGciOiJIUzI1NiIsInR5cCI6IkpXVCJ9.eyJjYW1wYWlnbklkIjoiNzM3N2UxMDctYTI1ZC00NzZiLTIxNWMtMDhkZjA3NWI1NzVjIiwicGVyc29uSWQiOiJhYzY2OTY2ZS0yYjU1LTQ0ODQtZmIyYy0wOGRjNDkxZWVkNWYiLCJlbWFpbCI6Impvcm5hbGlzdGF3c0BnbWFpbC5jb20iLCJ1cmwiOiJodHRwczovL3d3dy5iaWxoZXRlcmlhZXhwcmVzcy5jb20uYnIvaW5ncmVzc29zLXBhcmEtcm9iaW5oby1jcWctY3JlbnRlLXF1ZS1lLWdlbnRlLXRoZWF0cm8tbXVuaWNpcGFsLWRlLXNhby1nb25jYWxvLWNvbWVkaWEtc3RhbmQtdXAtMzU3MjQyNjQzNDMzNDAxLmh0bWwiLCJpc1NlZ21lbnRhdGlvbiI6IkZhbHNlIiwibmJmIjoxNzg4MjgzMTE3LCJleHAiOjE3OTA4NzUxMTcsImlhdCI6MTc4ODI4MzExN30.eo-Yyh1OwlJT4NqHwAL6Tl3r3ZdHEqeoU-LM8DQWMdc\" rel=\"noreferrer noopener\" target=\"_blank\">https:\/\/www.bilheteriaexpress.com.br\/ingressos-para-robinho-cqg-crente-que-e-gente-theatro-municipal-de-sao-goncalo-comedia-stand-up-357242643433401.html<\/a>&nbsp;<\/p>\n\n\n\n<p>Local: Teatro Municipal George Savalla Gomes \u2013 Centro<\/p>\n\n\n\n<p><strong>18\/9:<\/strong>&nbsp;Feira da Cultura, no Teatro Municipal George Savalla Gomes<\/p>\n\n\n\n<p>Para ampliar ainda mais a conex\u00e3o com o p\u00fablico, o evento da secretaria que re\u00fane empreendedores gon\u00e7alenses ir\u00e1 acontecer tamb\u00e9m no Teatro Municipal.<\/p>\n\n\n\n<p>Hor\u00e1rio: A partir das 10h<\/p>\n\n\n\n<p>Classifica\u00e7\u00e3o: Livre<\/p>\n\n\n\n<p>Local: O Teatro fica na Rua Dr. Feliciano Sodr\u00e9, no Centro<\/p>\n\n\n\n<p><strong>20\/9:<\/strong>&nbsp;Preto de Neve&nbsp;<\/p>\n\n\n\n<p>Helio de La Pe\u00f1a, um dos criadores do Casseta &amp; Planeta, apresenta seu show solo de stand-up, no Teatro Municipal de S\u00e3o Gon\u00e7alo, trazendo diversas facetas do humorista: sua trajet\u00f3ria, negritude, pol\u00edtica nacional, paix\u00e3o pelo esporte e sua carreira na TV.&nbsp;<\/p>\n\n\n\n<p>Hor\u00e1rio: 19h<\/p>\n\n\n\n<p>Classifica\u00e7\u00e3o: 16 anos&nbsp;<\/p>\n\n\n\n<p>Ingresso:&nbsp;<a href=\"https:\/\/click.knewin360.com\/Click\/click\/eyJhbGciOiJIUzI1NiIsInR5cCI6IkpXVCJ9.eyJjYW1wYWlnbklkIjoiNzM3N2UxMDctYTI1ZC00NzZiLTIxNWMtMDhkZjA3NWI1NzVjIiwicGVyc29uSWQiOiJhYzY2OTY2ZS0yYjU1LTQ0ODQtZmIyYy0wOGRjNDkxZWVkNWYiLCJlbWFpbCI6Impvcm5hbGlzdGF3c0BnbWFpbC5jb20iLCJ1cmwiOiJodHRwczovL3d3dy5iaWxoZXRlcmlhZXhwcmVzcy5jb20uYnIvaW5ncmVzc29zLXBhcmEtaGVsaW8tZGUtbGEtcGVuYS1wcmV0by1kZS1uZXZlLW8tc2hvdy10aGVhdHJvLW11bmljaXBhbC1kZS1zYW8tZ29uY2Fsby1jb21lZGlhLXN0YW5kLXVwLTQ0NTU2ODM0NzQ5Mjk4Ni5odG1sIiwiaXNTZWdtZW50YXRpb24iOiJGYWxzZSIsIm5iZiI6MTc4ODI4MzExNywiZXhwIjoxNzkwODc1MTE3LCJpYXQiOjE3ODgyODMxMTd9.HV2XmBV_M2C0Ubioq-9FeascyllycEbaV-Y5s9lhdyE\" rel=\"noreferrer noopener\" target=\"_blank\">https:\/\/www.bilheteriaexpress.com.br\/ingressos-para-helio-de-la-pena-preto-de-neve-o-show-theatro-municipal-de-sao-goncalo-comedia-stand-up-445568347492986.html<\/a>&nbsp;<\/p>\n\n\n\n<p>Local: Teatro Municipal George Savalla Gomes \u2013 Centro<\/p>\n\n\n\n<p><strong>24\/9:<\/strong>&nbsp;Gon\u00e7a Comedy&nbsp;<\/p>\n\n\n\n<p>Inspirado nas noites de com\u00e9dia do Brasil, Gon\u00e7a Comedy re\u00fane o melhor do stand-up comedy do melhor lado da ponte, no palco do Teatro Municipal de S\u00e3o Gon\u00e7alo, de forma gratuita, voltado a pessoas com mais de 16 anos. Elenco: Walace Dantaz, Will Silva, Cadu Manh\u00e3es, Lara Xavier e Aarhon Pinheiro.<\/p>\n\n\n\n<p>Hor\u00e1rio: 20h<\/p>\n\n\n\n<p>Classifica\u00e7\u00e3o: 16 anos<\/p>\n\n\n\n<p>Ingresso: Retirada gratuita pela plataforma Sympla<\/p>\n\n\n\n<p>Local: Teatro Municipal George Savalla Gomes \u2013 Centro<\/p>\n\n\n\n<p><strong>26\/9:<\/strong>&nbsp;O Rei Le\u00e3o&nbsp;<\/p>\n\n\n\n<p>O espet\u00e1culo, que vai acontecer no Teatro Municipal de S\u00e3o Gon\u00e7alo, conta a hist\u00f3ria do pequeno Simba, herdeiro do trono da Savana africana, que perde seu pai muito jovem e se v\u00ea despreparado para o comando, sendo usurpado por seu tio Scar. Simba, j\u00e1 adulto, retorna para tomar de volta o reino que \u00e9 seu por direito.&nbsp;<\/p>\n\n\n\n<p>Hor\u00e1rio: 17h&nbsp;<\/p>\n\n\n\n<p>Classifica\u00e7\u00e3o: Livre&nbsp;<\/p>\n\n\n\n<p>Ingresso:&nbsp;<a href=\"https:\/\/click.knewin360.com\/Click\/click\/eyJhbGciOiJIUzI1NiIsInR5cCI6IkpXVCJ9.eyJjYW1wYWlnbklkIjoiNzM3N2UxMDctYTI1ZC00NzZiLTIxNWMtMDhkZjA3NWI1NzVjIiwicGVyc29uSWQiOiJhYzY2OTY2ZS0yYjU1LTQ0ODQtZmIyYy0wOGRjNDkxZWVkNWYiLCJlbWFpbCI6Impvcm5hbGlzdGF3c0BnbWFpbC5jb20iLCJ1cmwiOiJodHRwczovL3d3dy5zeW1wbGEuY29tLmJyL2V2ZW50by9vLXJlaS1sZWFvLzM1NTQxMjgiLCJpc1NlZ21lbnRhdGlvbiI6IkZhbHNlIiwibmJmIjoxNzg4MjgzMTE3LCJleHAiOjE3OTA4NzUxMTcsImlhdCI6MTc4ODI4MzExN30.C-lDC5wZj-DJuoAZ4wV3V1igcGFb7nEKpQSxq9kbOgs\" rel=\"noreferrer noopener\" target=\"_blank\">https:\/\/www.sympla.com.br\/evento\/o-rei-leao\/3554128<\/a><\/p>\n\n\n\n<p>Local: Teatro Municipal George Savalla Gomes \u2013 Centro<\/p>\n\n\n\n<p><strong>27\/9:<\/strong>&nbsp;VI Mostra de Dan\u00e7a Solid\u00e1ria MuDAN\u00c7AS, no Teatro Municipal<\/p>\n\n\n\n<p>O evento re\u00fane bailarinos, escolas de dan\u00e7a, grupos, projetos sociais, companhias e artistas convidados em uma programa\u00e7\u00e3o que celebra a diversidade da dan\u00e7a e transforma a participa\u00e7\u00e3o art\u00edstica em uma a\u00e7\u00e3o de solidariedade. Realizada tradicionalmente pelo Grupo MuDAN\u00c7AS, a Mostra chega \u00e0 sua sexta edi\u00e7\u00e3o recuperando uma iniciativa que j\u00e1 faz parte da trajet\u00f3ria da institui\u00e7\u00e3o.&nbsp;<\/p>\n\n\n\n<p>Hor\u00e1rio: 10:00&nbsp;<\/p>\n\n\n\n<p>Classifica\u00e7\u00e3o: Livre&nbsp;<\/p>\n\n\n\n<p>Ingresso: R$ 10,00 + 1 kg de alimento n\u00e3o perec\u00edvel. Venda de ingressos antecipados na sede da casa de dan\u00e7a MuDAN\u00c7AS (Travessa S\u00e3o Gon\u00e7alo, 58 \u2013 Centro) ou no dia do evento, no local.&nbsp;&nbsp;&nbsp;&nbsp;&nbsp;<\/p>\n\n\n\n<p>Local: Teatro Municipal George Savalla Gomes \u2013 Centro<\/p>\n\n\n\n<p>Todos os domingos do m\u00eas de setembro, o Centro de Tradi\u00e7\u00f5es Nordestinas recebe o Samba da Feira de Neves, com entrada gratuita, conforto, seguran\u00e7a e pra\u00e7a gastron\u00f4mica. Diversas atra\u00e7\u00f5es do pagode e do samba v\u00e3o se apresentar a partir de 13h.<\/p>\n\n\n\n<p>Fotos: Renan Otto\/ Jonnathan Smith<\/p>\n\n\n\n<p><strong>Sigam:&nbsp;<\/strong><a href=\"https:\/\/www.instagram.com\/sgvaimudar\/\"><strong>@sgvaimudar<\/strong><\/a><a href=\"https:\/\/www.instagram.com\/sgvaimudar2\/\"><strong>@sgvaimudar2<\/strong><\/a><strong><em><\/em><\/strong><\/p>\n\n\n\n<p><strong><em>Passe sua informa\u00e7\u00e3o pelo nosso WhatsApp: (21) <\/em><\/strong><strong><em>99744 5345<\/em><\/strong><strong><em><\/em><\/strong><\/p>\n\n\n\n<p><strong><em>S\u00e3o Gon\u00e7alo Vai Mudar: Not\u00edcias de S\u00e3o Gon\u00e7alo e toda regi\u00e3o.<\/em><\/strong><\/p>\n\n\n\n<figure class=\"wp-block-image size-large is-resized\"><img fetchpriority=\"high\" decoding=\"async\" width=\"577\" height=\"1024\" src=\"https:\/\/sgvaimudar.com.br\/wp-content\/uploads\/2026\/01\/vceoreporter.SGVM_-577x1024.jpg\" alt=\"\" class=\"wp-image-36417\" style=\"width:710px;height:auto\" srcset=\"https:\/\/sgvaimudar.com.br\/wp-content\/uploads\/2026\/01\/vceoreporter.SGVM_-577x1024.jpg 577w, https:\/\/sgvaimudar.com.br\/wp-content\/uploads\/2026\/01\/vceoreporter.SGVM_-169x300.jpg 169w, https:\/\/sgvaimudar.com.br\/wp-content\/uploads\/2026\/01\/vceoreporter.SGVM_.jpg 640w\" sizes=\"(max-width: 577px) 100vw, 577px\" \/><\/figure>\n","protected":false},"excerpt":{"rendered":"<p>Humor, m\u00fasica, dan\u00e7a, teatro e economia criativa movimentam o m\u00eas com atra\u00e7\u00f5es para diferentes p\u00fablicos&nbsp; S\u00e3o Gon\u00e7alo vai ter um&hellip;<\/p>\n","protected":false},"author":5,"featured_media":46479,"comment_status":"closed","ping_status":"open","sticky":false,"template":"","format":"standard","meta":{"fifu_image_url":"https:\/\/sgvaimudar.com.br\/wp-content\/uploads\/2026\/09\/unnamed-7.jpg","fifu_image_alt":"","footnotes":""},"categories":[6],"tags":[1206,138,47,75,2521],"class_list":["post-46476","post","type-post","status-publish","format-standard","has-post-thumbnail","hentry","category-entretenimento","tag-cultural","tag-programacao","tag-rj","tag-sao-goncalo","tag-setembro"],"_links":{"self":[{"href":"https:\/\/sgvaimudar.com.br\/index.php\/wp-json\/wp\/v2\/posts\/46476","targetHints":{"allow":["GET"]}}],"collection":[{"href":"https:\/\/sgvaimudar.com.br\/index.php\/wp-json\/wp\/v2\/posts"}],"about":[{"href":"https:\/\/sgvaimudar.com.br\/index.php\/wp-json\/wp\/v2\/types\/post"}],"author":[{"embeddable":true,"href":"https:\/\/sgvaimudar.com.br\/index.php\/wp-json\/wp\/v2\/users\/5"}],"replies":[{"embeddable":true,"href":"https:\/\/sgvaimudar.com.br\/index.php\/wp-json\/wp\/v2\/comments?post=46476"}],"version-history":[{"count":1,"href":"https:\/\/sgvaimudar.com.br\/index.php\/wp-json\/wp\/v2\/posts\/46476\/revisions"}],"predecessor-version":[{"id":46478,"href":"https:\/\/sgvaimudar.com.br\/index.php\/wp-json\/wp\/v2\/posts\/46476\/revisions\/46478"}],"wp:featuredmedia":[{"embeddable":true,"href":"https:\/\/sgvaimudar.com.br\/index.php\/wp-json\/wp\/v2\/media\/46479"}],"wp:attachment":[{"href":"https:\/\/sgvaimudar.com.br\/index.php\/wp-json\/wp\/v2\/media?parent=46476"}],"wp:term":[{"taxonomy":"category","embeddable":true,"href":"https:\/\/sgvaimudar.com.br\/index.php\/wp-json\/wp\/v2\/categories?post=46476"},{"taxonomy":"post_tag","embeddable":true,"href":"https:\/\/sgvaimudar.com.br\/index.php\/wp-json\/wp\/v2\/tags?post=46476"}],"curies":[{"name":"wp","href":"https:\/\/api.w.org\/{rel}","templated":true}]}}