{"id":46470,"date":"2026-09-02T09:13:50","date_gmt":"2026-09-02T12:13:50","guid":{"rendered":"https:\/\/sgvaimudar.com.br\/?p=46470"},"modified":"2026-09-02T09:17:45","modified_gmt":"2026-09-02T12:17:45","slug":"alunos-da-rede-municipal-aprendem-sobre-consumo-consciente-no-projeto-meu-ambiente","status":"publish","type":"post","link":"https:\/\/sgvaimudar.com.br\/index.php\/2026\/09\/02\/alunos-da-rede-municipal-aprendem-sobre-consumo-consciente-no-projeto-meu-ambiente\/","title":{"rendered":"Alunos da rede municipal aprendem sobre consumo consciente no Projeto Meu Ambiente"},"content":{"rendered":"\n<p id=\"avWBGd-150\"><em>A\u00e7\u00e3o foi desenvolvida nesta ter\u00e7a-feira (1) na Escola Municipal Nice Mendon\u00e7a de Souza<\/em><\/p>\n\n\n\n<p>Mais de 30 alunos do 4\u00b0 ano do Ensino Fundamental da Escola Municipal Nice Mendon\u00e7a de Souza e Silva, na Venda da Cruz, aprenderam sobre o consumo consciente em uma a\u00e7\u00e3o do Projeto Meu Ambiente, realizado pela Secretaria Municipal de Meio Ambiente em parceria com a Secretaria Municipal de Educa\u00e7\u00e3o, nesta ter\u00e7a-feira (1). A atividade foi conduzida pelas educadoras ambientais Marianna Orioli e Lorena Ramos.<\/p>\n\n\n\n<p>Foram realizadas din\u00e2micas nas quais os alunos aprenderam sobre descarte correto do lixo, import\u00e2ncia da reciclagem, como cuidar da natureza, al\u00e9m das iniciativas na cidade que auxiliam na preserva\u00e7\u00e3o do meio ambiente, como os Ecopontos e a \u00c1rea de Soltura de Animais Silvestre (ASAS). As educadoras ainda testaram os conhecimentos dos alunos com momentos de perguntas e respostas, entendendo o que eles sabem sobre natureza e o que \u00e9 certo e errado para preserv\u00e1-la.<\/p>\n\n\n\n<figure class=\"wp-block-image size-large\"><img fetchpriority=\"high\" decoding=\"async\" width=\"1024\" height=\"681\" src=\"https:\/\/sgvaimudar.com.br\/wp-content\/uploads\/2026\/09\/unnamed-4-1024x681.jpg\" alt=\"\" class=\"wp-image-46474\" srcset=\"https:\/\/sgvaimudar.com.br\/wp-content\/uploads\/2026\/09\/unnamed-4-1024x681.jpg 1024w, https:\/\/sgvaimudar.com.br\/wp-content\/uploads\/2026\/09\/unnamed-4-300x199.jpg 300w, https:\/\/sgvaimudar.com.br\/wp-content\/uploads\/2026\/09\/unnamed-4-768x511.jpg 768w, https:\/\/sgvaimudar.com.br\/wp-content\/uploads\/2026\/09\/unnamed-4-1536x1021.jpg 1536w, https:\/\/sgvaimudar.com.br\/wp-content\/uploads\/2026\/09\/unnamed-4-2048x1362.jpg 2048w\" sizes=\"(max-width: 1024px) 100vw, 1024px\" \/><\/figure>\n\n\n\n<p>Marianna Orioli e Lorena Ramos integram tamb\u00e9m a equipe do Projeto Estudo Vivo, iniciativa voltada \u00e0 educa\u00e7\u00e3o ambiental nas Unidades de Conserva\u00e7\u00e3o do munic\u00edpio.<\/p>\n\n\n\n<p>&#8220;O Meu Ambiente \u00e9 um projeto no qual vamos at\u00e9 as salas de aula. Entendemos o que os alunos sabem, seus h\u00e1bitos de consumo e de descarte de materiais e a partir da\u00ed explicamos as pr\u00e1ticas corretas atrav\u00e9s de din\u00e2micas interativas e adaptadas para as idades deles. \u00c9 um trabalho essencia&#8221;, afirmou o secret\u00e1rio de Meio Ambiente e Transportes, Fabio Lemos.<\/p>\n\n\n\n<p>Coordenado pela educadora ambiental Glauce Batista Junior, o Projeto Meu Ambiente busca levar conhecimentos relacionados \u00e0 preserva\u00e7\u00e3o ambiental para o ambiente escolar, estimulando a forma\u00e7\u00e3o de cidad\u00e3os mais conscientes e comprometidos com a sustentabilidade. A a\u00e7\u00e3o integra o Programa Municipal de Educa\u00e7\u00e3o Ambiental de S\u00e3o Gon\u00e7alo (PROMEA-SG), iniciativa que re\u00fane a\u00e7\u00f5es voltadas \u00e0 promo\u00e7\u00e3o da educa\u00e7\u00e3o ambiental no munic\u00edpio e ao fortalecimento de pr\u00e1ticas de conscientiza\u00e7\u00e3o e preserva\u00e7\u00e3o do meio ambiente junto \u00e0 popula\u00e7\u00e3o.<\/p>\n\n\n\n<p>Rosana Melo Castro, diretora da Escola Municipal Nice Mendon\u00e7a de Souza e Silva, ressaltou a import\u00e2ncia da parceria das secretarias para o bem-estar das crian\u00e7as. &#8220;Na nossa grade curricular, temos uma disciplina de meio ambiente e sentimos que nossos alunos adoram esse tema. Ent\u00e3o, iniciativas como essa s\u00e3o essenciais e complementam o trabalho que j\u00e1 realizamos. Debater sobre o consumo consciente \u00e9 necess\u00e1rio, porque aqui temos, por exemplo, um descarte muito grande de copos de pl\u00e1stico e de lixo num geral. Eles aprendem, v\u00e3o repassar aos pais e todo mundo acaba ganhando&#8221;, contou.<\/p>\n\n\n\n<p>Isaac Maciel Caldas, de 9 anos, foi um dos alunos que participou do projeto e adorou a manh\u00e3. &#8220;\u00c9 muito legal! Eu estava ansioso por essa aula, gosto muito do meio ambiente! Vou, com certeza, falar com os meus pais sobre tudo o que aprendi, gostei demais!&#8221;, contou.<\/p>\n\n\n\n<p><em>Fotos: Jonnathan Smith<\/em><\/p>\n\n\n\n<p><strong>Sigam:&nbsp;<\/strong><a href=\"https:\/\/www.instagram.com\/sgvaimudar\/\"><strong>@sgvaimudar<\/strong><\/a><a href=\"https:\/\/www.instagram.com\/sgvaimudar2\/\"><strong>@sgvaimudar2<\/strong><\/a><strong><em><\/em><\/strong><\/p>\n\n\n\n<p><strong><em>Passe sua informa\u00e7\u00e3o pelo nosso WhatsApp: (21) <\/em><\/strong><strong><em>99744 5345<\/em><\/strong><strong><em><\/em><\/strong><\/p>\n\n\n\n<p><strong><em>S\u00e3o Gon\u00e7alo Vai Mudar: Not\u00edcias de S\u00e3o Gon\u00e7alo e toda regi\u00e3o.<\/em><\/strong><\/p>\n\n\n\n<figure class=\"wp-block-image size-large is-resized\"><img decoding=\"async\" width=\"577\" height=\"1024\" src=\"https:\/\/sgvaimudar.com.br\/wp-content\/uploads\/2026\/01\/vceoreporter.SGVM_-577x1024.jpg\" alt=\"\" class=\"wp-image-36417\" style=\"width:711px;height:auto\" srcset=\"https:\/\/sgvaimudar.com.br\/wp-content\/uploads\/2026\/01\/vceoreporter.SGVM_-577x1024.jpg 577w, https:\/\/sgvaimudar.com.br\/wp-content\/uploads\/2026\/01\/vceoreporter.SGVM_-169x300.jpg 169w, https:\/\/sgvaimudar.com.br\/wp-content\/uploads\/2026\/01\/vceoreporter.SGVM_.jpg 640w\" sizes=\"(max-width: 577px) 100vw, 577px\" \/><\/figure>\n","protected":false},"excerpt":{"rendered":"<p>A\u00e7\u00e3o foi desenvolvida nesta ter\u00e7a-feira (1) na Escola Municipal Nice Mendon\u00e7a de Souza Mais de 30 alunos do 4\u00b0 ano&hellip;<\/p>\n","protected":false},"author":5,"featured_media":46473,"comment_status":"closed","ping_status":"open","sticky":false,"template":"","format":"standard","meta":{"fifu_image_url":"https:\/\/sgvaimudar.com.br\/wp-content\/uploads\/2026\/09\/unnamed-5-scaled.jpg","fifu_image_alt":"","footnotes":""},"categories":[3],"tags":[221,3100,3099,2603,47,75],"class_list":["post-46470","post","type-post","status-publish","format-standard","has-post-thumbnail","hentry","category-sao-goncalo","tag-aula","tag-consciente","tag-consumo","tag-educacao-2","tag-rj","tag-sao-goncalo"],"_links":{"self":[{"href":"https:\/\/sgvaimudar.com.br\/index.php\/wp-json\/wp\/v2\/posts\/46470","targetHints":{"allow":["GET"]}}],"collection":[{"href":"https:\/\/sgvaimudar.com.br\/index.php\/wp-json\/wp\/v2\/posts"}],"about":[{"href":"https:\/\/sgvaimudar.com.br\/index.php\/wp-json\/wp\/v2\/types\/post"}],"author":[{"embeddable":true,"href":"https:\/\/sgvaimudar.com.br\/index.php\/wp-json\/wp\/v2\/users\/5"}],"replies":[{"embeddable":true,"href":"https:\/\/sgvaimudar.com.br\/index.php\/wp-json\/wp\/v2\/comments?post=46470"}],"version-history":[{"count":2,"href":"https:\/\/sgvaimudar.com.br\/index.php\/wp-json\/wp\/v2\/posts\/46470\/revisions"}],"predecessor-version":[{"id":46475,"href":"https:\/\/sgvaimudar.com.br\/index.php\/wp-json\/wp\/v2\/posts\/46470\/revisions\/46475"}],"wp:featuredmedia":[{"embeddable":true,"href":"https:\/\/sgvaimudar.com.br\/index.php\/wp-json\/wp\/v2\/media\/46473"}],"wp:attachment":[{"href":"https:\/\/sgvaimudar.com.br\/index.php\/wp-json\/wp\/v2\/media?parent=46470"}],"wp:term":[{"taxonomy":"category","embeddable":true,"href":"https:\/\/sgvaimudar.com.br\/index.php\/wp-json\/wp\/v2\/categories?post=46470"},{"taxonomy":"post_tag","embeddable":true,"href":"https:\/\/sgvaimudar.com.br\/index.php\/wp-json\/wp\/v2\/tags?post=46470"}],"curies":[{"name":"wp","href":"https:\/\/api.w.org\/{rel}","templated":true}]}}