{"id":46456,"date":"2026-09-02T07:45:44","date_gmt":"2026-09-02T10:45:44","guid":{"rendered":"https:\/\/sgvaimudar.com.br\/?p=46456"},"modified":"2026-09-02T08:01:43","modified_gmt":"2026-09-02T11:01:43","slug":"prefeitura-abre-novas-vagas-para-atendimento-do-minha-casa-minha-vida-em-setembro","status":"publish","type":"post","link":"https:\/\/sgvaimudar.com.br\/index.php\/2026\/09\/02\/prefeitura-abre-novas-vagas-para-atendimento-do-minha-casa-minha-vida-em-setembro\/","title":{"rendered":"Prefeitura abre novas vagas para atendimento do Minha Casa, Minha Vida em setembro"},"content":{"rendered":"\n<p><em>Inscri\u00e7\u00f5es devem ser realizadas pelo portal Colabore+<\/em><\/p>\n\n\n\n<p>A Secretaria de Habita\u00e7\u00e3o da Prefeitura de S\u00e3o Gon\u00e7alo abriu mais um agendamento para novas inscri\u00e7\u00f5es no Minha Casa, Minha Vida. Atrav\u00e9s do portal Colabore+, 391 vagas foram liberadas para quem deseja obter orienta\u00e7\u00f5es sobre o programa habitacional at\u00e9 o dia 2 de outubro.<\/p>\n\n\n\n<p>O cadastro \u00e9 destinado aos moradores de S\u00e3o Gon\u00e7alo que ainda n\u00e3o est\u00e3o inscritos no programa habitacional no munic\u00edpio. O objetivo \u00e9 ampliar o acesso da popula\u00e7\u00e3o \u00e0s informa\u00e7\u00f5es sobre os crit\u00e9rios de participa\u00e7\u00e3o e garantir a inclus\u00e3o de novas fam\u00edlias interessadas em ingressar no programa.<\/p>\n\n\n\n<figure class=\"wp-block-image size-large\"><img fetchpriority=\"high\" decoding=\"async\" width=\"819\" height=\"1024\" src=\"https:\/\/sgvaimudar.com.br\/wp-content\/uploads\/2026\/09\/unnamed-1-1-819x1024.jpg\" alt=\"\" class=\"wp-image-46460\" srcset=\"https:\/\/sgvaimudar.com.br\/wp-content\/uploads\/2026\/09\/unnamed-1-1-819x1024.jpg 819w, https:\/\/sgvaimudar.com.br\/wp-content\/uploads\/2026\/09\/unnamed-1-1-240x300.jpg 240w, https:\/\/sgvaimudar.com.br\/wp-content\/uploads\/2026\/09\/unnamed-1-1-768x960.jpg 768w, https:\/\/sgvaimudar.com.br\/wp-content\/uploads\/2026\/09\/unnamed-1-1.jpg 1080w\" sizes=\"(max-width: 819px) 100vw, 819px\" \/><\/figure>\n\n\n\n<p>Para realizar o cadastro, \u00e9 necess\u00e1rio que o Cadastro \u00danico (Cad\u00danico) esteja atualizado e com endere\u00e7o no munic\u00edpio. Al\u00e9m disso, o cidad\u00e3o deve estar com o N\u00famero de Identifica\u00e7\u00e3o Social (NIS) regularizado e atualizado.<\/p>\n\n\n\n<p>A Faixa 1 do Minha Casa, Minha Vida \u00e9 destinada a fam\u00edlias com renda mensal bruta de at\u00e9 R$ 3.200,00. Nesta modalidade, o programa oferece subs\u00eddios que podem chegar a at\u00e9 95% do valor do im\u00f3vel.<\/p>\n\n\n\n<p>Os gon\u00e7alenses podem agendar a data e o hor\u00e1rio para atendimento presencial com servidores da Secretaria de Habita\u00e7\u00e3o, por meio do Portal Colabore+ (<a href=\"https:\/\/click.knewin360.com\/Click\/click\/eyJhbGciOiJIUzI1NiIsInR5cCI6IkpXVCJ9.eyJjYW1wYWlnbklkIjoiNDM0NWY1NGMtZDVkYi00OWQ3LTA1ODgtMDhkZjA3NWQ2NjI3IiwicGVyc29uSWQiOiJhYzY2OTY2ZS0yYjU1LTQ0ODQtZmIyYy0wOGRjNDkxZWVkNWYiLCJlbWFpbCI6Impvcm5hbGlzdGF3c0BnbWFpbC5jb20iLCJ1cmwiOiJodHRwczovL2NvbGFib3JlLnBtc2cucmouZ292LmJyL3NlcnZpY28vYWdlbmRhbWVudG8tcGFyYS1pbnNjcmljYW8tbWluaGEtY2FzYS1taW5oYS12aWRhLWZhaXhhLWkiLCJpc1NlZ21lbnRhdGlvbiI6IkZhbHNlIiwibmJmIjoxNzg4MjgzMDI1LCJleHAiOjE3OTA4NzUwMjUsImlhdCI6MTc4ODI4MzAyNX0.9kX2VbjpQp69he9MDUL9P3MPL7Z9PSevIOhiTB2IZ7Q\" rel=\"noreferrer noopener\" target=\"_blank\">https:\/\/colabore.pmsg.rj.gov.br\/servico\/agendamento-para-inscricao-minha-casa-minha-vida-faixa-i<\/a>). No dia marcado, os interessados dever\u00e3o apresentar a documenta\u00e7\u00e3o necess\u00e1ria para efetivar a inscri\u00e7\u00e3o.<\/p>\n\n\n\n<p>\u00c9 importante que os cidad\u00e3os compare\u00e7am ao atendimento no hor\u00e1rio agendado. Caso n\u00e3o possam comparecer, \u00e9 fundamental que realizem o cancelamento do agendamento pelo sistema, permitindo que outra pessoa tenha a oportunidade de utilizar a vaga dispon\u00edvel.<\/p>\n\n\n\n<p>A Secretaria de Habita\u00e7\u00e3o fica na Avenida Presidente Kennedy, n\u00ba 425, sala 145, no Centro de S\u00e3o Gon\u00e7alo.<\/p>\n\n\n\n<p><strong>Sigam:&nbsp;<\/strong><a href=\"https:\/\/www.instagram.com\/sgvaimudar\/\"><strong>@sgvaimudar<\/strong><\/a><a href=\"https:\/\/www.instagram.com\/sgvaimudar2\/\"><strong>@sgvaimudar2<\/strong><\/a><strong><em><\/em><\/strong><\/p>\n\n\n\n<p><strong><em>Passe sua informa\u00e7\u00e3o pelo nosso WhatsApp: (21) <\/em><\/strong><strong><em>99744 5345<\/em><\/strong><strong><em><\/em><\/strong><\/p>\n\n\n\n<p><strong><em>S\u00e3o Gon\u00e7alo Vai Mudar: Not\u00edcias de S\u00e3o Gon\u00e7alo e toda regi\u00e3o.<\/em><\/strong><\/p>\n\n\n\n<figure class=\"wp-block-video\"><video height=\"1280\" style=\"aspect-ratio: 720 \/ 1280;\" width=\"720\" controls src=\"https:\/\/sgvaimudar.com.br\/wp-content\/uploads\/2026\/07\/LOGOSGVMPARAFECHAMENTO.mp4\"><\/video><\/figure>\n","protected":false},"excerpt":{"rendered":"<p>Inscri\u00e7\u00f5es devem ser realizadas pelo portal Colabore+ A Secretaria de Habita\u00e7\u00e3o da Prefeitura de S\u00e3o Gon\u00e7alo abriu mais um agendamento&hellip;<\/p>\n","protected":false},"author":5,"featured_media":46458,"comment_status":"closed","ping_status":"open","sticky":false,"template":"","format":"standard","meta":{"fifu_image_url":"https:\/\/sgvaimudar.com.br\/wp-content\/uploads\/2024\/05\/Habitacao-Minha-Casa-Minha-Vida-Marambaia-valendoIII.jpg","fifu_image_alt":"","footnotes":""},"categories":[3],"tags":[362,1134,666,47,75,503,313],"class_list":["post-46456","post","type-post","status-publish","format-standard","has-post-thumbnail","hentry","category-sao-goncalo","tag-casa","tag-habitacao","tag-minha","tag-rj","tag-sao-goncalo","tag-vagas","tag-vida"],"_links":{"self":[{"href":"https:\/\/sgvaimudar.com.br\/index.php\/wp-json\/wp\/v2\/posts\/46456","targetHints":{"allow":["GET"]}}],"collection":[{"href":"https:\/\/sgvaimudar.com.br\/index.php\/wp-json\/wp\/v2\/posts"}],"about":[{"href":"https:\/\/sgvaimudar.com.br\/index.php\/wp-json\/wp\/v2\/types\/post"}],"author":[{"embeddable":true,"href":"https:\/\/sgvaimudar.com.br\/index.php\/wp-json\/wp\/v2\/users\/5"}],"replies":[{"embeddable":true,"href":"https:\/\/sgvaimudar.com.br\/index.php\/wp-json\/wp\/v2\/comments?post=46456"}],"version-history":[{"count":2,"href":"https:\/\/sgvaimudar.com.br\/index.php\/wp-json\/wp\/v2\/posts\/46456\/revisions"}],"predecessor-version":[{"id":46461,"href":"https:\/\/sgvaimudar.com.br\/index.php\/wp-json\/wp\/v2\/posts\/46456\/revisions\/46461"}],"wp:featuredmedia":[{"embeddable":true,"href":"https:\/\/sgvaimudar.com.br\/index.php\/wp-json\/wp\/v2\/media\/46458"}],"wp:attachment":[{"href":"https:\/\/sgvaimudar.com.br\/index.php\/wp-json\/wp\/v2\/media?parent=46456"}],"wp:term":[{"taxonomy":"category","embeddable":true,"href":"https:\/\/sgvaimudar.com.br\/index.php\/wp-json\/wp\/v2\/categories?post=46456"},{"taxonomy":"post_tag","embeddable":true,"href":"https:\/\/sgvaimudar.com.br\/index.php\/wp-json\/wp\/v2\/tags?post=46456"}],"curies":[{"name":"wp","href":"https:\/\/api.w.org\/{rel}","templated":true}]}}