{"id":46441,"date":"2026-09-01T19:00:00","date_gmt":"2026-09-01T22:00:00","guid":{"rendered":"https:\/\/sgvaimudar.com.br\/?p=46441"},"modified":"2026-09-01T10:19:48","modified_gmt":"2026-09-01T13:19:48","slug":"ciug-abre-inscricoes-para-curso-sobre-historia-da-arte-sacra","status":"publish","type":"post","link":"https:\/\/sgvaimudar.com.br\/index.php\/2026\/09\/01\/ciug-abre-inscricoes-para-curso-sobre-historia-da-arte-sacra\/","title":{"rendered":"CIUG abre inscri\u00e7\u00f5es para curso sobre hist\u00f3ria da arte sacra"},"content":{"rendered":"\n<p><em>Interessados devem fazer matr\u00edcula na unidade nos dias 3 e 4 de setembro<\/em><\/p>\n\n\n\n<p>O Centro Interescolar Ulysses Guimar\u00e3es (CIUG) vai oferecer 30 vagas para o projeto Historiando Vitrais e Pratarias Sacras na Arquitetura Religiosa da Cidade do Rio de Janeiro. Os interessados em participar do curso devem se inscrever na unidade, nos dias 3 e 4 de setembro, das 8h \u00e0s 19h.<\/p>\n\n\n\n<p>O curso ter\u00e1 como base o estudo de vitrais na arquitetura religiosa da cidade do Rio de Janeiro, entre os anos 1880 e 1950, bem como a an\u00e1lise t\u00e9cnica e interpretativa dos significados b\u00edblicos. Al\u00e9m disso, os alunos v\u00e3o aprender sobre a prataria sacra presente na liturgia cat\u00f3lica, abordando seu estilo, fun\u00e7\u00e3o, tipologia e autoria das pe\u00e7as.<\/p>\n\n\n\n<p>\u200b&#8221;A oferta deste curso representa uma oportunidade \u00edmpar de democratiza\u00e7\u00e3o do acesso \u00e0 hist\u00f3ria da arte, ao patrim\u00f4nio cultural e \u00e0 mem\u00f3ria material do Estado do Rio de Janeiro. Longe de se restringir ao aspecto religioso, o curso aborda a arquitetura, as artes aplicadas e as t\u00e9cnicas artesanais que ajudaram a construir a identidade est\u00e9tica e cultural do pa\u00eds nos s\u00e9culos XIX e XX. Com essa forma\u00e7\u00e3o presencial e gratuita, o CIUG reafirma seu papel como um polo difusor de conhecimento, promovendo a inclus\u00e3o cultural e enriquecendo a bagagem intelectual da popula\u00e7\u00e3o de S\u00e3o Gon\u00e7alo&#8221;, afirmou a diretora da unidade, Kelly Neves.<\/p>\n\n\n\n<p>A capacita\u00e7\u00e3o ser\u00e1 iniciada no dia 9 de setembro, e as aulas v\u00e3o ocorrer toda quarta-feira, das 15h40 \u00e0s 18h. O curso ter\u00e1 carga hor\u00e1ria de 60 horas e o encerramento est\u00e1 previsto para dezembro.&nbsp;<\/p>\n\n\n\n<p>Para se matricular, o aluno precisa ter mais de 13 anos e ter cursado ou estar cursando o s\u00e9timo ano do ensino fundamental.&nbsp;<\/p>\n\n\n\n<p><strong>Documentos e crit\u00e9rios necess\u00e1rios para matr\u00edcula:<\/strong>&nbsp;<\/p>\n\n\n\n<p>. 1 foto 3&#215;4;&nbsp;<\/p>\n\n\n\n<p>. C\u00f3pia do RG ou Certid\u00e3o de nascimento \/casamento;&nbsp;<\/p>\n\n\n\n<p>. C\u00f3pia do CPF do aluno e do respons\u00e1vel (caso seja menor);&nbsp;<\/p>\n\n\n\n<p>. C\u00f3pia do comprovante de resid\u00eancia com CEP;&nbsp;<\/p>\n\n\n\n<p>. C\u00f3pia do comprovante de escolaridade;<\/p>\n\n\n\n<p>. Endere\u00e7o de e-mail;&nbsp;<\/p>\n\n\n\n<p>. Telefones para contato;&nbsp;<\/p>\n\n\n\n<p>. Laudo PcD, se for o caso;&nbsp;<\/p>\n\n\n\n<p>O CIUG fica na Rua Dr. Gradim, s\/n\u00ba, no bairro Porto da Madama.<\/p>\n\n\n\n<p><em>Foto: Fabio Guimar\u00e3es\/Arquivo<\/em><\/p>\n\n\n\n<p><strong>Sigam:&nbsp;<\/strong><a href=\"https:\/\/www.instagram.com\/sgvaimudar\/\"><strong>@sgvaimudar<\/strong><\/a><a href=\"https:\/\/www.instagram.com\/sgvaimudar2\/\"><strong>@sgvaimudar2<\/strong><\/a><strong><em><\/em><\/strong><\/p>\n\n\n\n<p><strong><em>Passe sua informa\u00e7\u00e3o pelo nosso WhatsApp: (21) <\/em><\/strong><strong><em>99744 5345<\/em><\/strong><strong><em><\/em><\/strong><\/p>\n\n\n\n<p><strong><em>S\u00e3o Gon\u00e7alo Vai Mudar: Not\u00edcias de S\u00e3o Gon\u00e7alo e toda regi\u00e3o.<\/em><\/strong><\/p>\n\n\n\n<figure class=\"wp-block-video\"><video height=\"850\" style=\"aspect-ratio: 478 \/ 850;\" width=\"478\" controls src=\"https:\/\/sgvaimudar.com.br\/wp-content\/uploads\/2026\/05\/ANUNCIEMAOPUXANDO.mp4\"><\/video><\/figure>\n","protected":false},"excerpt":{"rendered":"<p>Interessados devem fazer matr\u00edcula na unidade nos dias 3 e 4 de setembro O Centro Interescolar Ulysses Guimar\u00e3es (CIUG) vai&hellip;<\/p>\n","protected":false},"author":5,"featured_media":46443,"comment_status":"closed","ping_status":"open","sticky":false,"template":"","format":"standard","meta":{"fifu_image_url":"https:\/\/sgvaimudar.com.br\/wp-content\/uploads\/2024\/05\/Fachada-CIUG-Centro-Interescolar-Ulysses-Guimaraes-04-01-2023-Foto-Fabio-Guimaraes-11.jpg","fifu_image_alt":"","footnotes":""},"categories":[1],"tags":[843,153,1034,222,1445,2668,47,3095,75],"class_list":["post-46441","post","type-post","status-publish","format-standard","has-post-thumbnail","hentry","category-mundo","tag-abertas","tag-arte","tag-ciug","tag-curso","tag-historia","tag-matriculas","tag-rj","tag-sacra","tag-sao-goncalo"],"_links":{"self":[{"href":"https:\/\/sgvaimudar.com.br\/index.php\/wp-json\/wp\/v2\/posts\/46441","targetHints":{"allow":["GET"]}}],"collection":[{"href":"https:\/\/sgvaimudar.com.br\/index.php\/wp-json\/wp\/v2\/posts"}],"about":[{"href":"https:\/\/sgvaimudar.com.br\/index.php\/wp-json\/wp\/v2\/types\/post"}],"author":[{"embeddable":true,"href":"https:\/\/sgvaimudar.com.br\/index.php\/wp-json\/wp\/v2\/users\/5"}],"replies":[{"embeddable":true,"href":"https:\/\/sgvaimudar.com.br\/index.php\/wp-json\/wp\/v2\/comments?post=46441"}],"version-history":[{"count":1,"href":"https:\/\/sgvaimudar.com.br\/index.php\/wp-json\/wp\/v2\/posts\/46441\/revisions"}],"predecessor-version":[{"id":46442,"href":"https:\/\/sgvaimudar.com.br\/index.php\/wp-json\/wp\/v2\/posts\/46441\/revisions\/46442"}],"wp:featuredmedia":[{"embeddable":true,"href":"https:\/\/sgvaimudar.com.br\/index.php\/wp-json\/wp\/v2\/media\/46443"}],"wp:attachment":[{"href":"https:\/\/sgvaimudar.com.br\/index.php\/wp-json\/wp\/v2\/media?parent=46441"}],"wp:term":[{"taxonomy":"category","embeddable":true,"href":"https:\/\/sgvaimudar.com.br\/index.php\/wp-json\/wp\/v2\/categories?post=46441"},{"taxonomy":"post_tag","embeddable":true,"href":"https:\/\/sgvaimudar.com.br\/index.php\/wp-json\/wp\/v2\/tags?post=46441"}],"curies":[{"name":"wp","href":"https:\/\/api.w.org\/{rel}","templated":true}]}}