{"id":46437,"date":"2026-09-01T17:00:00","date_gmt":"2026-09-01T20:00:00","guid":{"rendered":"https:\/\/sgvaimudar.com.br\/?p=46437"},"modified":"2026-09-01T10:41:46","modified_gmt":"2026-09-01T13:41:46","slug":"quaest-rj-eduardo-paes-lidera-com-37-ruas-tem-14-e-garotinho-7","status":"publish","type":"post","link":"https:\/\/sgvaimudar.com.br\/index.php\/2026\/09\/01\/quaest-rj-eduardo-paes-lidera-com-37-ruas-tem-14-e-garotinho-7\/","title":{"rendered":"Quaest RJ: Eduardo Paes lidera com 37%; Ruas tem 14% e Garotinho, 7%"},"content":{"rendered":"\n<p><em>Levantamento mostra que 42% dos eleitores ainda admitem mudar de candidato at\u00e9 a elei\u00e7\u00e3o<\/em><\/p>\n\n\n\n<p>O ex-prefeito do Rio de Janeiro Eduardo Paes (PSD) lidera a disputa pelo Governo do Estado nas elei\u00e7\u00f5es de 2026, com 37% das inten\u00e7\u00f5es de voto, segundo pesquisa Quaest divulgada recentemente. O presidente da Alerj, Douglas Ruas (PL), aparece na segunda coloca\u00e7\u00e3o, com 14%, enquanto o ex-governador Anthony Garotinho (Republicanos) registra 7%.<\/p>\n\n\n\n<p>Em rela\u00e7\u00e3o ao levantamento anterior, realizado em julho, Paes oscilou de 38% para 37%. J\u00e1 Ruas apresentou crescimento de quatro pontos percentuais, passando de 10% para 14%. Garotinho, por sua vez, caiu de 10% para 7%.<\/p>\n\n\n\n<p>O levantamento mostra ainda 20% dos entrevistados indecisos, enquanto 16% afirmam que pretendem votar em branco, anular o voto ou n\u00e3o comparecer \u00e0s urnas. William Siri (PSOL) aparece com 3%. Coronel Busnello (Miss\u00e3o), Cyro Garcia (PSTU) e Juliete Pantoja (UP) t\u00eam 1% cada.<\/p>\n\n\n\n<p><strong>SEGUNDO TURNO <\/strong>&#8211; A pesquisa tamb\u00e9m simulou poss\u00edveis disputas de segundo turno. Em um confronto entre Paes e Douglas Ruas, o ex-prefeito aparece com 50% das inten\u00e7\u00f5es de voto, contra 20% de Ruas. Outros 18% afirmam que n\u00e3o votariam em nenhum dos dois, enquanto 12% permanecem indecisos.<\/p>\n\n\n\n<p>Em uma eventual disputa entre Paes e Garotinho, o candidato do PSD registra <strong>53%<\/strong>, contra 12% do ex-governador. Nesse cen\u00e1rio, 24% dizem que n\u00e3o escolheriam nenhum dos dois e 11% est\u00e3o indecisos.<\/p>\n\n\n\n<h3 class=\"wp-block-heading\">Maioria ainda pode mudar de voto<\/h3>\n\n\n\n<p>Apesar da lideran\u00e7a de Paes, a pesquisa aponta que 42% dos eleitores ainda admitem mudar de candidato at\u00e9 a elei\u00e7\u00e3o, enquanto 58% consideram a escolha definitiva. Na pesquisa espont\u00e2nea, quando os nomes dos candidatos n\u00e3o s\u00e3o apresentados, Paes tem 16% e Ruas aparece com 7%. O \u00edndice de indecisos chega a 69%.<\/p>\n\n\n\n<p>A Quaest ouviu 1.302 eleitores entre os dias 21 e 24 de agosto. A margem de erro \u00e9 de tr\u00eas pontos percentuais, para mais ou para menos, e o n\u00edvel de confian\u00e7a \u00e9 de 95%. A pesquisa foi contratada pela Globo e registrada no Tribunal Superior Eleitoral (TSE) sob o n\u00famero RJ-08748\/2026.<\/p>\n\n\n\n<p><strong>Sigam:&nbsp;<\/strong><a href=\"https:\/\/www.instagram.com\/sgvaimudar\/\"><strong>@sgvaimudar<\/strong><\/a><a href=\"https:\/\/www.instagram.com\/sgvaimudar2\/\"><strong>@sgvaimudar2<\/strong><\/a><strong><em><\/em><\/strong><\/p>\n\n\n\n<p><strong><em>Passe sua informa\u00e7\u00e3o pelo nosso WhatsApp: (21) <\/em><\/strong><strong><em>99744 5345<\/em><\/strong><strong><em><\/em><\/strong><\/p>\n\n\n\n<p><strong><em>S\u00e3o Gon\u00e7alo Vai Mudar: Not\u00edcias de S\u00e3o Gon\u00e7alo e toda regi\u00e3o.<\/em><\/strong><\/p>\n\n\n\n<figure class=\"wp-block-video\"><video height=\"1280\" style=\"aspect-ratio: 720 \/ 1280;\" width=\"720\" controls src=\"https:\/\/sgvaimudar.com.br\/wp-content\/uploads\/2026\/07\/institucional.SGVM_.EQUIPE.mp4\"><\/video><\/figure>\n","protected":false},"excerpt":{"rendered":"<p>Levantamento mostra que 42% dos eleitores ainda admitem mudar de candidato at\u00e9 a elei\u00e7\u00e3o O ex-prefeito do Rio de Janeiro&hellip;<\/p>\n","protected":false},"author":5,"featured_media":46440,"comment_status":"closed","ping_status":"open","sticky":false,"template":"","format":"standard","meta":{"fifu_image_url":"https:\/\/sgvaimudar.com.br\/wp-content\/uploads\/2026\/09\/paes-ruas-e-garotinho-na-ordem-212656.jpg","fifu_image_alt":"","footnotes":""},"categories":[4],"tags":[3091,3093,911,1345,1060,3092,546,3094],"class_list":["post-46437","post","type-post","status-publish","format-standard","has-post-thumbnail","hentry","category-brasil","tag-eleicao-2","tag-garotinho","tag-governo","tag-paes","tag-pesquisa","tag-quasest","tag-ruas","tag-segundo-turno"],"_links":{"self":[{"href":"https:\/\/sgvaimudar.com.br\/index.php\/wp-json\/wp\/v2\/posts\/46437","targetHints":{"allow":["GET"]}}],"collection":[{"href":"https:\/\/sgvaimudar.com.br\/index.php\/wp-json\/wp\/v2\/posts"}],"about":[{"href":"https:\/\/sgvaimudar.com.br\/index.php\/wp-json\/wp\/v2\/types\/post"}],"author":[{"embeddable":true,"href":"https:\/\/sgvaimudar.com.br\/index.php\/wp-json\/wp\/v2\/users\/5"}],"replies":[{"embeddable":true,"href":"https:\/\/sgvaimudar.com.br\/index.php\/wp-json\/wp\/v2\/comments?post=46437"}],"version-history":[{"count":3,"href":"https:\/\/sgvaimudar.com.br\/index.php\/wp-json\/wp\/v2\/posts\/46437\/revisions"}],"predecessor-version":[{"id":46446,"href":"https:\/\/sgvaimudar.com.br\/index.php\/wp-json\/wp\/v2\/posts\/46437\/revisions\/46446"}],"wp:featuredmedia":[{"embeddable":true,"href":"https:\/\/sgvaimudar.com.br\/index.php\/wp-json\/wp\/v2\/media\/46440"}],"wp:attachment":[{"href":"https:\/\/sgvaimudar.com.br\/index.php\/wp-json\/wp\/v2\/media?parent=46437"}],"wp:term":[{"taxonomy":"category","embeddable":true,"href":"https:\/\/sgvaimudar.com.br\/index.php\/wp-json\/wp\/v2\/categories?post=46437"},{"taxonomy":"post_tag","embeddable":true,"href":"https:\/\/sgvaimudar.com.br\/index.php\/wp-json\/wp\/v2\/tags?post=46437"}],"curies":[{"name":"wp","href":"https:\/\/api.w.org\/{rel}","templated":true}]}}