{"id":46431,"date":"2026-09-01T15:00:00","date_gmt":"2026-09-01T18:00:00","guid":{"rendered":"https:\/\/sgvaimudar.com.br\/?p=46431"},"modified":"2026-09-01T10:03:24","modified_gmt":"2026-09-01T13:03:24","slug":"motoristas-devem-ficar-atentos-a-interdicoes-parciais-na-br-101-entre-sao-goncalo-e-niteroi","status":"publish","type":"post","link":"https:\/\/sgvaimudar.com.br\/index.php\/2026\/09\/01\/motoristas-devem-ficar-atentos-a-interdicoes-parciais-na-br-101-entre-sao-goncalo-e-niteroi\/","title":{"rendered":"Motoristas devem ficar atentos a interdi\u00e7\u00f5es parciais na BR-101 entre S\u00e3o Gon\u00e7alo e Niter\u00f3i"},"content":{"rendered":"\n<p><em>Segundo a Arteris Fluminense, a programa\u00e7\u00e3o de obras na BR 101\/RJ vai at\u00e9 s\u00e1bado (05\/09)<\/em><\/p>\n\n\n\n<p>Motoristas que trafegam pelo trecho urbano da BR-101 entre S\u00e3o Gon\u00e7alo e Niter\u00f3i devem redobrar a aten\u00e7\u00e3o devido \u00e0s obras e interven\u00e7\u00f5es realizadas na via. Al\u00e9m da implanta\u00e7\u00e3o de faixas adicionais, h\u00e1 interdi\u00e7\u00f5es parciais para servi\u00e7os de recupera\u00e7\u00e3o do pavimento e reparos estruturais.<\/p>\n\n\n\n<p>As interven\u00e7\u00f5es ocorrem em pontos intercalados entre os quil\u00f4metros 300 e 321, nos dois sentidos de circula\u00e7\u00e3o. Com a redu\u00e7\u00e3o tempor\u00e1ria de faixas em alguns trechos, os condutores podem encontrar altera\u00e7\u00f5es no fluxo e reten\u00e7\u00f5es durante a execu\u00e7\u00e3o dos servi\u00e7os.<\/p>\n\n\n\n<p>Em Itabora\u00ed, ocorrem interven\u00e7\u00f5es no pavimento em pontos intercalados do km 282,9 ao km 298 em ambos os sentidos.<\/p>\n\n\n\n<p>A recomenda\u00e7\u00e3o \u00e9 que os motoristas reduzam a velocidade, respeitem a sinaliza\u00e7\u00e3o provis\u00f3ria e mantenham dist\u00e2ncia segura dos ve\u00edculos \u00e0 frente, principalmente nas \u00e1reas onde as equipes trabalham.<\/p>\n\n\n\n<p>As obras fazem parte das a\u00e7\u00f5es de melhoria da infraestrutura vi\u00e1ria no trecho urbano entre os dois munic\u00edpios.<\/p>\n\n\n\n<p><strong>Sigam:&nbsp;<\/strong><a href=\"https:\/\/www.instagram.com\/sgvaimudar\/\"><strong>@sgvaimudar<\/strong><\/a><a href=\"https:\/\/www.instagram.com\/sgvaimudar2\/\"><strong>@sgvaimudar2<\/strong><\/a><strong><em><\/em><\/strong><\/p>\n\n\n\n<p><strong><em>Passe sua informa\u00e7\u00e3o pelo nosso WhatsApp: (21) <\/em><\/strong><strong><em>99744 5345<\/em><\/strong><strong><em><\/em><\/strong><\/p>\n\n\n\n<p><strong><em>S\u00e3o Gon\u00e7alo Vai Mudar: Not\u00edcias de S\u00e3o Gon\u00e7alo e toda regi\u00e3o.<\/em><\/strong><\/p>\n\n\n\n<figure class=\"wp-block-video\"><video height=\"1280\" style=\"aspect-ratio: 720 \/ 1280;\" width=\"720\" controls src=\"https:\/\/sgvaimudar.com.br\/wp-content\/uploads\/2026\/01\/NoticiaUrgete.logoSGVM.mp4\"><\/video><\/figure>\n\n\n\n<p><strong><em>Foto: Serrano<\/em><\/strong><\/p>\n\n\n\n<p><strong>Sigam:&nbsp;<\/strong><a href=\"https:\/\/www.instagram.com\/sgvaimudar\/\"><strong>@sgvaimudar<\/strong><\/a><a href=\"https:\/\/www.instagram.com\/sgvaimudar2\/\"><strong>@sgvaimudar2<\/strong><\/a><strong><em><\/em><\/strong><\/p>\n\n\n\n<p><strong><em>Passe sua informa\u00e7\u00e3o pelo nosso WhatsApp: (21) <\/em><\/strong><strong><em>99744 5345<\/em><\/strong><strong><em><\/em><\/strong><\/p>\n\n\n\n<p><strong><em>S\u00e3o Gon\u00e7alo Vai Mudar: Not\u00edcias de S\u00e3o Gon\u00e7alo e toda regi\u00e3o.<\/em><\/strong><\/p>\n\n\n\n<figure class=\"wp-block-image size-large is-resized\"><img fetchpriority=\"high\" decoding=\"async\" width=\"577\" height=\"1024\" src=\"https:\/\/sgvaimudar.com.br\/wp-content\/uploads\/2026\/01\/vceoreporter.SGVM_-577x1024.jpg\" alt=\"\" class=\"wp-image-36417\" style=\"width:683px;height:auto\" srcset=\"https:\/\/sgvaimudar.com.br\/wp-content\/uploads\/2026\/01\/vceoreporter.SGVM_-577x1024.jpg 577w, https:\/\/sgvaimudar.com.br\/wp-content\/uploads\/2026\/01\/vceoreporter.SGVM_-169x300.jpg 169w, https:\/\/sgvaimudar.com.br\/wp-content\/uploads\/2026\/01\/vceoreporter.SGVM_.jpg 640w\" sizes=\"(max-width: 577px) 100vw, 577px\" \/><\/figure>\n","protected":false},"excerpt":{"rendered":"<p>Segundo a Arteris Fluminense, a programa\u00e7\u00e3o de obras na BR 101\/RJ vai at\u00e9 s\u00e1bado (05\/09) Motoristas que trafegam pelo trecho&hellip;<\/p>\n","protected":false},"author":5,"featured_media":46434,"comment_status":"closed","ping_status":"open","sticky":false,"template":"","format":"standard","meta":{"fifu_image_url":"https:\/\/sgvaimudar.com.br\/wp-content\/uploads\/2026\/09\/WhatsApp-Image-2026-09-01-at-09.58.09.jpeg","fifu_image_alt":"","footnotes":""},"categories":[34,3],"tags":[521,105,58,47,75],"class_list":["post-46431","post","type-post","status-publish","format-standard","has-post-thumbnail","hentry","category-niteroi","category-sao-goncalo","tag-br-101-2","tag-niteroi","tag-obras","tag-rj","tag-sao-goncalo"],"_links":{"self":[{"href":"https:\/\/sgvaimudar.com.br\/index.php\/wp-json\/wp\/v2\/posts\/46431","targetHints":{"allow":["GET"]}}],"collection":[{"href":"https:\/\/sgvaimudar.com.br\/index.php\/wp-json\/wp\/v2\/posts"}],"about":[{"href":"https:\/\/sgvaimudar.com.br\/index.php\/wp-json\/wp\/v2\/types\/post"}],"author":[{"embeddable":true,"href":"https:\/\/sgvaimudar.com.br\/index.php\/wp-json\/wp\/v2\/users\/5"}],"replies":[{"embeddable":true,"href":"https:\/\/sgvaimudar.com.br\/index.php\/wp-json\/wp\/v2\/comments?post=46431"}],"version-history":[{"count":2,"href":"https:\/\/sgvaimudar.com.br\/index.php\/wp-json\/wp\/v2\/posts\/46431\/revisions"}],"predecessor-version":[{"id":46436,"href":"https:\/\/sgvaimudar.com.br\/index.php\/wp-json\/wp\/v2\/posts\/46431\/revisions\/46436"}],"wp:featuredmedia":[{"embeddable":true,"href":"https:\/\/sgvaimudar.com.br\/index.php\/wp-json\/wp\/v2\/media\/46434"}],"wp:attachment":[{"href":"https:\/\/sgvaimudar.com.br\/index.php\/wp-json\/wp\/v2\/media?parent=46431"}],"wp:term":[{"taxonomy":"category","embeddable":true,"href":"https:\/\/sgvaimudar.com.br\/index.php\/wp-json\/wp\/v2\/categories?post=46431"},{"taxonomy":"post_tag","embeddable":true,"href":"https:\/\/sgvaimudar.com.br\/index.php\/wp-json\/wp\/v2\/tags?post=46431"}],"curies":[{"name":"wp","href":"https:\/\/api.w.org\/{rel}","templated":true}]}}