{"id":46427,"date":"2026-09-01T13:00:00","date_gmt":"2026-09-01T16:00:00","guid":{"rendered":"https:\/\/sgvaimudar.com.br\/?p=46427"},"modified":"2026-09-01T09:37:37","modified_gmt":"2026-09-01T12:37:37","slug":"goncalenses-participam-de-novas-oficinas-para-elaboracao-do-plano-municipal-de-reducao-de-riscos","status":"publish","type":"post","link":"https:\/\/sgvaimudar.com.br\/index.php\/2026\/09\/01\/goncalenses-participam-de-novas-oficinas-para-elaboracao-do-plano-municipal-de-reducao-de-riscos\/","title":{"rendered":"Gon\u00e7alenses participam de novas oficinas para elabora\u00e7\u00e3o do Plano Municipal de Redu\u00e7\u00e3o de Riscos"},"content":{"rendered":"\n<p><em>Encontros acontecer\u00e3o nos bairros Patronato e Engenho Pequeno nesta semana<\/em><\/p>\n\n\n\n<p>O objetivo de ampliar a participa\u00e7\u00e3o da popula\u00e7\u00e3o na elabora\u00e7\u00e3o do Plano Municipal de Redu\u00e7\u00e3o de Riscos (PMRR) e alinhar a\u00e7\u00f5es de mobiliza\u00e7\u00e3o e governan\u00e7a para a preven\u00e7\u00e3o e redu\u00e7\u00e3o de riscos ser\u00e1 tema das Oficinas Comunit\u00e1rias realizadas pela Prefeitura de S\u00e3o Gon\u00e7alo nesta quarta-feira (2) e quinta-feira (3). Os encontros s\u00e3o promovidos pela Secretaria de Gest\u00e3o Integrada e Projetos Especiais (Semgipe), em parceria com a Subsecretaria de Defesa Civil.<\/p>\n\n\n\n<p>A 4\u00aa Oficina Comunit\u00e1ria do PMRR acontece nesta quarta-feira (2), \u00e0s 10h, no Campo do Feij\u00e3o \u2013 Rua Oscar Maldonado n\u00ba 633, Para\u00edso. J\u00e1 a quinta ser\u00e1 realizada na quinta-feira (3), tamb\u00e9m \u00e0s 10h, na Rua Adelino Ferreira Brasil Lote 1, Engenho Pequeno.<\/p>\n\n\n\n<p>As oficinas, que v\u00e3o acontecer em sete localidades do munic\u00edpio, fazem parte do processo participativo previsto para elabora\u00e7\u00e3o do PMRR, instrumento estrat\u00e9gico de planejamento e gest\u00e3o territorial voltado \u00e0 identifica\u00e7\u00e3o, an\u00e1lise e prioriza\u00e7\u00e3o de interven\u00e7\u00f5es em \u00e1reas suscet\u00edveis a riscos geol\u00f3gicos, hidrol\u00f3gicos e outros processos que possam comprometer a seguran\u00e7a da popula\u00e7\u00e3o.<\/p>\n\n\n\n<p>O plano tem como finalidade orientar a implementa\u00e7\u00e3o de a\u00e7\u00f5es preventivas, contribuir para a prioriza\u00e7\u00e3o de investimentos p\u00fablicos e fortalecer a capacidade de resposta e a resili\u00eancia do munic\u00edpio diante dos desafios relacionados \u00e0s mudan\u00e7as clim\u00e1ticas e \u00e0 ocorr\u00eancia de desastres.<\/p>\n\n\n\n<p>A elabora\u00e7\u00e3o do PMRR ocorre no \u00e2mbito do Acordo de Ades\u00e3o firmado entre o munic\u00edpio de S\u00e3o Gon\u00e7alo e a Secretaria Nacional de Periferias do Minist\u00e9rio das Cidades, que prev\u00ea a realiza\u00e7\u00e3o de processos participativos com a sociedade. A proposta \u00e9 reunir conhecimentos t\u00e9cnicos e as experi\u00eancias das comunidades para contribuir com o diagn\u00f3stico das \u00e1reas de risco e com a defini\u00e7\u00e3o das medidas necess\u00e1rias para a redu\u00e7\u00e3o de vulnerabilidades.<\/p>\n\n\n\n<p>A empresa Thalweg Tecnologia e Servi\u00e7os de Geotecnia \u00e9 respons\u00e1vel pela elabora\u00e7\u00e3o do Plano, que busca fortalecer as pol\u00edticas p\u00fablicas municipais de preven\u00e7\u00e3o de desastres e prote\u00e7\u00e3o da popula\u00e7\u00e3o.<\/p>\n\n\n\n<p><strong>Sigam:&nbsp;<\/strong><a href=\"https:\/\/www.instagram.com\/sgvaimudar\/\"><strong>@sgvaimudar<\/strong><\/a><a href=\"https:\/\/www.instagram.com\/sgvaimudar2\/\"><strong>@sgvaimudar2<\/strong><\/a><strong><em><\/em><\/strong><\/p>\n\n\n\n<p><strong><em>Passe sua informa\u00e7\u00e3o pelo nosso WhatsApp: (21) <\/em><\/strong><strong><em>99744 5345<\/em><\/strong><strong><em><\/em><\/strong><\/p>\n\n\n\n<p><strong><em>S\u00e3o Gon\u00e7alo Vai Mudar: Not\u00edcias de S\u00e3o Gon\u00e7alo e toda regi\u00e3o.<\/em><\/strong><\/p>\n\n\n\n<figure class=\"wp-block-video\"><video height=\"1280\" style=\"aspect-ratio: 720 \/ 1280;\" width=\"720\" controls src=\"https:\/\/sgvaimudar.com.br\/wp-content\/uploads\/2026\/07\/LOGOSGVMPARAFECHAMENTO.mp4\"><\/video><\/figure>\n\n\n\n<p><\/p>\n","protected":false},"excerpt":{"rendered":"<p>Encontros acontecer\u00e3o nos bairros Patronato e Engenho Pequeno nesta semana O objetivo de ampliar a participa\u00e7\u00e3o da popula\u00e7\u00e3o na elabora\u00e7\u00e3o&hellip;<\/p>\n","protected":false},"author":5,"featured_media":46430,"comment_status":"closed","ping_status":"open","sticky":false,"template":"","format":"standard","meta":{"fifu_image_url":"https:\/\/sgvaimudar.com.br\/wp-content\/uploads\/2026\/09\/unnamed-1-16.webp","fifu_image_alt":"","footnotes":""},"categories":[3],"tags":[462,256,111,47,75,1772],"class_list":["post-46427","post","type-post","status-publish","format-standard","has-post-thumbnail","hentry","category-sao-goncalo","tag-defesa-civil","tag-oficinas","tag-prefeitura","tag-rj","tag-sao-goncalo","tag-semgipe"],"_links":{"self":[{"href":"https:\/\/sgvaimudar.com.br\/index.php\/wp-json\/wp\/v2\/posts\/46427","targetHints":{"allow":["GET"]}}],"collection":[{"href":"https:\/\/sgvaimudar.com.br\/index.php\/wp-json\/wp\/v2\/posts"}],"about":[{"href":"https:\/\/sgvaimudar.com.br\/index.php\/wp-json\/wp\/v2\/types\/post"}],"author":[{"embeddable":true,"href":"https:\/\/sgvaimudar.com.br\/index.php\/wp-json\/wp\/v2\/users\/5"}],"replies":[{"embeddable":true,"href":"https:\/\/sgvaimudar.com.br\/index.php\/wp-json\/wp\/v2\/comments?post=46427"}],"version-history":[{"count":1,"href":"https:\/\/sgvaimudar.com.br\/index.php\/wp-json\/wp\/v2\/posts\/46427\/revisions"}],"predecessor-version":[{"id":46429,"href":"https:\/\/sgvaimudar.com.br\/index.php\/wp-json\/wp\/v2\/posts\/46427\/revisions\/46429"}],"wp:featuredmedia":[{"embeddable":true,"href":"https:\/\/sgvaimudar.com.br\/index.php\/wp-json\/wp\/v2\/media\/46430"}],"wp:attachment":[{"href":"https:\/\/sgvaimudar.com.br\/index.php\/wp-json\/wp\/v2\/media?parent=46427"}],"wp:term":[{"taxonomy":"category","embeddable":true,"href":"https:\/\/sgvaimudar.com.br\/index.php\/wp-json\/wp\/v2\/categories?post=46427"},{"taxonomy":"post_tag","embeddable":true,"href":"https:\/\/sgvaimudar.com.br\/index.php\/wp-json\/wp\/v2\/tags?post=46427"}],"curies":[{"name":"wp","href":"https:\/\/api.w.org\/{rel}","templated":true}]}}