{"id":46423,"date":"2026-09-01T11:00:00","date_gmt":"2026-09-01T14:00:00","guid":{"rendered":"https:\/\/sgvaimudar.com.br\/?p=46423"},"modified":"2026-09-01T09:26:25","modified_gmt":"2026-09-01T12:26:25","slug":"frente-fria-chega-ao-rio-e-provoca-alerta-para-rajadas-de-vento-e-chuva","status":"publish","type":"post","link":"https:\/\/sgvaimudar.com.br\/index.php\/2026\/09\/01\/frente-fria-chega-ao-rio-e-provoca-alerta-para-rajadas-de-vento-e-chuva\/","title":{"rendered":"Frente fria chega ao Rio e provoca alerta para rajadas de vento e chuva"},"content":{"rendered":"\n<p><em>Orienta\u00e7\u00e3o do Governo \u00e9 para que a popula\u00e7\u00e3o evite \u00e1reas pr\u00f3ximas a \u00e1rvores, postes e estruturas met\u00e1licas e acompanhe os alertas oficiais<\/em><\/p>\n\n\n\n<p>A passagem de uma frente fria pelo estado do Rio de Janeiro, prevista para esta ter\u00e7a-feira (1\u00ba\/9), deve provocar rajadas de vento de intensidade moderada a forte e pancadas de chuva em diversas regi\u00f5es. O sistema deve permanecer at\u00e9 quarta-feira (2\/9), segundo os modelos meteorol\u00f3gicos mais recentes monitorados pela Defesa Civil do Estado.<\/p>\n\n\n\n<p>No in\u00edcio da manh\u00e3, o monitoramento da Defesa Civil registrou rajadas de vento de at\u00e9 80 km\/h no Pico do Couto, em Petr\u00f3polis, na Regi\u00e3o Serrana. Na capital, os ventos chegaram a 70 km\/h em Copacabana, na Zona Sul. Em Nova Friburgo, tamb\u00e9m na Regi\u00e3o Serrana, a ventania atingiu 59 km\/h. &nbsp;<\/p>\n\n\n\n<p>As equipes do Centro Estadual de Monitoramento e Alertas de Desastres Naturais (Cemaden-RJ) acompanham, 24 horas por dia, a evolu\u00e7\u00e3o das condi\u00e7\u00f5es meteorol\u00f3gicas e emitem alertas preventivos sempre que necess\u00e1rio. A Defesa Civil Estadual refor\u00e7a que o cen\u00e1rio permanece sob monitoramento cont\u00ednuo.<\/p>\n\n\n\n<p>A orienta\u00e7\u00e3o \u00e9 para que a popula\u00e7\u00e3o evite permanecer pr\u00f3xima a \u00e1rvores, postes, placas, andaimes e outras estruturas que possam ser afetadas pela for\u00e7a dos ventos.<\/p>\n\n\n\n<p>Tamb\u00e9m \u00e9 recomendado n\u00e3o estacionar ve\u00edculos sob \u00e1rvores, manter portas e janelas fechadas, recolher objetos soltos em varandas e sacadas, evitar deslocamentos desnecess\u00e1rios durante os per\u00edodos de maior intensidade dos ventos e n\u00e3o tocar em cabos el\u00e9tricos ca\u00eddos.<\/p>\n\n\n\n<p>Em caso de emerg\u00eancia, a popula\u00e7\u00e3o deve acionar o Corpo de Bombeiros pelo telefone 193 e acompanhar as informa\u00e7\u00f5es divulgadas pelos canais oficiais da Defesa Civil.<\/p>\n\n\n\n<p><strong>Sigam:&nbsp;<\/strong><a href=\"https:\/\/www.instagram.com\/sgvaimudar\/\"><strong>@sgvaimudar<\/strong><\/a><a href=\"https:\/\/www.instagram.com\/sgvaimudar2\/\"><strong>@sgvaimudar2<\/strong><\/a><strong><em><\/em><\/strong><\/p>\n\n\n\n<p><strong><em>Passe sua informa\u00e7\u00e3o pelo nosso WhatsApp: (21) <\/em><\/strong><strong><em>99744 5345<\/em><\/strong><strong><em><\/em><\/strong><\/p>\n\n\n\n<p><strong><em>S\u00e3o Gon\u00e7alo Vai Mudar: Not\u00edcias de S\u00e3o Gon\u00e7alo e toda regi\u00e3o.<\/em><\/strong><\/p>\n\n\n\n<figure class=\"wp-block-video\"><video height=\"1280\" style=\"aspect-ratio: 720 \/ 1280;\" width=\"720\" controls src=\"https:\/\/sgvaimudar.com.br\/wp-content\/uploads\/2026\/07\/LOGOSGVMPARAFECHAMENTO.mp4\"><\/video><\/figure>\n","protected":false},"excerpt":{"rendered":"<p>Orienta\u00e7\u00e3o do Governo \u00e9 para que a popula\u00e7\u00e3o evite \u00e1reas pr\u00f3ximas a \u00e1rvores, postes e estruturas met\u00e1licas e acompanhe os&hellip;<\/p>\n","protected":false},"author":5,"featured_media":46426,"comment_status":"closed","ping_status":"open","sticky":false,"template":"","format":"standard","meta":{"fifu_image_url":"https:\/\/sgvaimudar.com.br\/wp-content\/uploads\/2026\/09\/ventania.webp","fifu_image_alt":"","footnotes":""},"categories":[4],"tags":[1309,1330,2394,2395,911,116,47,2854],"class_list":["post-46423","post","type-post","status-publish","format-standard","has-post-thumbnail","hentry","category-brasil","tag-alerta","tag-chuva","tag-frente","tag-fria","tag-governo","tag-rio","tag-rj","tag-vento"],"_links":{"self":[{"href":"https:\/\/sgvaimudar.com.br\/index.php\/wp-json\/wp\/v2\/posts\/46423","targetHints":{"allow":["GET"]}}],"collection":[{"href":"https:\/\/sgvaimudar.com.br\/index.php\/wp-json\/wp\/v2\/posts"}],"about":[{"href":"https:\/\/sgvaimudar.com.br\/index.php\/wp-json\/wp\/v2\/types\/post"}],"author":[{"embeddable":true,"href":"https:\/\/sgvaimudar.com.br\/index.php\/wp-json\/wp\/v2\/users\/5"}],"replies":[{"embeddable":true,"href":"https:\/\/sgvaimudar.com.br\/index.php\/wp-json\/wp\/v2\/comments?post=46423"}],"version-history":[{"count":1,"href":"https:\/\/sgvaimudar.com.br\/index.php\/wp-json\/wp\/v2\/posts\/46423\/revisions"}],"predecessor-version":[{"id":46425,"href":"https:\/\/sgvaimudar.com.br\/index.php\/wp-json\/wp\/v2\/posts\/46423\/revisions\/46425"}],"wp:featuredmedia":[{"embeddable":true,"href":"https:\/\/sgvaimudar.com.br\/index.php\/wp-json\/wp\/v2\/media\/46426"}],"wp:attachment":[{"href":"https:\/\/sgvaimudar.com.br\/index.php\/wp-json\/wp\/v2\/media?parent=46423"}],"wp:term":[{"taxonomy":"category","embeddable":true,"href":"https:\/\/sgvaimudar.com.br\/index.php\/wp-json\/wp\/v2\/categories?post=46423"},{"taxonomy":"post_tag","embeddable":true,"href":"https:\/\/sgvaimudar.com.br\/index.php\/wp-json\/wp\/v2\/tags?post=46423"}],"curies":[{"name":"wp","href":"https:\/\/api.w.org\/{rel}","templated":true}]}}