{"id":46413,"date":"2026-09-01T08:51:00","date_gmt":"2026-09-01T11:51:00","guid":{"rendered":"https:\/\/sgvaimudar.com.br\/?p=46413"},"modified":"2026-09-01T09:01:15","modified_gmt":"2026-09-01T12:01:15","slug":"defesa-civil-municipal-tem-alerta-para-chuva-forte-e-ventania-nesta-terca-e-quarta-feira","status":"publish","type":"post","link":"https:\/\/sgvaimudar.com.br\/index.php\/2026\/09\/01\/defesa-civil-municipal-tem-alerta-para-chuva-forte-e-ventania-nesta-terca-e-quarta-feira\/","title":{"rendered":"Defesa Civil Municipal tem alerta para chuva forte e  ventania nesta ter\u00e7a e quarta-feira"},"content":{"rendered":"\n<p><em>Rajadas de vento podem variar de moderadas a fortes<\/em><\/p>\n\n\n\n<p>A Defesa Civil de S\u00e3o Gon\u00e7alo colocou a popula\u00e7\u00e3o em alerta para a mudan\u00e7a nas condi\u00e7\u00f5es do tempo nesta ter\u00e7a-feira (1\u00ba) e quarta-feira (2). A previs\u00e3o indica chuva de moderada a forte intensidade, acompanhada por rajadas de vento que tamb\u00e9m podem variar de moderadas a fortes.<\/p>\n\n\n\n<figure class=\"wp-block-video\"><video height=\"1024\" style=\"aspect-ratio: 576 \/ 1024;\" width=\"576\" controls src=\"https:\/\/sgvaimudar.com.br\/wp-content\/uploads\/2026\/09\/WhatsApp-Video-2026-09-01-at-06.38.49.mp4\"><\/video><\/figure>\n\n\n\n<p><strong><em>No bairro Tenente Jardim, um leitor enviou imagem do vento chegando<\/em><\/strong><\/p>\n\n\n\n<p>Com a possibilidade de temporais e ventania, a orienta\u00e7\u00e3o \u00e9 para que moradores fiquem atentos \u00e0s condi\u00e7\u00f5es do tempo ao longo dos dois dias, principalmente durante os per\u00edodos de maior instabilidade.<\/p>\n\n\n\n<p>A Defesa Civil refor\u00e7a que, em situa\u00e7\u00f5es de emerg\u00eancia, a popula\u00e7\u00e3o deve acionar o \u00f3rg\u00e3o pelo telefone 199.<\/p>\n\n\n\n<p><strong>Sigam:&nbsp;<\/strong><a href=\"https:\/\/www.instagram.com\/sgvaimudar\/\"><strong>@sgvaimudar<\/strong><\/a><a href=\"https:\/\/www.instagram.com\/sgvaimudar2\/\"><strong>@sgvaimudar2<\/strong><\/a><strong><em><\/em><\/strong><\/p>\n\n\n\n<p><strong><em>Passe sua informa\u00e7\u00e3o pelo nosso WhatsApp: (21) <\/em><\/strong><strong><em>99744 5345<\/em><\/strong><strong><em><\/em><\/strong><\/p>\n\n\n\n<p><strong><em>S\u00e3o Gon\u00e7alo Vai Mudar: Not\u00edcias de S\u00e3o Gon\u00e7alo e toda regi\u00e3o.<\/em><\/strong><\/p>\n\n\n\n<figure class=\"wp-block-video\"><video height=\"1280\" style=\"aspect-ratio: 720 \/ 1280;\" width=\"720\" controls src=\"https:\/\/sgvaimudar.com.br\/wp-content\/uploads\/2026\/01\/NoticiaUrgete.logoSGVM.mp4\"><\/video><\/figure>\n","protected":false},"excerpt":{"rendered":"<p>Rajadas de vento podem variar de moderadas a fortes A Defesa Civil de S\u00e3o Gon\u00e7alo colocou a popula\u00e7\u00e3o em alerta&hellip;<\/p>\n","protected":false},"author":5,"featured_media":46422,"comment_status":"closed","ping_status":"open","sticky":false,"template":"","format":"standard","meta":{"fifu_image_url":"https:\/\/sgvaimudar.com.br\/wp-content\/uploads\/2026\/09\/mutondo-1024x511-1.webp","fifu_image_alt":"","footnotes":""},"categories":[3],"tags":[686,3090,47,75,2854],"class_list":["post-46413","post","type-post","status-publish","format-standard","has-post-thumbnail","hentry","category-sao-goncalo","tag-chuvas","tag-rajadas","tag-rj","tag-sao-goncalo","tag-vento"],"_links":{"self":[{"href":"https:\/\/sgvaimudar.com.br\/index.php\/wp-json\/wp\/v2\/posts\/46413","targetHints":{"allow":["GET"]}}],"collection":[{"href":"https:\/\/sgvaimudar.com.br\/index.php\/wp-json\/wp\/v2\/posts"}],"about":[{"href":"https:\/\/sgvaimudar.com.br\/index.php\/wp-json\/wp\/v2\/types\/post"}],"author":[{"embeddable":true,"href":"https:\/\/sgvaimudar.com.br\/index.php\/wp-json\/wp\/v2\/users\/5"}],"replies":[{"embeddable":true,"href":"https:\/\/sgvaimudar.com.br\/index.php\/wp-json\/wp\/v2\/comments?post=46413"}],"version-history":[{"count":3,"href":"https:\/\/sgvaimudar.com.br\/index.php\/wp-json\/wp\/v2\/posts\/46413\/revisions"}],"predecessor-version":[{"id":46420,"href":"https:\/\/sgvaimudar.com.br\/index.php\/wp-json\/wp\/v2\/posts\/46413\/revisions\/46420"}],"wp:featuredmedia":[{"embeddable":true,"href":"https:\/\/sgvaimudar.com.br\/index.php\/wp-json\/wp\/v2\/media\/46422"}],"wp:attachment":[{"href":"https:\/\/sgvaimudar.com.br\/index.php\/wp-json\/wp\/v2\/media?parent=46413"}],"wp:term":[{"taxonomy":"category","embeddable":true,"href":"https:\/\/sgvaimudar.com.br\/index.php\/wp-json\/wp\/v2\/categories?post=46413"},{"taxonomy":"post_tag","embeddable":true,"href":"https:\/\/sgvaimudar.com.br\/index.php\/wp-json\/wp\/v2\/tags?post=46413"}],"curies":[{"name":"wp","href":"https:\/\/api.w.org\/{rel}","templated":true}]}}