{"id":46392,"date":"2026-09-01T07:27:15","date_gmt":"2026-09-01T10:27:15","guid":{"rendered":"https:\/\/sgvaimudar.com.br\/?p=46392"},"modified":"2026-09-01T07:33:58","modified_gmt":"2026-09-01T10:33:58","slug":"bruno-duarte-e-apresentado-pelo-vasco-e-chega-para-reforcar-o-ataque","status":"publish","type":"post","link":"https:\/\/sgvaimudar.com.br\/index.php\/2026\/09\/01\/bruno-duarte-e-apresentado-pelo-vasco-e-chega-para-reforcar-o-ataque\/","title":{"rendered":"Bruno Duarte \u00e9 apresentado pelo Vasco e chega para refor\u00e7ar o ataque"},"content":{"rendered":"\n<p><em>Atacante chega ao clube carioca com a miss\u00e3o de aumentar o poder de fogo do ataque<\/em><\/p>\n\n\n\n<p>O Vasco apresentou oficialmente nesta segunda-feira (31) o atacante Bruno Duarte, de 30 anos, como novo refor\u00e7o para o setor ofensivo. O jogador estava no Estrela Vermelha, da S\u00e9rvia, e assinou contrato com o Cruz-Maltino at\u00e9 dezembro de 2028. Ele vestir\u00e1 a camisa 19.<\/p>\n\n\n\n<p>Bruno Duarte chega ao clube carioca com a miss\u00e3o de aumentar o poder de fogo do ataque. No Estrela Vermelha, o centroavante disputou 98 partidas, marcou 42 gols e deu 14 assist\u00eancias. Durante a passagem pelo futebol s\u00e9rvio, tamb\u00e9m conquistou dois Campeonatos S\u00e9rvios e duas Copas da S\u00e9rvia.<\/p>\n\n\n\n<p>Durante a apresenta\u00e7\u00e3o no CT Moacyr Barbosa, Bruno afirmou que est\u00e1 preparado para atuar em diferentes posi\u00e7\u00f5es do ataque, embora sua prefer\u00eancia seja atuar como centroavante. \u201cMinha posi\u00e7\u00e3o de of\u00edcio \u00e9 n\u00famero nove, \u00e9 fazer gol, \u00e9 estar na \u00e1rea, \u00e9 ajudar a equipe com isso\u201d, disse.<\/p>\n\n\n\n<p>O jogador tamb\u00e9m revelou que pode atuar pelos dois lados do campo. Segundo ele, durante a passagem pelo Estrela Vermelha, j\u00e1 desempenhou fun\u00e7\u00f5es como extremo esquerdo e direito.<\/p>\n\n\n\n<p>Natural de S\u00e3o Paulo, Bruno Duarte foi formado nas categorias de base de S\u00e3o Paulo e Palmeiras e se profissionalizou pela Portuguesa. Depois, iniciou a trajet\u00f3ria internacional no Lviv, da Ucr\u00e2nia.<\/p>\n\n\n\n<p>O atacante tamb\u00e9m defendeu Vit\u00f3ria de Guimar\u00e3es, de Portugal, Damac FC, da Ar\u00e1bia Saudita, e Farense, antes de chegar ao Estrela Vermelha.<\/p>\n\n\n\n<p>A contrata\u00e7\u00e3o custou ao Vasco cerca de 2 milh\u00f5es de euros, aproximadamente R$ 12 milh\u00f5es, segundo informa\u00e7\u00f5es divulgadas na imprensa. Bruno \u00e9 o quarto refor\u00e7o anunciado pelo clube nesta janela de transfer\u00eancias.<\/p>\n\n\n\n<p><strong>Sigam:&nbsp;<\/strong><a href=\"https:\/\/www.instagram.com\/sgvaimudar\/\"><strong>@sgvaimudar<\/strong><\/a><a href=\"https:\/\/www.instagram.com\/sgvaimudar2\/\"><strong>@sgvaimudar2<\/strong><\/a><strong><em><\/em><\/strong><\/p>\n\n\n\n<p><strong><em>Passe sua informa\u00e7\u00e3o pelo nosso WhatsApp: (21) <\/em><\/strong><strong><em>99744 5345<\/em><\/strong><strong><em><\/em><\/strong><\/p>\n\n\n\n<p><strong><em>S\u00e3o Gon\u00e7alo Vai Mudar: Not\u00edcias de S\u00e3o Gon\u00e7alo e toda regi\u00e3o.<\/em><\/strong><\/p>\n\n\n\n<figure class=\"wp-block-video\"><video height=\"1280\" style=\"aspect-ratio: 720 \/ 1280;\" width=\"720\" controls src=\"https:\/\/sgvaimudar.com.br\/wp-content\/uploads\/2026\/07\/institucional.SGVM_.EQUIPE.mp4\"><\/video><\/figure>\n\n\n\n<p><\/p>\n","protected":false},"excerpt":{"rendered":"<p>Atacante chega ao clube carioca com a miss\u00e3o de aumentar o poder de fogo do ataque O Vasco apresentou oficialmente&hellip;<\/p>\n","protected":false},"author":5,"featured_media":46398,"comment_status":"closed","ping_status":"open","sticky":false,"template":"","format":"standard","meta":{"fifu_image_url":"https:\/\/sgvaimudar.com.br\/wp-content\/uploads\/2026\/09\/SaveClip.App_790969594_18636570880030512_5097774568773006989_n-scaled.jpg","fifu_image_alt":"","footnotes":""},"categories":[5],"tags":[703,899,39,885,47,467],"class_list":["post-46392","post","type-post","status-publish","format-standard","has-post-thumbnail","hentry","category-esportes","tag-apresentacao","tag-atacante","tag-ataque","tag-reforco","tag-rj","tag-vasco"],"_links":{"self":[{"href":"https:\/\/sgvaimudar.com.br\/index.php\/wp-json\/wp\/v2\/posts\/46392","targetHints":{"allow":["GET"]}}],"collection":[{"href":"https:\/\/sgvaimudar.com.br\/index.php\/wp-json\/wp\/v2\/posts"}],"about":[{"href":"https:\/\/sgvaimudar.com.br\/index.php\/wp-json\/wp\/v2\/types\/post"}],"author":[{"embeddable":true,"href":"https:\/\/sgvaimudar.com.br\/index.php\/wp-json\/wp\/v2\/users\/5"}],"replies":[{"embeddable":true,"href":"https:\/\/sgvaimudar.com.br\/index.php\/wp-json\/wp\/v2\/comments?post=46392"}],"version-history":[{"count":1,"href":"https:\/\/sgvaimudar.com.br\/index.php\/wp-json\/wp\/v2\/posts\/46392\/revisions"}],"predecessor-version":[{"id":46394,"href":"https:\/\/sgvaimudar.com.br\/index.php\/wp-json\/wp\/v2\/posts\/46392\/revisions\/46394"}],"wp:featuredmedia":[{"embeddable":true,"href":"https:\/\/sgvaimudar.com.br\/index.php\/wp-json\/wp\/v2\/media\/46398"}],"wp:attachment":[{"href":"https:\/\/sgvaimudar.com.br\/index.php\/wp-json\/wp\/v2\/media?parent=46392"}],"wp:term":[{"taxonomy":"category","embeddable":true,"href":"https:\/\/sgvaimudar.com.br\/index.php\/wp-json\/wp\/v2\/categories?post=46392"},{"taxonomy":"post_tag","embeddable":true,"href":"https:\/\/sgvaimudar.com.br\/index.php\/wp-json\/wp\/v2\/tags?post=46392"}],"curies":[{"name":"wp","href":"https:\/\/api.w.org\/{rel}","templated":true}]}}