{"id":46386,"date":"2026-08-31T15:00:00","date_gmt":"2026-08-31T18:00:00","guid":{"rendered":"https:\/\/sgvaimudar.com.br\/?p=46386"},"modified":"2026-08-31T09:48:56","modified_gmt":"2026-08-31T12:48:56","slug":"marica-recebe-marcha-para-jesus-com-caminhada-e-shows","status":"publish","type":"post","link":"https:\/\/sgvaimudar.com.br\/index.php\/2026\/08\/31\/marica-recebe-marcha-para-jesus-com-caminhada-e-shows\/","title":{"rendered":"Maric\u00e1 recebe Marcha para Jesus com caminhada e shows"},"content":{"rendered":"\n<p><em>Programa\u00e7\u00e3o reuniu fam\u00edlias e comunidades crist\u00e3s em momentos de f\u00e9, louvor e confraterniza\u00e7\u00e3o<br><\/em><br>Pessoas de diferentes igrejas e denomina\u00e7\u00f5es crist\u00e3s participaram, no s\u00e1bado (29\/8), da tradicional Marcha para Jesus, em Maric\u00e1. Com o tema \u201cO Poder da Ora\u00e7\u00e3o\u201d, o evento reuniu f\u00e9, m\u00fasica e confraterniza\u00e7\u00e3o, com uma caminhada pelas ruas da cidade e apresenta\u00e7\u00f5es musicais na Pra\u00e7a Orlando de Barros Pimentel, no Centro.<\/p>\n\n\n\n<p>A concentra\u00e7\u00e3o ocorreu na Avenida Vereador Francisco Sabino da Costa, pr\u00f3ximo ao DPO, de onde o p\u00fablico seguiu at\u00e9 o palco principal. Entre as atra\u00e7\u00f5es musicais estiveram Samuel Messias, Andr\u00e9 e Felipe, Maria Mar\u00e7al, Paulo Neto, Samuel Eleot\u00e9rio, Waguinho, Maria Pita, N\u00e9ia do Surdo, al\u00e9m dos DJs Di Lima e Naud\u00e3o.<\/p>\n\n\n\n<p>O subsecret\u00e1rio de Assuntos Religiosos, pastor Alex Sandre, acompanhou a caminhada e ressaltou o engajamento do p\u00fablico.<\/p>\n\n\n\n<p>\u201cA Marcha para Jesus contou com muita alegria e participa\u00e7\u00e3o das pessoas. \u00c9 um momento de celebrar a f\u00e9, reunir as fam\u00edlias e fortalecer a uni\u00e3o entre as comunidades crist\u00e3s de Maric\u00e1\u201d, afirmou.<\/p>\n\n\n\n<p>Para Ana Mendes, moradora de Ara\u00e7atiba, a programa\u00e7\u00e3o contribuiu para expressar a devo\u00e7\u00e3o com coletividade.<\/p>\n\n\n\n<p>\u201cTodo ano eu participo da Marcha para Jesus e amo esse momento de f\u00e9 e ora\u00e7\u00e3o. Vim com a minha fam\u00edlia e curti demais. S\u00f3 tenho a agradecer\u201d, ressaltou.<\/p>\n\n\n\n<p>A edi\u00e7\u00e3o de 2026 integra o calend\u00e1rio de eventos da cidade e foi desenvolvida em parceria pela Secretaria de Assuntos Religiosos, Cidadania e Fam\u00edlia e a Companhia de Cultura e Turismo de Maric\u00e1 (MAR\u00c9).<\/p>\n\n\n\n<p><em>Fotos:\u00a0Thamyris Mello<\/em><\/p>\n\n\n\n<p><strong>Sigam:&nbsp;<\/strong><a href=\"https:\/\/www.instagram.com\/sgvaimudar\/\"><strong>@sgvaimudar<\/strong><\/a><a href=\"https:\/\/www.instagram.com\/sgvaimudar2\/\"><strong>@sgvaimudar2<\/strong><\/a><strong><em><\/em><\/strong><\/p>\n\n\n\n<p><strong><em>Passe sua informa\u00e7\u00e3o pelo nosso WhatsApp: (21) <\/em><\/strong><strong><em>99744 5345<\/em><\/strong><strong><em><\/em><\/strong><\/p>\n\n\n\n<p><strong><em>S\u00e3o Gon\u00e7alo Vai Mudar: Not\u00edcias de S\u00e3o Gon\u00e7alo e toda regi\u00e3o.<\/em><\/strong><\/p>\n\n\n\n<figure class=\"wp-block-video\"><video height=\"1280\" style=\"aspect-ratio: 720 \/ 1280;\" width=\"720\" controls src=\"https:\/\/sgvaimudar.com.br\/wp-content\/uploads\/2026\/07\/LOGOSGVMPARAFECHAMENTO.mp4\"><\/video><\/figure>\n","protected":false},"excerpt":{"rendered":"<p>Programa\u00e7\u00e3o reuniu fam\u00edlias e comunidades crist\u00e3s em momentos de f\u00e9, louvor e confraterniza\u00e7\u00e3oPessoas de diferentes igrejas e denomina\u00e7\u00f5es crist\u00e3s participaram,&hellip;<\/p>\n","protected":false},"author":5,"featured_media":46389,"comment_status":"closed","ping_status":"open","sticky":false,"template":"","format":"standard","meta":{"fifu_image_url":"https:\/\/sgvaimudar.com.br\/wp-content\/uploads\/2026\/08\/55496855750_f0a9e7eab8_k.jpg","fifu_image_alt":"","footnotes":""},"categories":[6],"tags":[1630,2535,2806,3087,2063,459,47,1388],"class_list":["post-46386","post","type-post","status-publish","format-standard","has-post-thumbnail","hentry","category-entretenimento","tag-caminhada","tag-fe","tag-jesus","tag-louvor","tag-marcha","tag-marica","tag-rj","tag-shows"],"_links":{"self":[{"href":"https:\/\/sgvaimudar.com.br\/index.php\/wp-json\/wp\/v2\/posts\/46386","targetHints":{"allow":["GET"]}}],"collection":[{"href":"https:\/\/sgvaimudar.com.br\/index.php\/wp-json\/wp\/v2\/posts"}],"about":[{"href":"https:\/\/sgvaimudar.com.br\/index.php\/wp-json\/wp\/v2\/types\/post"}],"author":[{"embeddable":true,"href":"https:\/\/sgvaimudar.com.br\/index.php\/wp-json\/wp\/v2\/users\/5"}],"replies":[{"embeddable":true,"href":"https:\/\/sgvaimudar.com.br\/index.php\/wp-json\/wp\/v2\/comments?post=46386"}],"version-history":[{"count":2,"href":"https:\/\/sgvaimudar.com.br\/index.php\/wp-json\/wp\/v2\/posts\/46386\/revisions"}],"predecessor-version":[{"id":46390,"href":"https:\/\/sgvaimudar.com.br\/index.php\/wp-json\/wp\/v2\/posts\/46386\/revisions\/46390"}],"wp:featuredmedia":[{"embeddable":true,"href":"https:\/\/sgvaimudar.com.br\/index.php\/wp-json\/wp\/v2\/media\/46389"}],"wp:attachment":[{"href":"https:\/\/sgvaimudar.com.br\/index.php\/wp-json\/wp\/v2\/media?parent=46386"}],"wp:term":[{"taxonomy":"category","embeddable":true,"href":"https:\/\/sgvaimudar.com.br\/index.php\/wp-json\/wp\/v2\/categories?post=46386"},{"taxonomy":"post_tag","embeddable":true,"href":"https:\/\/sgvaimudar.com.br\/index.php\/wp-json\/wp\/v2\/tags?post=46386"}],"curies":[{"name":"wp","href":"https:\/\/api.w.org\/{rel}","templated":true}]}}