{"id":46376,"date":"2026-08-31T13:00:00","date_gmt":"2026-08-31T16:00:00","guid":{"rendered":"https:\/\/sgvaimudar.com.br\/?p=46376"},"modified":"2026-08-31T09:13:02","modified_gmt":"2026-08-31T12:13:02","slug":"tse-aprova-por-unanimidade-o-pedido-de-envio-de-forcas-federais-ao-rio-de-janeiro","status":"publish","type":"post","link":"https:\/\/sgvaimudar.com.br\/index.php\/2026\/08\/31\/tse-aprova-por-unanimidade-o-pedido-de-envio-de-forcas-federais-ao-rio-de-janeiro\/","title":{"rendered":"TSE aprova por unanimidade o pedido de envio de for\u00e7as federais ao Rio de Janeiro"},"content":{"rendered":"\n<p><em>Desembargador Claudio de Mello Tavares celebrou decis\u00e3o do TSE: \u201cRefor\u00e7o federal amplia nossa capacidade de assegurar o livre exerc\u00edcio do voto\u201d, disse<\/em><\/p>\n\n\n\n<p><strong><em>Por Wellington Serrano Gomes<\/em><\/strong><\/p>\n\n\n\n<p>O presidente do Tribunal Regional Eleitoral do Rio de Janeiro (TRE-RJ), desembargador Claudio de Mello Tavares, afirmou que a autoriza\u00e7\u00e3o do Tribunal Superior Eleitoral (TSE) para o emprego de for\u00e7as federais nas Elei\u00e7\u00f5es 2026 representa um importante refor\u00e7o \u00e0 estrat\u00e9gia de seguran\u00e7a montada para garantir que os eleitores fluminenses possam exercer livremente o direito de voto no dia 4 de outubro.<\/p>\n\n\n\n<p>\u201cTemos plena confian\u00e7a na atua\u00e7\u00e3o das for\u00e7as de seguran\u00e7a do estado, mas uma elei\u00e7\u00e3o exige uma mobiliza\u00e7\u00e3o excepcionalmente grande. S\u00e3o cerca de 5 mil locais de vota\u00e7\u00e3o funcionando simultaneamente. O refor\u00e7o federal amplia nossa capacidade de proteger esses espa\u00e7os e, principalmente, de assegurar que cada eleitor possa exercer livremente o seu voto\u201d, afirmou o magistrado.<\/p>\n\n\n\n<p>O TSE aprovou por unanimidade, em sess\u00e3o administrativa, o pedido de envio de for\u00e7as federais ao Rio de Janeiro. A solicita\u00e7\u00e3o havia sido aprovada pelo Colegiado do TRE-RJ em julho, ap\u00f3s manifesta\u00e7\u00e3o favor\u00e1vel do Governo do Estado.<\/p>\n\n\n\n<p>Para o desembargador Claudio de Mello Tavares, o apoio federal ganha especial import\u00e2ncia diante das caracter\u00edsticas do Rio de Janeiro e da exist\u00eancia de \u00e1reas submetidas ao controle territorial de organiza\u00e7\u00f5es criminosas.<\/p>\n\n\n\n<p>\u201cN\u00e3o trabalhamos apenas para impedir epis\u00f3dios ostensivos de viol\u00eancia. Nossa preocupa\u00e7\u00e3o alcan\u00e7a tamb\u00e9m formas menos vis\u00edveis de intimida\u00e7\u00e3o e constrangimento. Onde houver risco de que o controle territorial se transforme em controle sobre a vontade do eleitor, o Estado precisa estar presente. O voto tem que ser livre em cada se\u00e7\u00e3o eleitoral do Rio de Janeiro\u201d, destacou.<\/p>\n\n\n\n<p>A autoriza\u00e7\u00e3o do TSE integra uma estrat\u00e9gia mais ampla de preven\u00e7\u00e3o adotada pelo TRE-RJ para as Elei\u00e7\u00f5es 2026. Entre as medidas est\u00e3o a atua\u00e7\u00e3o integrada com \u00f3rg\u00e3os de seguran\u00e7a e intelig\u00eancia, a transfer\u00eancia de locais de vota\u00e7\u00e3o situados em \u00e1reas consideradas de alto risco e o compartilhamento institucional de informa\u00e7\u00f5es relevantes para a prote\u00e7\u00e3o do processo eleitoral.<\/p>\n\n\n\n<p>\u201cO eleitor precisa chegar ao dia 4 de outubro com uma certeza: haver\u00e1 uma estrutura robusta trabalhando para que ele possa entrar na se\u00e7\u00e3o eleitoral, fazer a sua escolha e sair dela sem qualquer tipo de intimida\u00e7\u00e3o ou interfer\u00eancia. Proteger a elei\u00e7\u00e3o \u00e9, antes de tudo, proteger o direito de cada cidad\u00e3o de escolher livremente seus representantes\u201d, concluiu o presidente.<\/p>\n\n\n\n<p>As for\u00e7as federais empregadas nas elei\u00e7\u00f5es s\u00e3o compostas por militares do Ex\u00e9rcito, da Marinha e da Aeron\u00e1utica. Ap\u00f3s a autoriza\u00e7\u00e3o do TSE, o pedido segue para o Minist\u00e9rio da Defesa, respons\u00e1vel pelo planejamento e pela execu\u00e7\u00e3o da opera\u00e7\u00e3o. Conclu\u00edda essa etapa, a Justi\u00e7a Eleitoral fluminense far\u00e1 o alinhamento dos detalhes operacionais com o Comando Militar do Leste.<\/p>\n\n\n\n<p><strong>Sigam:&nbsp;<\/strong><a href=\"https:\/\/www.instagram.com\/sgvaimudar\/\"><strong>@sgvaimudar<\/strong><\/a><a href=\"https:\/\/www.instagram.com\/sgvaimudar2\/\"><strong>@sgvaimudar2<\/strong><\/a><strong><em><\/em><\/strong><\/p>\n\n\n\n<p><strong><em>Passe sua informa\u00e7\u00e3o pelo nosso WhatsApp: (21) <\/em><\/strong><strong><em>99744 5345<\/em><\/strong><strong><em><\/em><\/strong><\/p>\n\n\n\n<p><strong><em>S\u00e3o Gon\u00e7alo Vai Mudar: Not\u00edcias de S\u00e3o Gon\u00e7alo e toda regi\u00e3o.<\/em><\/strong><\/p>\n\n\n\n<figure class=\"wp-block-image size-large is-resized\"><img fetchpriority=\"high\" decoding=\"async\" width=\"577\" height=\"1024\" src=\"https:\/\/sgvaimudar.com.br\/wp-content\/uploads\/2026\/01\/vceoreporter.SGVM_-577x1024.jpg\" alt=\"\" class=\"wp-image-36417\" style=\"width:711px;height:auto\" srcset=\"https:\/\/sgvaimudar.com.br\/wp-content\/uploads\/2026\/01\/vceoreporter.SGVM_-577x1024.jpg 577w, https:\/\/sgvaimudar.com.br\/wp-content\/uploads\/2026\/01\/vceoreporter.SGVM_-169x300.jpg 169w, https:\/\/sgvaimudar.com.br\/wp-content\/uploads\/2026\/01\/vceoreporter.SGVM_.jpg 640w\" sizes=\"(max-width: 577px) 100vw, 577px\" \/><\/figure>\n\n\n\n<p><\/p>\n\n\n\n<p><\/p>\n","protected":false},"excerpt":{"rendered":"<p>Desembargador Claudio de Mello Tavares celebrou decis\u00e3o do TSE: \u201cRefor\u00e7o federal amplia nossa capacidade de assegurar o livre exerc\u00edcio do&hellip;<\/p>\n","protected":false},"author":5,"featured_media":46379,"comment_status":"closed","ping_status":"open","sticky":false,"template":"","format":"standard","meta":{"fifu_image_url":"https:\/\/sgvaimudar.com.br\/wp-content\/uploads\/2026\/08\/image-1140-6ba4f2e26770763cc1e2432a6183351c.jpeg","fifu_image_alt":"","footnotes":""},"categories":[4],"tags":[39,41,1070,3085,40,299,116,47,613],"class_list":["post-46376","post","type-post","status-publish","format-standard","has-post-thumbnail","hentry","category-brasil","tag-ataque","tag-conflito","tag-federais","tag-forcas","tag-guerra","tag-policia","tag-rio","tag-rj","tag-tre-rj"],"_links":{"self":[{"href":"https:\/\/sgvaimudar.com.br\/index.php\/wp-json\/wp\/v2\/posts\/46376","targetHints":{"allow":["GET"]}}],"collection":[{"href":"https:\/\/sgvaimudar.com.br\/index.php\/wp-json\/wp\/v2\/posts"}],"about":[{"href":"https:\/\/sgvaimudar.com.br\/index.php\/wp-json\/wp\/v2\/types\/post"}],"author":[{"embeddable":true,"href":"https:\/\/sgvaimudar.com.br\/index.php\/wp-json\/wp\/v2\/users\/5"}],"replies":[{"embeddable":true,"href":"https:\/\/sgvaimudar.com.br\/index.php\/wp-json\/wp\/v2\/comments?post=46376"}],"version-history":[{"count":1,"href":"https:\/\/sgvaimudar.com.br\/index.php\/wp-json\/wp\/v2\/posts\/46376\/revisions"}],"predecessor-version":[{"id":46378,"href":"https:\/\/sgvaimudar.com.br\/index.php\/wp-json\/wp\/v2\/posts\/46376\/revisions\/46378"}],"wp:featuredmedia":[{"embeddable":true,"href":"https:\/\/sgvaimudar.com.br\/index.php\/wp-json\/wp\/v2\/media\/46379"}],"wp:attachment":[{"href":"https:\/\/sgvaimudar.com.br\/index.php\/wp-json\/wp\/v2\/media?parent=46376"}],"wp:term":[{"taxonomy":"category","embeddable":true,"href":"https:\/\/sgvaimudar.com.br\/index.php\/wp-json\/wp\/v2\/categories?post=46376"},{"taxonomy":"post_tag","embeddable":true,"href":"https:\/\/sgvaimudar.com.br\/index.php\/wp-json\/wp\/v2\/tags?post=46376"}],"curies":[{"name":"wp","href":"https:\/\/api.w.org\/{rel}","templated":true}]}}