{"id":46362,"date":"2026-08-31T11:00:00","date_gmt":"2026-08-31T14:00:00","guid":{"rendered":"https:\/\/sgvaimudar.com.br\/?p=46362"},"modified":"2026-08-31T12:17:34","modified_gmt":"2026-08-31T15:17:34","slug":"sao-goncalo-salgueiro-e-tribobo-recebem-manha-de-diversao-para-a-criancada","status":"publish","type":"post","link":"https:\/\/sgvaimudar.com.br\/index.php\/2026\/08\/31\/sao-goncalo-salgueiro-e-tribobo-recebem-manha-de-diversao-para-a-criancada\/","title":{"rendered":"S\u00e3o Gon\u00e7alo: Salgueiro e Tribob\u00f3 recebem manh\u00e3 de divers\u00e3o para a crian\u00e7ada"},"content":{"rendered":"\n<p><em>Caravana de Arte e Lazer aconteceu em Tribob\u00f3 neste domingo<\/em><\/p>\n\n\n\n<p>Crian\u00e7as de S\u00e3o Gon\u00e7alo ganharam uma manh\u00e3 de divers\u00e3o com a Caravana de Arte e Lazer, que levou brincadeiras, brinquedos e atividades com recreadores \u00e0 quadra da S\u00edria, na Rua Andr\u00e9ia Gabriel, no Complexo do Salgueiro, no s\u00e1bado (29). A programa\u00e7\u00e3o gratuita seguiu neste domingo (30), das 9h \u00e0s 13h, na Rua Cec\u00edlia Corr\u00eaa, 271, em Tribob\u00f3.<\/p>\n\n\n\n<p>Realizada pela Funda\u00e7\u00e3o de Artes, Esporte e Lazer de S\u00e3o Gon\u00e7alo (Faelsg), a Caravana de Arte e Lazer leva recrea\u00e7\u00e3o diversificada para os pequenos, que podem interagir com os personagens vivos, participar de brincadeiras com animadores, se divertir nos diferentes brinquedos infl\u00e1veis e ainda participar de oficinas de desenho e pinturinha corporal.&nbsp;<\/p>\n\n\n\n<figure class=\"wp-block-image size-large\"><img fetchpriority=\"high\" decoding=\"async\" width=\"1024\" height=\"768\" src=\"https:\/\/sgvaimudar.com.br\/wp-content\/uploads\/2026\/08\/unnamed-3-14-1024x768.jpg\" alt=\"\" class=\"wp-image-46366\" srcset=\"https:\/\/sgvaimudar.com.br\/wp-content\/uploads\/2026\/08\/unnamed-3-14-1024x768.jpg 1024w, https:\/\/sgvaimudar.com.br\/wp-content\/uploads\/2026\/08\/unnamed-3-14-300x225.jpg 300w, https:\/\/sgvaimudar.com.br\/wp-content\/uploads\/2026\/08\/unnamed-3-14-768x576.jpg 768w, https:\/\/sgvaimudar.com.br\/wp-content\/uploads\/2026\/08\/unnamed-3-14-1536x1152.jpg 1536w, https:\/\/sgvaimudar.com.br\/wp-content\/uploads\/2026\/08\/unnamed-3-14.jpg 1600w\" sizes=\"(max-width: 1024px) 100vw, 1024px\" \/><\/figure>\n\n\n\n<p>As atividades l\u00fadicas e art\u00edsticas ainda s\u00e3o embaladas com muita m\u00fasica infantil. E para ficar ainda melhor, o dia de brincadeiras conta com barraquinhas que oferecem pipoca, cachorro-quente, picol\u00e9, algod\u00e3o-doce, \u00e1gua e guaran\u00e1 natural. Tudo de gra\u00e7a para a popula\u00e7\u00e3o.&nbsp;<\/p>\n\n\n\n<p>O projeto promove integra\u00e7\u00e3o e cultura em v\u00e1rios bairros da cidade, especialmente em \u00e1reas de maior vulnerabilidade social. Criada em 2022, a Caravana de Arte e Lazer j\u00e1 levou entretenimento e lazer para milhares de moradores em dezenas de bairros. A iniciativa busca fortalecer a conviv\u00eancia comunit\u00e1ria e garantir que crian\u00e7as e respons\u00e1veis tenham acesso a momentos de divers\u00e3o e atividades culturais perto de casa.<\/p>\n\n\n\n<p><strong>Sigam:&nbsp;<\/strong><a href=\"https:\/\/www.instagram.com\/sgvaimudar\/\"><strong>@sgvaimudar<\/strong><\/a><a href=\"https:\/\/www.instagram.com\/sgvaimudar2\/\"><strong>@sgvaimudar2<\/strong><\/a><strong><em><\/em><\/strong><\/p>\n\n\n\n<p><strong><em>Passe sua informa\u00e7\u00e3o pelo nosso WhatsApp: (21) <\/em><\/strong><strong><em>99744 5345<\/em><\/strong><strong><em><\/em><\/strong><\/p>\n\n\n\n<p><strong><em>S\u00e3o Gon\u00e7alo Vai Mudar: Not\u00edcias de S\u00e3o Gon\u00e7alo e toda regi\u00e3o.<\/em><\/strong><\/p>\n\n\n\n<figure class=\"wp-block-video\"><video height=\"1280\" style=\"aspect-ratio: 720 \/ 1280;\" width=\"720\" controls src=\"https:\/\/sgvaimudar.com.br\/wp-content\/uploads\/2026\/01\/NoticiaUrgete.logoSGVM.mp4\"><\/video><\/figure>\n","protected":false},"excerpt":{"rendered":"<p>Caravana de Arte e Lazer aconteceu em Tribob\u00f3 neste domingo Crian\u00e7as de S\u00e3o Gon\u00e7alo ganharam uma manh\u00e3 de divers\u00e3o com&hellip;<\/p>\n","protected":false},"author":5,"featured_media":46365,"comment_status":"closed","ping_status":"open","sticky":false,"template":"","format":"standard","meta":{"fifu_image_url":"https:\/\/sgvaimudar.com.br\/wp-content\/uploads\/2026\/08\/unnamed-2-15.jpg","fifu_image_alt":"","footnotes":""},"categories":[6],"tags":[160,245,551,111,47,75],"class_list":["post-46362","post","type-post","status-publish","format-standard","has-post-thumbnail","hentry","category-entretenimento","tag-caravana","tag-criancas","tag-diversao","tag-prefeitura","tag-rj","tag-sao-goncalo"],"_links":{"self":[{"href":"https:\/\/sgvaimudar.com.br\/index.php\/wp-json\/wp\/v2\/posts\/46362","targetHints":{"allow":["GET"]}}],"collection":[{"href":"https:\/\/sgvaimudar.com.br\/index.php\/wp-json\/wp\/v2\/posts"}],"about":[{"href":"https:\/\/sgvaimudar.com.br\/index.php\/wp-json\/wp\/v2\/types\/post"}],"author":[{"embeddable":true,"href":"https:\/\/sgvaimudar.com.br\/index.php\/wp-json\/wp\/v2\/users\/5"}],"replies":[{"embeddable":true,"href":"https:\/\/sgvaimudar.com.br\/index.php\/wp-json\/wp\/v2\/comments?post=46362"}],"version-history":[{"count":3,"href":"https:\/\/sgvaimudar.com.br\/index.php\/wp-json\/wp\/v2\/posts\/46362\/revisions"}],"predecessor-version":[{"id":46391,"href":"https:\/\/sgvaimudar.com.br\/index.php\/wp-json\/wp\/v2\/posts\/46362\/revisions\/46391"}],"wp:featuredmedia":[{"embeddable":true,"href":"https:\/\/sgvaimudar.com.br\/index.php\/wp-json\/wp\/v2\/media\/46365"}],"wp:attachment":[{"href":"https:\/\/sgvaimudar.com.br\/index.php\/wp-json\/wp\/v2\/media?parent=46362"}],"wp:term":[{"taxonomy":"category","embeddable":true,"href":"https:\/\/sgvaimudar.com.br\/index.php\/wp-json\/wp\/v2\/categories?post=46362"},{"taxonomy":"post_tag","embeddable":true,"href":"https:\/\/sgvaimudar.com.br\/index.php\/wp-json\/wp\/v2\/tags?post=46362"}],"curies":[{"name":"wp","href":"https:\/\/api.w.org\/{rel}","templated":true}]}}