{"id":46356,"date":"2026-08-31T10:59:00","date_gmt":"2026-08-31T13:59:00","guid":{"rendered":"https:\/\/sgvaimudar.com.br\/?p=46356"},"modified":"2026-08-31T08:00:24","modified_gmt":"2026-08-31T11:00:24","slug":"tribunal-do-trafico-no-rio-chefe-do-cv-preso-teria-acompanhado-punicao-de-mulheres-em-sao-goncalo","status":"publish","type":"post","link":"https:\/\/sgvaimudar.com.br\/index.php\/2026\/08\/31\/tribunal-do-trafico-no-rio-chefe-do-cv-preso-teria-acompanhado-punicao-de-mulheres-em-sao-goncalo\/","title":{"rendered":"Tribunal do tr\u00e1fico no Rio: chefe do CV preso teria acompanhado puni\u00e7\u00e3o de mulheres em S\u00e3o Gon\u00e7alo"},"content":{"rendered":"\n<p><em>Investiga\u00e7\u00e3o aponta que decis\u00e3o sobre agress\u00f5es e raspagem de cabelo foi transmitida para lideran\u00e7a do Comando Vermelho dentro de pres\u00eddio<\/em><\/p>\n\n\n\n<p>Duas mulheres acusadas de aplicar golpes em moradores da comunidade do Risca Faca, em Maria Paula, S\u00e3o Gon\u00e7alo, foram submetidas a um \u201ctribunal do tr\u00e1fico\u201d em maio. Segundo a Pol\u00edcia Civil, elas foram levadas para uma \u00e1rea de mata conhecida como Mineir\u00e3o, onde sofreram agress\u00f5es com socos, chutes e pauladas. Depois, tiveram os cabelos raspados e foram obrigadas a caminhar pela comunidade sob escolta armada de traficantes.<\/p>\n\n\n\n<p>A investiga\u00e7\u00e3o aponta que a puni\u00e7\u00e3o teria sido determinada por Fl\u00e1vio Vieira Bento, o \u201cMumu do Tuiuti\u201d, apontado como integrante de alta hierarquia do Comando Vermelho e que, mesmo preso, teria acompanhado a execu\u00e7\u00e3o da senten\u00e7a \u00e0 dist\u00e2ncia. Um v\u00eddeo das v\u00edtimas circulou nas redes sociais e ajudou os investigadores a avan\u00e7ar no caso.<\/p>\n\n\n\n<p>Posteriormente, as mulheres prestaram novos depoimentos e retiraram as acusa\u00e7\u00f5es contra os traficantes, atribuindo as agress\u00f5es a outras mulheres. A vers\u00e3o, por\u00e9m, entrou em contradi\u00e7\u00e3o com as provas reunidas pela pol\u00edcia. <\/p>\n\n\n\n<p>Ao todo, 15 pessoas foram denunciadas e duas presas. O caso resultou no primeiro indiciamento pelo crime de dom\u00ednio social estruturado, previsto na Lei Antifac\u00e7\u00e3o, com pena de at\u00e9 40 anos. Para a Pol\u00edcia Civil, os tribunais do tr\u00e1fico representam mecanismos de controle social e viol\u00eancia usados pelas fac\u00e7\u00f5es para impor suas pr\u00f3prias regras nas comunidades.<\/p>\n\n\n\n<p><em>Fonte: Agenda do Poder\/ Rep\u00f3rter Gustavo Kaye<\/em><\/p>\n\n\n\n<p><strong>Sigam:&nbsp;<\/strong><a href=\"https:\/\/www.instagram.com\/sgvaimudar\/\"><strong>@sgvaimudar<\/strong><\/a><a href=\"https:\/\/www.instagram.com\/sgvaimudar2\/\"><strong>@sgvaimudar2<\/strong><\/a><strong><em><\/em><\/strong><\/p>\n\n\n\n<p><strong><em>Passe sua informa\u00e7\u00e3o pelo nosso WhatsApp: (21) <\/em><\/strong><strong><em>99744 5345<\/em><\/strong><strong><em><\/em><\/strong><\/p>\n\n\n\n<p><strong><em>S\u00e3o Gon\u00e7alo Vai Mudar: Not\u00edcias de S\u00e3o Gon\u00e7alo e toda regi\u00e3o.<\/em><\/strong><\/p>\n\n\n\n<figure class=\"wp-block-video\"><video height=\"1280\" style=\"aspect-ratio: 720 \/ 1280;\" width=\"720\" controls src=\"https:\/\/sgvaimudar.com.br\/wp-content\/uploads\/2026\/07\/LOGOSGVMPARAFECHAMENTO.mp4\"><\/video><\/figure>\n","protected":false},"excerpt":{"rendered":"<p>Investiga\u00e7\u00e3o aponta que decis\u00e3o sobre agress\u00f5es e raspagem de cabelo foi transmitida para lideran\u00e7a do Comando Vermelho dentro de pres\u00eddio&hellip;<\/p>\n","protected":false},"author":5,"featured_media":46359,"comment_status":"closed","ping_status":"open","sticky":false,"template":"","format":"standard","meta":{"fifu_image_url":"https:\/\/sgvaimudar.com.br\/wp-content\/uploads\/2026\/08\/mocas-carecas_resized.webp","fifu_image_alt":"","footnotes":""},"categories":[32],"tags":[39,41,40,299,47,75],"class_list":["post-46356","post","type-post","status-publish","format-standard","has-post-thumbnail","hentry","category-casos-de-policia","tag-ataque","tag-conflito","tag-guerra","tag-policia","tag-rj","tag-sao-goncalo"],"_links":{"self":[{"href":"https:\/\/sgvaimudar.com.br\/index.php\/wp-json\/wp\/v2\/posts\/46356","targetHints":{"allow":["GET"]}}],"collection":[{"href":"https:\/\/sgvaimudar.com.br\/index.php\/wp-json\/wp\/v2\/posts"}],"about":[{"href":"https:\/\/sgvaimudar.com.br\/index.php\/wp-json\/wp\/v2\/types\/post"}],"author":[{"embeddable":true,"href":"https:\/\/sgvaimudar.com.br\/index.php\/wp-json\/wp\/v2\/users\/5"}],"replies":[{"embeddable":true,"href":"https:\/\/sgvaimudar.com.br\/index.php\/wp-json\/wp\/v2\/comments?post=46356"}],"version-history":[{"count":2,"href":"https:\/\/sgvaimudar.com.br\/index.php\/wp-json\/wp\/v2\/posts\/46356\/revisions"}],"predecessor-version":[{"id":46361,"href":"https:\/\/sgvaimudar.com.br\/index.php\/wp-json\/wp\/v2\/posts\/46356\/revisions\/46361"}],"wp:featuredmedia":[{"embeddable":true,"href":"https:\/\/sgvaimudar.com.br\/index.php\/wp-json\/wp\/v2\/media\/46359"}],"wp:attachment":[{"href":"https:\/\/sgvaimudar.com.br\/index.php\/wp-json\/wp\/v2\/media?parent=46356"}],"wp:term":[{"taxonomy":"category","embeddable":true,"href":"https:\/\/sgvaimudar.com.br\/index.php\/wp-json\/wp\/v2\/categories?post=46356"},{"taxonomy":"post_tag","embeddable":true,"href":"https:\/\/sgvaimudar.com.br\/index.php\/wp-json\/wp\/v2\/tags?post=46356"}],"curies":[{"name":"wp","href":"https:\/\/api.w.org\/{rel}","templated":true}]}}