{"id":46343,"date":"2026-08-31T07:07:54","date_gmt":"2026-08-31T10:07:54","guid":{"rendered":"https:\/\/sgvaimudar.com.br\/?p=46343"},"modified":"2026-08-31T07:07:55","modified_gmt":"2026-08-31T10:07:55","slug":"73-pontos-de-atendimento-garantem-multivacinacao-em-sao-goncalo","status":"publish","type":"post","link":"https:\/\/sgvaimudar.com.br\/index.php\/2026\/08\/31\/73-pontos-de-atendimento-garantem-multivacinacao-em-sao-goncalo\/","title":{"rendered":"73 pontos de atendimento garantem multivacina\u00e7\u00e3o em S\u00e3o Gon\u00e7alo"},"content":{"rendered":"\n<p><em>Est\u00e3o dispon\u00edveis as vacinas dos calend\u00e1rios da crian\u00e7a e do adolescente<\/em><\/p>\n\n\n\n<p>O Dia D da Estrat\u00e9gica de Multivacina\u00e7\u00e3o passou, mas a campanha para atualizar a caderneta de vacina\u00e7\u00e3o das crian\u00e7as e adolescentes at\u00e9 14 anos, 11 meses e 29 dias com esquemas vacinais incompletos continua at\u00e9 o dia 1\u00ba de setembro, em S\u00e3o Gon\u00e7alo. A Secretaria de Sa\u00fade da Prefeitura disponibilizou 73 pontos para a imuniza\u00e7\u00e3o.\u00a0<\/p>\n\n\n\n<p>A maioria das unidades de sa\u00fade funciona de segunda a sexta, das 8h \u00e0s 17h. As cl\u00ednicas municipais do Mutondo e da Fam\u00edlia Dr. Zerbini, no Arsenal, abrem das 8h \u00e0s 21h, de segunda a sexta. E aos s\u00e1bados, das 8h \u00e0s 12h.\u00a0<\/p>\n\n\n\n<p>Est\u00e3o dispon\u00edveis todas as vacinas dos calend\u00e1rios de vacina\u00e7\u00e3o da crian\u00e7a e do adolescente. S\u00e3o elas: BCG, Hepatite B, Pentavalente, P\u00f3lio Inativa, Rotav\u00edrus, Pneumoc\u00f3cica 10 valente, Pneumo 20, Meningoc\u00f3cica C, Febre Amarela, Tr\u00edplice Viral (Sarampo, caxumba e rub\u00e9ola), varicela, DTP, Hepatite A, Dengue, Varicela, Meningoc\u00f3cica ACWY, HPV, Influenza, Covid-19, DTP e Hepatite A.\u00a0<\/p>\n\n\n\n<p>A contraindica\u00e7\u00e3o da aplica\u00e7\u00e3o das vacinas s\u00f3 acontece nos casos de evolu\u00e7\u00e3o de doen\u00e7as agudas febris. O uso de antibi\u00f3ticos n\u00e3o interfere na aplica\u00e7\u00e3o da vacina. A maior parte das vacinas pode ser aplicada no mesmo dia. Os pais devem levar as cadernetas de vacina\u00e7\u00e3o, que ser\u00e3o avaliadas e as equipes definir\u00e3o quais vacinas precisam de atualiza\u00e7\u00e3o.<\/p>\n\n\n\n<p>Os pais ou respons\u00e1veis que tiverem d\u00favidas podem comparecer ao posto de vacina\u00e7\u00e3o mais pr\u00f3ximo para avalia\u00e7\u00e3o e orienta\u00e7\u00e3o pelos profissionais de sa\u00fade. Quem perdeu a caderneta de vacina\u00e7\u00e3o, ter\u00e1 a indica\u00e7\u00e3o das vacinas que podem ser aplicadas pelas equipes de sa\u00fade conforme a idade da crian\u00e7a ou do adolescente.<\/p>\n\n\n\n<p>A Estrat\u00e9gia de Multivacina\u00e7\u00e3o 2026 tem como p\u00fablico-alvo as crian\u00e7as e adolescentes, mas todos os gon\u00e7alenses podem procurar as unidades para colocarem a vacina\u00e7\u00e3o em dia, principalmente os idosos.\u00a0<\/p>\n\n\n\n<p><strong>Locais de vacina\u00e7\u00e3o<\/strong><\/p>\n\n\n\n<p><em>1 \u2013 Polo Sanit\u00e1rio Paulo Marques Rangel, Porto do Rosa<\/em><\/p>\n\n\n\n<p><em>2 \u2013 USF Jardim Catarina I<\/em><\/p>\n\n\n\n<p><em>3 \u2013 USF Jos\u00e9 Avelino de Souza, Tribob\u00f3<\/em><\/p>\n\n\n\n<p><em>4 \u2013 USF Agenor Jos\u00e9 da Silva, Jardim Catarina<\/em><\/p>\n\n\n\n<p><em>5 \u2013 USF Louis Pasteur, Guaxindiba<\/em><\/p>\n\n\n\n<p><em>6 \u2013 Cl\u00ednica Gon\u00e7alense do Barro Vermelho<\/em><\/p>\n\n\n\n<p><em>7 \u2013 PAM Coelho<\/em><\/p>\n\n\n\n<p><em>8 \u2013 Polo Sanit\u00e1rio Washington Luiz Lopes, Z\u00e9 Garoto<\/em><\/p>\n\n\n\n<p><em>9 \u2013 USF David Capistrano, Ita\u00fana<\/em><\/p>\n\n\n\n<p><em>10 \u2013 USF Barbosa Lima Sobrinho, Boa Vista<\/em><\/p>\n\n\n\n<p><em>11 \u2013 Cl\u00ednica Municipal Gon\u00e7alense do Mutondo<\/em><\/p>\n\n\n\n<p><em>12 \u2013 USF An\u00edbal Porto, Monjolos<\/em><\/p>\n\n\n\n<p><em>13 \u2013 Polo Sanit\u00e1rio H\u00e9lio Cruz, Alc\u00e2ntara<\/em><\/p>\n\n\n\n<p><em>14 \u2013 USF Altair da Silva, Mutu\u00e1<\/em><\/p>\n\n\n\n<p><em>15 \u2013 USF Jos\u00e9 Jorge Cortes Freitas, Itaitindiba<\/em><\/p>\n\n\n\n<p><em>16 \u2013 Polo Sanit\u00e1rio Augusto Sena, Rio do Ouro<\/em><\/p>\n\n\n\n<p><em>17 \u2013 USF Anaia<\/em><\/p>\n\n\n\n<p><em>18 \u2013 USF Ana Nery, Gradim<\/em><\/p>\n\n\n\n<p><em>19 \u2013 Polo Sanit\u00e1rio Jorge Teixeira de Lima, Jardim Catarina<\/em><\/p>\n\n\n\n<p><em>20 \u2013 USF Mahatma Gandhi, Jardim Calif\u00f3rnia<\/em><\/p>\n\n\n\n<p><em>21 \u2013 USF Bento da Cruz, Porto Novo<\/em><\/p>\n\n\n\n<p><em>22 \u2013 USF Marechal C\u00e2ndido Rondon, Coluband\u00ea<\/em><\/p>\n\n\n\n<p><em>23 \u2013 USF Marilea Cardoso, J\u00f3quei<\/em><\/p>\n\n\n\n<p><em>24 \u2013 USF Floren\u00e7a Helena Pereira da Silva, Largo da Id\u00e9ia<\/em><\/p>\n\n\n\n<p><em>25 \u2013 USF Fl\u00e1vio Henrique de Brito, J\u00f3quei<\/em><\/p>\n\n\n\n<p><em>26 \u2013 USF Irm\u00e3 Dulce, Trindade<\/em><\/p>\n\n\n\n<p><em>27 \u2013 USF Luiz Paulo Guimar\u00e3es, Laranjal<\/em><\/p>\n\n\n\n<p><em>28 \u2013 USF Gladys Rodrigues Ramos Freitas, Santa Isabel<\/em><\/p>\n\n\n\n<p><em>29 \u2013&nbsp;USF Hiparco Ferreira, Engenho do Ro\u00e7ado<\/em><\/p>\n\n\n\n<p><em>30 \u2013 PAM Neves<\/em><\/p>\n\n\n\n<p><em>31 \u2013 USF Juarez Antunes, Laranjal&nbsp;<\/em><\/p>\n\n\n\n<p><em>32 \u2013 USF Luiz Carlos Prestes, Santa Catarina<\/em><\/p>\n\n\n\n<p><em>33 \u2013 USF Badger da Silveira, Tribob\u00f3<\/em><\/p>\n\n\n\n<p><em>34 \u2013 USF Em\u00edlio Ribas, Barrac\u00e3o<\/em><\/p>\n\n\n\n<p><em>35 \u2013 Cl\u00ednica Municipal da Fam\u00edlia Dr. Zerbini, Arsenal<\/em><\/p>\n\n\n\n<p><em>36 \u2013 USF Alexander Fleming, Boa\u00e7u<\/em><\/p>\n\n\n\n<p><em>37 \u2013 USF Vista Alegre<\/em><\/p>\n\n\n\n<p><em>38 \u2013 USF Tancredo Neves, Luiz Ca\u00e7ador<\/em><\/p>\n\n\n\n<p><em>39 \u2013 USF Geremias de Mattos Fontes, Jardim Bom Retiro<\/em><\/p>\n\n\n\n<p><em>40 \u2013 USF Quinta Dom Ricardo<\/em><\/p>\n\n\n\n<p><em>41 \u2013 USF Apolo III<\/em><\/p>\n\n\n\n<p><em>42 \u2013 USF Jos\u00e9 Bruno Neto, Boa Vista&nbsp;<\/em><\/p>\n\n\n\n<p><em>43 \u2013 USF Almerinda<\/em><\/p>\n\n\n\n<p><em>44 \u2013 USF Lu\u00edsa de Marilac, Novo M\u00e9xico<\/em><\/p>\n\n\n\n<p><em>45 \u2013 Cl\u00ednica Municipal Gon\u00e7alense do Coluband\u00ea<\/em><\/p>\n\n\n\n<p><em>46 \u2013 USF Presidente Get\u00falio Vargas, Boa Vista<\/em><\/p>\n\n\n\n<p><em>47 \u2013 USF Dr. Robert Koch, Porto da Madama<\/em><\/p>\n\n\n\n<p><em>48 \u2013 USF Doutel de Andrade, Maria Paula<\/em><\/p>\n\n\n\n<p><em>49 \u2013 USF Vila Candoza<\/em><\/p>\n\n\n\n<p><em>50 \u2013 USF \u00c1gua Mineral<\/em><\/p>\n\n\n\n<p><em>51 \u2013 USF Adolfo Lutz, Amendoeira<\/em><\/p>\n\n\n\n<p><em>52 \u2013 USF Port\u00e3o do Rosa<\/em><\/p>\n\n\n\n<p><em>53 \u2013 USF Albert Sabin, Itaoca<\/em><\/p>\n\n\n\n<p><em>54 \u2013 USF Mutuagua\u00e7u<\/em><\/p>\n\n\n\n<p><em>55 \u2013 USF Floriano Barbosa, Jardim Catarina<\/em><\/p>\n\n\n\n<p><em>56 \u2013 USF Ita\u00fana<\/em><\/p>\n\n\n\n<p><em>57\u2013 USF Victor Chimelly, Paiva<\/em><\/p>\n\n\n\n<p><em>58 \u2013 USF Jardel do Amaral, Venda da Cruz<\/em><\/p>\n\n\n\n<p><em>59 \u2013 Cl\u00ednica Municipal Gon\u00e7alense da Lagoinha&nbsp;<\/em><\/p>\n\n\n\n<p><em>60 \u2013 USF Bandeirantes<\/em><\/p>\n\n\n\n<p><em>61 \u2013 USF Oswaldo Cruz, Amendoeira<\/em><\/p>\n\n\n\n<p><em>62 \u2013 USF Carlos Chagas, Fazenda dos Mineiros<\/em><\/p>\n\n\n\n<p><em>63 \u2013 USF Manoel de Abreu, Ipi\u00edba<\/em><\/p>\n\n\n\n<p><em>64 \u2013 USF Alberto Constantino Farah, Mutu\u00e1<\/em><\/p>\n\n\n\n<p><em>65 \u2013 USF Ary Teixeira, Jardim Bom Retiro<\/em><\/p>\n\n\n\n<p><em>66 \u2013 USF Wally Figueira da Silva, Rocha&nbsp;<\/em><\/p>\n\n\n\n<p><em>67 \u2013 USF Dr. Armando Le\u00e3o, Morro do Castro<\/em><\/p>\n\n\n\n<p><em>68 \u2013 USF Le\u00f4ncio Correia, Ita\u00fana<\/em><\/p>\n\n\n\n<p><em>69 \u2013 USF Juvenil Francisco Ribeiro, Engenho Pequeno<\/em><\/p>\n\n\n\n<p><em>70 \u2013 USF Haroldo Pereira Nunes, Camar\u00e3o<\/em><\/p>\n\n\n\n<p><em>71 \u2013 USF Bocayuva Cunha, Gradim<\/em><\/p>\n\n\n\n<p><em>72 \u2013 USF Roberto Silveira, Vista Alegre<\/em><\/p>\n\n\n\n<p><em>73 \u2013 USF Marambaia<\/em>.<\/p>\n\n\n\n<p><strong>Sigam:&nbsp;<\/strong><a href=\"https:\/\/www.instagram.com\/sgvaimudar\/\"><strong>@sgvaimudar<\/strong><\/a><a href=\"https:\/\/www.instagram.com\/sgvaimudar2\/\"><strong>@sgvaimudar2<\/strong><\/a><strong><em><\/em><\/strong><\/p>\n\n\n\n<p><strong><em>Passe sua informa\u00e7\u00e3o pelo nosso WhatsApp: (21) <\/em><\/strong><strong><em>99744 5345<\/em><\/strong><strong><em><\/em><\/strong><\/p>\n\n\n\n<p><strong><em>S\u00e3o Gon\u00e7alo Vai Mudar: Not\u00edcias de S\u00e3o Gon\u00e7alo e toda regi\u00e3o.<\/em><\/strong><\/p>\n\n\n\n<figure class=\"wp-block-video\"><video height=\"1280\" style=\"aspect-ratio: 720 \/ 1280;\" width=\"720\" controls src=\"https:\/\/sgvaimudar.com.br\/wp-content\/uploads\/2026\/07\/institucional.SGVM_.EQUIPE.mp4\"><\/video><\/figure>\n","protected":false},"excerpt":{"rendered":"<p>Est\u00e3o dispon\u00edveis as vacinas dos calend\u00e1rios da crian\u00e7a e do adolescente O Dia D da Estrat\u00e9gica de Multivacina\u00e7\u00e3o passou, mas&hellip;<\/p>\n","protected":false},"author":5,"featured_media":46345,"comment_status":"closed","ping_status":"open","sticky":false,"template":"","format":"standard","meta":{"fifu_image_url":"https:\/\/sgvaimudar.com.br\/wp-content\/uploads\/2026\/07\/vacina.divulgacao.ascom_-scaled.jpg","fifu_image_alt":"","footnotes":""},"categories":[7],"tags":[319,47,75,51,1049],"class_list":["post-46343","post","type-post","status-publish","format-standard","has-post-thumbnail","hentry","category-saude","tag-atendimento","tag-rj","tag-sao-goncalo","tag-saude","tag-vacinacao"],"_links":{"self":[{"href":"https:\/\/sgvaimudar.com.br\/index.php\/wp-json\/wp\/v2\/posts\/46343","targetHints":{"allow":["GET"]}}],"collection":[{"href":"https:\/\/sgvaimudar.com.br\/index.php\/wp-json\/wp\/v2\/posts"}],"about":[{"href":"https:\/\/sgvaimudar.com.br\/index.php\/wp-json\/wp\/v2\/types\/post"}],"author":[{"embeddable":true,"href":"https:\/\/sgvaimudar.com.br\/index.php\/wp-json\/wp\/v2\/users\/5"}],"replies":[{"embeddable":true,"href":"https:\/\/sgvaimudar.com.br\/index.php\/wp-json\/wp\/v2\/comments?post=46343"}],"version-history":[{"count":1,"href":"https:\/\/sgvaimudar.com.br\/index.php\/wp-json\/wp\/v2\/posts\/46343\/revisions"}],"predecessor-version":[{"id":46344,"href":"https:\/\/sgvaimudar.com.br\/index.php\/wp-json\/wp\/v2\/posts\/46343\/revisions\/46344"}],"wp:featuredmedia":[{"embeddable":true,"href":"https:\/\/sgvaimudar.com.br\/index.php\/wp-json\/wp\/v2\/media\/46345"}],"wp:attachment":[{"href":"https:\/\/sgvaimudar.com.br\/index.php\/wp-json\/wp\/v2\/media?parent=46343"}],"wp:term":[{"taxonomy":"category","embeddable":true,"href":"https:\/\/sgvaimudar.com.br\/index.php\/wp-json\/wp\/v2\/categories?post=46343"},{"taxonomy":"post_tag","embeddable":true,"href":"https:\/\/sgvaimudar.com.br\/index.php\/wp-json\/wp\/v2\/tags?post=46343"}],"curies":[{"name":"wp","href":"https:\/\/api.w.org\/{rel}","templated":true}]}}