{"id":4629,"date":"2024-02-29T22:32:39","date_gmt":"2024-03-01T01:32:39","guid":{"rendered":"https:\/\/sgvaimudar.com.br\/?p=4629"},"modified":"2024-02-29T22:32:40","modified_gmt":"2024-03-01T01:32:40","slug":"policia-investiga-se-homem-encontrado-morto-na-lodial-foi-baleado-em-confronto","status":"publish","type":"post","link":"https:\/\/sgvaimudar.com.br\/index.php\/2024\/02\/29\/policia-investiga-se-homem-encontrado-morto-na-lodial-foi-baleado-em-confronto\/","title":{"rendered":"Pol\u00edcia investiga se homem encontrado morto na Lodial foi baleado em confronto"},"content":{"rendered":"\n<p>Policiais investigam se o suspeito de integrar o tr\u00e1fico da regi\u00e3o encontrado morto na comunidade da Lodial foi baleado na noite da \u00faltima quarta-feira (28), durante confronto entre criminosos e policiais da 72\u00aaDP (Mutu\u00e1). Ele foi encontrado numa \u00e1rea de mangue da comunidade, na divisa entre Boa\u00e7u e Boa Vista.<\/p>\n\n\n\n<p>O caso come\u00e7ou na tarde da \u00faltima quarta-feira, quando policiais da delegacia do Mutu\u00e1 receberam informa\u00e7\u00f5es sobre a circula\u00e7\u00e3o de criminosos do Complexo do Salgueiro fora da comunidade.<\/p>\n\n\n\n<p>Com base nisso, os agentes montaram uma a\u00e7\u00e3o na Rodovia BR-101, onde tiveram a aten\u00e7\u00e3o despertada para dois ve\u00edculos Corolla, um preto e um branco, que estavam em alta velocidade. Ao perceberem a aproxima\u00e7\u00e3o dos policiais, os ocupantes iniciaram um confronto, enquanto tentavam fugir para a comunidade da Lodial.<\/p>\n\n\n\n<p>Fonte: O S\u00e3o Gon\u00e7alo<\/p>\n\n\n\n<h1 class=\"wp-block-heading\">\ud835\ude68\ud835\ude5c\ud835\ude6b\ud835\ude56\ud835\ude5e\ud835\ude62\ud835\ude6a\ud835\ude59\ud835\ude56\ud835\ude67<\/h1>\n\n\n\n<p>\ud835\udc76 \ud835\udc8e\ud835\udc82\ud835\udc8a\ud835\udc90\ud835\udc93 \ud835\udc77\ud835\udc90\ud835\udc93\ud835\udc95\ud835\udc82\ud835\udc8d \ud835\udc85\ud835\udc86 \ud835\udc8f\ud835\udc90\ud835\udc95\ud835\udc8a\ud835\udc84\ud835\udc8a\ud835\udc82\ud835\udc94 \ud835\udc85\ud835\udc82 \ud835\udc84\ud835\udc8a\ud835\udc85\ud835\udc82\ud835\udc85\ud835\udc86.<\/p>\n","protected":false},"excerpt":{"rendered":"<p>Policiais investigam se o suspeito de integrar o tr\u00e1fico da regi\u00e3o encontrado morto na comunidade da Lodial foi baleado na&hellip;<\/p>\n","protected":false},"author":2,"featured_media":4630,"comment_status":"open","ping_status":"open","sticky":false,"template":"","format":"standard","meta":{"fifu_image_url":"","fifu_image_alt":"","footnotes":""},"categories":[3],"tags":[],"class_list":["post-4629","post","type-post","status-publish","format-standard","has-post-thumbnail","hentry","category-sao-goncalo"],"_links":{"self":[{"href":"https:\/\/sgvaimudar.com.br\/index.php\/wp-json\/wp\/v2\/posts\/4629","targetHints":{"allow":["GET"]}}],"collection":[{"href":"https:\/\/sgvaimudar.com.br\/index.php\/wp-json\/wp\/v2\/posts"}],"about":[{"href":"https:\/\/sgvaimudar.com.br\/index.php\/wp-json\/wp\/v2\/types\/post"}],"author":[{"embeddable":true,"href":"https:\/\/sgvaimudar.com.br\/index.php\/wp-json\/wp\/v2\/users\/2"}],"replies":[{"embeddable":true,"href":"https:\/\/sgvaimudar.com.br\/index.php\/wp-json\/wp\/v2\/comments?post=4629"}],"version-history":[{"count":1,"href":"https:\/\/sgvaimudar.com.br\/index.php\/wp-json\/wp\/v2\/posts\/4629\/revisions"}],"predecessor-version":[{"id":4631,"href":"https:\/\/sgvaimudar.com.br\/index.php\/wp-json\/wp\/v2\/posts\/4629\/revisions\/4631"}],"wp:featuredmedia":[{"embeddable":true,"href":"https:\/\/sgvaimudar.com.br\/index.php\/wp-json\/wp\/v2\/media\/4630"}],"wp:attachment":[{"href":"https:\/\/sgvaimudar.com.br\/index.php\/wp-json\/wp\/v2\/media?parent=4629"}],"wp:term":[{"taxonomy":"category","embeddable":true,"href":"https:\/\/sgvaimudar.com.br\/index.php\/wp-json\/wp\/v2\/categories?post=4629"},{"taxonomy":"post_tag","embeddable":true,"href":"https:\/\/sgvaimudar.com.br\/index.php\/wp-json\/wp\/v2\/tags?post=4629"}],"curies":[{"name":"wp","href":"https:\/\/api.w.org\/{rel}","templated":true}]}}