{"id":4602,"date":"2024-02-27T18:47:27","date_gmt":"2024-02-27T21:47:27","guid":{"rendered":"https:\/\/sgvaimudar.com.br\/?p=4602"},"modified":"2024-02-27T18:47:27","modified_gmt":"2024-02-27T21:47:27","slug":"moradores-recolhem-corpos-durante-operacao-da-pm-no-rio-video","status":"publish","type":"post","link":"https:\/\/sgvaimudar.com.br\/index.php\/2024\/02\/27\/moradores-recolhem-corpos-durante-operacao-da-pm-no-rio-video\/","title":{"rendered":"Moradores recolhem corpos durante opera\u00e7\u00e3o da PM no Rio; v\u00eddeo"},"content":{"rendered":"\n<p>Moradores das comunidades do Complexo do Alem\u00e3o, na Zona Norte do Rio, est\u00e3o recolhendo os corpos atingidos durante as opera\u00e7\u00f5es realizadas por equipes da Pol\u00edcia Militar e Civil nesta ter\u00e7a-feira (27). Segundo imagens registradas por moradores e divulgadas pelo jornal Voz das Comunidades, os residentes tentam levar os corpos para a pista.<\/p>\n\n\n\n<p>Conforme as imagens, os moradores est\u00e3o tentando levar os corpos atingidos da \u00e1rea conhecida como Mineiros para a pista, para que possam ser retirados e encaminhados ao IML, j\u00e1 que as viaturas de remo\u00e7\u00e3o n\u00e3o podem subir os morros. Ainda conforme os registros, os agentes est\u00e3o impedindo os moradores de descer com os corpos.<\/p>\n\n\n\n<p>As a\u00e7\u00f5es t\u00eam como objetivo realizar a pris\u00e3o de l\u00edderes do Comando Vermelho (CV) envolvidos nas recentes disputas por territ\u00f3rios. At\u00e9 o momento, sete suspeitos foram mortos, quatro foram baleados, dois policiais ficaram feridos e est\u00e3o internados, e dois menores foram apreendidos.<\/p>\n\n\n\n<p>Por conta das opera\u00e7\u00f5es e das intensas trocas de tiros, cerca de 20 mil alunos ficaram sem aulas na manh\u00e3 desta ter\u00e7a-feira (27). Segundo relatos de moradores, policiais invadiram casas para trocar tiros com criminosos.<\/p>\n\n\n\n<p>&#8220;\u00c9 aterrorizante! Ano ap\u00f3s ano e nada muda. As favelas s\u00e3o traumatizadas pela brutalidade da viol\u00eancia&#8221;, comentou um usu\u00e1rio.<\/p>\n\n\n\n<p>As comunidades ocupadas na opera\u00e7\u00e3o s\u00e3o o Complexo do Alem\u00e3o e da Penha (Zona Norte), Juramento, Juramentinho e Ipase em Vicente de Carvalho (Zona Norte), Flexal em Inha\u00fama (Zona Norte), Guapor\u00e9, Tinta e Quitungo em Br\u00e1s de Pina e Cordovil (Zona Norte), e Cidade de Deus (Zona Oeste).<\/p>\n\n\n\n<h1 class=\"wp-block-heading\">\ud835\ude68\ud835\ude5c\ud835\ude6b\ud835\ude56\ud835\ude5e\ud835\ude62\ud835\ude6a\ud835\ude59\ud835\ude56\ud835\ude67<\/h1>\n\n\n\n<p>\ud835\udc76 \ud835\udc8e\ud835\udc82\ud835\udc8a\ud835\udc90\ud835\udc93 \ud835\udc77\ud835\udc90\ud835\udc93\ud835\udc95\ud835\udc82\ud835\udc8d \ud835\udc85\ud835\udc86 \ud835\udc8f\ud835\udc90\ud835\udc95\ud835\udc8a\ud835\udc84\ud835\udc8a\ud835\udc82\ud835\udc94 \ud835\udc85\ud835\udc82 \ud835\udc84\ud835\udc8a\ud835\udc85\ud835\udc82\ud835\udc85\ud835\udc86.<\/p>\n\n\n\n<figure class=\"wp-block-video\"><video height=\"1096\" style=\"aspect-ratio: 1080 \/ 1096;\" width=\"1080\" controls src=\"https:\/\/sgvaimudar.com.br\/wp-content\/uploads\/2024\/02\/InShot_20240227_183258288.mp4\"><\/video><\/figure>\n","protected":false},"excerpt":{"rendered":"<p>Moradores das comunidades do Complexo do Alem\u00e3o, na Zona Norte do Rio, est\u00e3o recolhendo os corpos atingidos durante as opera\u00e7\u00f5es&hellip;<\/p>\n","protected":false},"author":2,"featured_media":4603,"comment_status":"open","ping_status":"open","sticky":false,"template":"","format":"standard","meta":{"fifu_image_url":"","fifu_image_alt":"","footnotes":""},"categories":[32],"tags":[],"class_list":["post-4602","post","type-post","status-publish","format-standard","has-post-thumbnail","hentry","category-casos-de-policia"],"_links":{"self":[{"href":"https:\/\/sgvaimudar.com.br\/index.php\/wp-json\/wp\/v2\/posts\/4602","targetHints":{"allow":["GET"]}}],"collection":[{"href":"https:\/\/sgvaimudar.com.br\/index.php\/wp-json\/wp\/v2\/posts"}],"about":[{"href":"https:\/\/sgvaimudar.com.br\/index.php\/wp-json\/wp\/v2\/types\/post"}],"author":[{"embeddable":true,"href":"https:\/\/sgvaimudar.com.br\/index.php\/wp-json\/wp\/v2\/users\/2"}],"replies":[{"embeddable":true,"href":"https:\/\/sgvaimudar.com.br\/index.php\/wp-json\/wp\/v2\/comments?post=4602"}],"version-history":[{"count":1,"href":"https:\/\/sgvaimudar.com.br\/index.php\/wp-json\/wp\/v2\/posts\/4602\/revisions"}],"predecessor-version":[{"id":4605,"href":"https:\/\/sgvaimudar.com.br\/index.php\/wp-json\/wp\/v2\/posts\/4602\/revisions\/4605"}],"wp:featuredmedia":[{"embeddable":true,"href":"https:\/\/sgvaimudar.com.br\/index.php\/wp-json\/wp\/v2\/media\/4603"}],"wp:attachment":[{"href":"https:\/\/sgvaimudar.com.br\/index.php\/wp-json\/wp\/v2\/media?parent=4602"}],"wp:term":[{"taxonomy":"category","embeddable":true,"href":"https:\/\/sgvaimudar.com.br\/index.php\/wp-json\/wp\/v2\/categories?post=4602"},{"taxonomy":"post_tag","embeddable":true,"href":"https:\/\/sgvaimudar.com.br\/index.php\/wp-json\/wp\/v2\/tags?post=4602"}],"curies":[{"name":"wp","href":"https:\/\/api.w.org\/{rel}","templated":true}]}}