{"id":4599,"date":"2024-02-27T18:27:19","date_gmt":"2024-02-27T21:27:19","guid":{"rendered":"https:\/\/sgvaimudar.com.br\/?p=4599"},"modified":"2024-02-27T18:27:20","modified_gmt":"2024-02-27T21:27:20","slug":"roubo-de-carga-termina-com-um-morto-em-niteroi","status":"publish","type":"post","link":"https:\/\/sgvaimudar.com.br\/index.php\/2024\/02\/27\/roubo-de-carga-termina-com-um-morto-em-niteroi\/","title":{"rendered":"Roubo de carga termina com um morto em Niter\u00f3i"},"content":{"rendered":"\n<p>Um indiv\u00edd#o foi m4rto a tir4s durante um ass5lto a uma carga na manh\u00e3 desta ter\u00e7a-feira (27), na Estrada Padre Jos\u00e9 Euger, no bairro Ititioca, em Niter\u00f3i. Outro c\u00famplic3 foi d3tido.<\/p>\n\n\n\n<p>De acordo com a Pol\u00edcia Civil, uma equipe estava patrulhando a \u00e1rea quando encontrou os s#speitos tentando ro#bar um ve\u00edculo pertencente a uma transportadora de cigarros.<\/p>\n\n\n\n<p>Os crimin4sos, que estavam em uma moto do modelo XRR-300 prata, tentaram f#gir. Um deles foi alvejado pelos agentes e n\u00e3o resisti#, enquanto o outro foi d3tido. T3stemunhas no local relataram um intenso tir4teio.<\/p>\n\n\n\n<p>Equipes da Delegacia de H4mic\u00eddios de Niter\u00f3i e S\u00e3o Gon\u00e7alo (DHNSG) realizaram a per\u00edcia t\u00e9cnica no c4rpo e na moto, que estava sem placa. Devido ao incid3nte, o tr\u00e2nsito ficou interdit5do em ambos os sentidos da via.<\/p>\n\n\n\n<p>Fonte: Enfoco<\/p>\n\n\n\n<h1 class=\"wp-block-heading\">\ud835\ude68\ud835\ude5c\ud835\ude6b\ud835\ude56\ud835\ude5e\ud835\ude62\ud835\ude6a\ud835\ude59\ud835\ude56\ud835\ude67<\/h1>\n\n\n\n<p>\ud835\udc76 \ud835\udc8e\ud835\udc82\ud835\udc8a\ud835\udc90\ud835\udc93 \ud835\udc77\ud835\udc90\ud835\udc93\ud835\udc95\ud835\udc82\ud835\udc8d \ud835\udc85\ud835\udc86 \ud835\udc8f\ud835\udc90\ud835\udc95\ud835\udc8a\ud835\udc84\ud835\udc8a\ud835\udc82\ud835\udc94 \ud835\udc85\ud835\udc82 \ud835\udc84\ud835\udc8a\ud835\udc85\ud835\udc82\ud835\udc85\ud835\udc86.<\/p>\n","protected":false},"excerpt":{"rendered":"<p>Um indiv\u00edd#o foi m4rto a tir4s durante um ass5lto a uma carga na manh\u00e3 desta ter\u00e7a-feira (27), na Estrada Padre&hellip;<\/p>\n","protected":false},"author":2,"featured_media":4600,"comment_status":"open","ping_status":"open","sticky":false,"template":"","format":"standard","meta":{"fifu_image_url":"","fifu_image_alt":"","footnotes":""},"categories":[32],"tags":[],"class_list":["post-4599","post","type-post","status-publish","format-standard","has-post-thumbnail","hentry","category-casos-de-policia"],"_links":{"self":[{"href":"https:\/\/sgvaimudar.com.br\/index.php\/wp-json\/wp\/v2\/posts\/4599","targetHints":{"allow":["GET"]}}],"collection":[{"href":"https:\/\/sgvaimudar.com.br\/index.php\/wp-json\/wp\/v2\/posts"}],"about":[{"href":"https:\/\/sgvaimudar.com.br\/index.php\/wp-json\/wp\/v2\/types\/post"}],"author":[{"embeddable":true,"href":"https:\/\/sgvaimudar.com.br\/index.php\/wp-json\/wp\/v2\/users\/2"}],"replies":[{"embeddable":true,"href":"https:\/\/sgvaimudar.com.br\/index.php\/wp-json\/wp\/v2\/comments?post=4599"}],"version-history":[{"count":1,"href":"https:\/\/sgvaimudar.com.br\/index.php\/wp-json\/wp\/v2\/posts\/4599\/revisions"}],"predecessor-version":[{"id":4601,"href":"https:\/\/sgvaimudar.com.br\/index.php\/wp-json\/wp\/v2\/posts\/4599\/revisions\/4601"}],"wp:featuredmedia":[{"embeddable":true,"href":"https:\/\/sgvaimudar.com.br\/index.php\/wp-json\/wp\/v2\/media\/4600"}],"wp:attachment":[{"href":"https:\/\/sgvaimudar.com.br\/index.php\/wp-json\/wp\/v2\/media?parent=4599"}],"wp:term":[{"taxonomy":"category","embeddable":true,"href":"https:\/\/sgvaimudar.com.br\/index.php\/wp-json\/wp\/v2\/categories?post=4599"},{"taxonomy":"post_tag","embeddable":true,"href":"https:\/\/sgvaimudar.com.br\/index.php\/wp-json\/wp\/v2\/tags?post=4599"}],"curies":[{"name":"wp","href":"https:\/\/api.w.org\/{rel}","templated":true}]}}