{"id":4571,"date":"2024-02-24T19:22:19","date_gmt":"2024-02-24T22:22:19","guid":{"rendered":"https:\/\/sgvaimudar.com.br\/?p=4571"},"modified":"2024-02-24T19:22:19","modified_gmt":"2024-02-24T22:22:19","slug":"alexandre-nardoni-condenado-pela-morte-da-filha-deve-ir-para-regime-aberto-em-6-de-abril","status":"publish","type":"post","link":"https:\/\/sgvaimudar.com.br\/index.php\/2024\/02\/24\/alexandre-nardoni-condenado-pela-morte-da-filha-deve-ir-para-regime-aberto-em-6-de-abril\/","title":{"rendered":"Alexandre Nardoni, condenado pela morte da filha, deve ir para regime aberto em 6 de abril"},"content":{"rendered":"\n<p>Condenado a 30 anos de pris\u00e3o pela morte da filha Isabella, Alexandre Nardoni deve passar a cumprir a pena em regime aberto a partir de 6 de abril e poder\u00e1 deixar a pris\u00e3o. No ano passado, ele pediu redu\u00e7\u00e3o da pena que cumpre em Trememb\u00e9, no interior de S\u00e3o Paulo, por dias trabalhados e por um livro lido na pris\u00e3o. O pedido foi aceito pela Justi\u00e7a de S\u00e3o Paulo ainda em 2023.<\/p>\n\n\n\n<p>A not\u00edcia foi publicada pelo colunista de O Globo, Ancelmo Gois, e confirmada pelo g1 neste s\u00e1bado (24). A defesa de Alexandre Nardoni afirmou ao g1 que n\u00e3o comentar\u00e1 a progress\u00e3o para o regime aberto.<\/p>\n\n\n\n<p>A decis\u00e3o de reduzir a pena em 96 dias foi da ju\u00edza Marcia Beringhs Domingues de Castro, da 2\u00aa Vara das Execu\u00e7\u00f5es Criminais, da Comarca de Taubat\u00e9, em setembro de 2023. Ela cita na decis\u00e3o o pedido &#8220;que o sentenciado trabalhou por 277 dias, raz\u00e3o pela qual h\u00e1 que prosperar o pedido de remi\u00e7\u00e3o formulado pela Defesa&#8221;.<\/p>\n\n\n\n<p>Ela acrescenta que &#8220;o sentenciado permaneceu com o livro &#8216;Carta ao Pai&#8217; de autoria de Franz Kafka, pelo per\u00edodo de 26 dias dias, tendo apresentado a respectiva resenha, que foi considerada fidedigna pela equipe respons\u00e1vel&#8221;. A leitura faz parte do programa de incentivo chamado \u2018Lendo a Liberdade\u2019.<\/p>\n\n\n\n<p>Fonte: g1<\/p>\n\n\n\n<h1 class=\"wp-block-heading\">\ud835\ude68\ud835\ude5c\ud835\ude6b\ud835\ude56\ud835\ude5e\ud835\ude62\ud835\ude6a\ud835\ude59\ud835\ude56\ud835\ude67<\/h1>\n\n\n\n<p>\ud835\udc76 \ud835\udc8e\ud835\udc82\ud835\udc8a\ud835\udc90\ud835\udc93 \ud835\udc77\ud835\udc90\ud835\udc93\ud835\udc95\ud835\udc82\ud835\udc8d \ud835\udc85\ud835\udc86 \ud835\udc8f\ud835\udc90\ud835\udc95\ud835\udc8a\ud835\udc84\ud835\udc8a\ud835\udc82\ud835\udc94 \ud835\udc85\ud835\udc82 \ud835\udc84\ud835\udc8a\ud835\udc85\ud835\udc82\ud835\udc85\ud835\udc86.<\/p>\n","protected":false},"excerpt":{"rendered":"<p>Condenado a 30 anos de pris\u00e3o pela morte da filha Isabella, Alexandre Nardoni deve passar a cumprir a pena em&hellip;<\/p>\n","protected":false},"author":2,"featured_media":4572,"comment_status":"open","ping_status":"open","sticky":false,"template":"","format":"standard","meta":{"fifu_image_url":"","fifu_image_alt":"","footnotes":""},"categories":[32],"tags":[],"class_list":["post-4571","post","type-post","status-publish","format-standard","has-post-thumbnail","hentry","category-casos-de-policia"],"_links":{"self":[{"href":"https:\/\/sgvaimudar.com.br\/index.php\/wp-json\/wp\/v2\/posts\/4571","targetHints":{"allow":["GET"]}}],"collection":[{"href":"https:\/\/sgvaimudar.com.br\/index.php\/wp-json\/wp\/v2\/posts"}],"about":[{"href":"https:\/\/sgvaimudar.com.br\/index.php\/wp-json\/wp\/v2\/types\/post"}],"author":[{"embeddable":true,"href":"https:\/\/sgvaimudar.com.br\/index.php\/wp-json\/wp\/v2\/users\/2"}],"replies":[{"embeddable":true,"href":"https:\/\/sgvaimudar.com.br\/index.php\/wp-json\/wp\/v2\/comments?post=4571"}],"version-history":[{"count":1,"href":"https:\/\/sgvaimudar.com.br\/index.php\/wp-json\/wp\/v2\/posts\/4571\/revisions"}],"predecessor-version":[{"id":4573,"href":"https:\/\/sgvaimudar.com.br\/index.php\/wp-json\/wp\/v2\/posts\/4571\/revisions\/4573"}],"wp:featuredmedia":[{"embeddable":true,"href":"https:\/\/sgvaimudar.com.br\/index.php\/wp-json\/wp\/v2\/media\/4572"}],"wp:attachment":[{"href":"https:\/\/sgvaimudar.com.br\/index.php\/wp-json\/wp\/v2\/media?parent=4571"}],"wp:term":[{"taxonomy":"category","embeddable":true,"href":"https:\/\/sgvaimudar.com.br\/index.php\/wp-json\/wp\/v2\/categories?post=4571"},{"taxonomy":"post_tag","embeddable":true,"href":"https:\/\/sgvaimudar.com.br\/index.php\/wp-json\/wp\/v2\/tags?post=4571"}],"curies":[{"name":"wp","href":"https:\/\/api.w.org\/{rel}","templated":true}]}}