{"id":4498,"date":"2024-02-15T14:31:39","date_gmt":"2024-02-15T17:31:39","guid":{"rendered":"https:\/\/sgvaimudar.com.br\/?p=4498"},"modified":"2024-02-15T14:31:40","modified_gmt":"2024-02-15T17:31:40","slug":"furtos-e-roubos-a-pedestres-diminuiram-20-durante-o-carnaval-no-rj","status":"publish","type":"post","link":"https:\/\/sgvaimudar.com.br\/index.php\/2024\/02\/15\/furtos-e-roubos-a-pedestres-diminuiram-20-durante-o-carnaval-no-rj\/","title":{"rendered":"Furtos e roubos a pedestres diminu\u00edram 20% durante o carnaval no RJ"},"content":{"rendered":"\n<p>O Governo do Estado fez um balan\u00e7o positivo da seguran\u00e7a p\u00fablica durante os dias de carnaval no Rio de Janeiro.<\/p>\n\n\n\n<p>Houve redu\u00e7\u00e3o de 20% dos crimes de rua (furto e roubos a pedestres) em compara\u00e7\u00e3o ao mesmo per\u00edodo do ano passado. Segundo os dados, o n\u00famero de pris\u00f5es em flagrante durante a folia aumentou 34%. Os dados foram divulgados durante coletiva de imprensa, na manh\u00e3 desta quinta-feira (15).<\/p>\n\n\n\n<p>\u201cO reconhecimento f\u00e1cil funciona. Tivemos uma apreens\u00e3o recorde de armas, inclusive fuzis. Isso mostra que foi um carnaval seguro\u201d, afirmou o governador Cl\u00e1udio Castro.<\/p>\n\n\n\n<p>Tamb\u00e9m houve redu\u00e7\u00e3o de 20% dos crimes de rua (furto e roubos a pedestres) em compara\u00e7\u00e3o ao mesmo per\u00edodo do ano passado. Al\u00e9m disso, segundo o Pal\u00e1cio Guanabara, aumentou em 34% o n\u00famero de pris\u00f5es em flagrante durante a folia.<\/p>\n\n\n\n<h1 class=\"wp-block-heading\">\ud835\ude68\ud835\ude5c\ud835\ude6b\ud835\ude56\ud835\ude5e\ud835\ude62\ud835\ude6a\ud835\ude59\ud835\ude56\ud835\ude67<\/h1>\n\n\n\n<p>\ud835\udc76 \ud835\udc8e\ud835\udc82\ud835\udc8a\ud835\udc90\ud835\udc93 \ud835\udc77\ud835\udc90\ud835\udc93\ud835\udc95\ud835\udc82\ud835\udc8d \ud835\udc85\ud835\udc86 \ud835\udc8f\ud835\udc90\ud835\udc95\ud835\udc8a\ud835\udc84\ud835\udc8a\ud835\udc82\ud835\udc94 \ud835\udc85\ud835\udc82 \ud835\udc84\ud835\udc8a\ud835\udc85\ud835\udc82\ud835\udc85\ud835\udc86.<\/p>\n","protected":false},"excerpt":{"rendered":"<p>O Governo do Estado fez um balan\u00e7o positivo da seguran\u00e7a p\u00fablica durante os dias de carnaval no Rio de Janeiro.&hellip;<\/p>\n","protected":false},"author":2,"featured_media":4499,"comment_status":"open","ping_status":"open","sticky":false,"template":"","format":"standard","meta":{"fifu_image_url":"","fifu_image_alt":"","footnotes":""},"categories":[32],"tags":[],"class_list":["post-4498","post","type-post","status-publish","format-standard","has-post-thumbnail","hentry","category-casos-de-policia"],"_links":{"self":[{"href":"https:\/\/sgvaimudar.com.br\/index.php\/wp-json\/wp\/v2\/posts\/4498","targetHints":{"allow":["GET"]}}],"collection":[{"href":"https:\/\/sgvaimudar.com.br\/index.php\/wp-json\/wp\/v2\/posts"}],"about":[{"href":"https:\/\/sgvaimudar.com.br\/index.php\/wp-json\/wp\/v2\/types\/post"}],"author":[{"embeddable":true,"href":"https:\/\/sgvaimudar.com.br\/index.php\/wp-json\/wp\/v2\/users\/2"}],"replies":[{"embeddable":true,"href":"https:\/\/sgvaimudar.com.br\/index.php\/wp-json\/wp\/v2\/comments?post=4498"}],"version-history":[{"count":1,"href":"https:\/\/sgvaimudar.com.br\/index.php\/wp-json\/wp\/v2\/posts\/4498\/revisions"}],"predecessor-version":[{"id":4500,"href":"https:\/\/sgvaimudar.com.br\/index.php\/wp-json\/wp\/v2\/posts\/4498\/revisions\/4500"}],"wp:featuredmedia":[{"embeddable":true,"href":"https:\/\/sgvaimudar.com.br\/index.php\/wp-json\/wp\/v2\/media\/4499"}],"wp:attachment":[{"href":"https:\/\/sgvaimudar.com.br\/index.php\/wp-json\/wp\/v2\/media?parent=4498"}],"wp:term":[{"taxonomy":"category","embeddable":true,"href":"https:\/\/sgvaimudar.com.br\/index.php\/wp-json\/wp\/v2\/categories?post=4498"},{"taxonomy":"post_tag","embeddable":true,"href":"https:\/\/sgvaimudar.com.br\/index.php\/wp-json\/wp\/v2\/tags?post=4498"}],"curies":[{"name":"wp","href":"https:\/\/api.w.org\/{rel}","templated":true}]}}