{"id":4482,"date":"2024-02-13T13:26:11","date_gmt":"2024-02-13T16:26:11","guid":{"rendered":"https:\/\/sgvaimudar.com.br\/?p=4482"},"modified":"2024-02-13T13:26:11","modified_gmt":"2024-02-13T16:26:11","slug":"criminosos-invadem-casa-de-lider-do-pt-e-roubam-mae","status":"publish","type":"post","link":"https:\/\/sgvaimudar.com.br\/index.php\/2024\/02\/13\/criminosos-invadem-casa-de-lider-do-pt-e-roubam-mae\/","title":{"rendered":"Criminosos invadem casa de l\u00edder do PT e roubam m\u00e3e"},"content":{"rendered":"\n<figure class=\"wp-block-image size-large is-resized\"><img fetchpriority=\"high\" decoding=\"async\" width=\"1024\" height=\"717\" src=\"https:\/\/sgvaimudar.com.br\/wp-content\/uploads\/2024\/02\/zeca-dirceu11-1024x717.jpg\" alt=\"\" class=\"wp-image-4483\" style=\"aspect-ratio:1.4285714285714286;width:344px;height:auto\" srcset=\"https:\/\/sgvaimudar.com.br\/wp-content\/uploads\/2024\/02\/zeca-dirceu11-1024x717.jpg 1024w, https:\/\/sgvaimudar.com.br\/wp-content\/uploads\/2024\/02\/zeca-dirceu11-300x210.jpg 300w, https:\/\/sgvaimudar.com.br\/wp-content\/uploads\/2024\/02\/zeca-dirceu11-768x538.jpg 768w, https:\/\/sgvaimudar.com.br\/wp-content\/uploads\/2024\/02\/zeca-dirceu11.jpg 1200w\" sizes=\"(max-width: 1024px) 100vw, 1024px\" \/><\/figure>\n\n\n\n<p><\/p>\n\n\n\n<p>Cr1minosos invadiram nesta segunda-feira (12\/2) a casa de\u00a0Zeca Dirceu, que foi\u00a0l\u00edder do PT\u00a0na\u00a0C\u00e2mara dos Deputados\u00a0ao longo de 2023. O parlamentar afirmou que a sua m\u00e3e, Clara Becker, de 83 anos, estava na resid\u00eancia na hora em que os assaltantes chegaram.<\/p>\n\n\n\n<p>\u201dLadr\u00f5es invadiram nesta madrugada minha casa em Cruzeiro do Oeste [no Paran\u00e1], onde moro com a minha m\u00e3e, Clara Becker. Foram agressivos e levaram pertences dela. Felizmente, apesar do susto com a viol\u00eancia do assalto, ela est\u00e1 bem\u201d, contou Zeca Dirceu em uma rede social.<\/p>\n\n\n\n<p>\u201cAgrade\u00e7o a todas as manifesta\u00e7\u00f5es de carinho, de cuidado, de apoio \u00e0 Dona Clara e \u00e0 nossa fam\u00edlia\u201d, completou o petista, que \u00e9 filho de Jos\u00e9 Dirceu, um dos principais nomes do partido. Em 2024, Zeca Dirceu passou a lideran\u00e7a da legenda na C\u00e2mara para Odair Cunha (MG).<\/p>\n\n\n\n<p>Fonte Metr\u00f3poles <\/p>\n","protected":false},"excerpt":{"rendered":"<p>Cr1minosos invadiram nesta segunda-feira (12\/2) a casa de\u00a0Zeca Dirceu, que foi\u00a0l\u00edder do PT\u00a0na\u00a0C\u00e2mara dos Deputados\u00a0ao longo de 2023. O parlamentar&hellip;<\/p>\n","protected":false},"author":3,"featured_media":4483,"comment_status":"open","ping_status":"open","sticky":false,"template":"","format":"standard","meta":{"fifu_image_url":"","fifu_image_alt":"","footnotes":""},"categories":[32],"tags":[],"class_list":["post-4482","post","type-post","status-publish","format-standard","has-post-thumbnail","hentry","category-casos-de-policia"],"_links":{"self":[{"href":"https:\/\/sgvaimudar.com.br\/index.php\/wp-json\/wp\/v2\/posts\/4482","targetHints":{"allow":["GET"]}}],"collection":[{"href":"https:\/\/sgvaimudar.com.br\/index.php\/wp-json\/wp\/v2\/posts"}],"about":[{"href":"https:\/\/sgvaimudar.com.br\/index.php\/wp-json\/wp\/v2\/types\/post"}],"author":[{"embeddable":true,"href":"https:\/\/sgvaimudar.com.br\/index.php\/wp-json\/wp\/v2\/users\/3"}],"replies":[{"embeddable":true,"href":"https:\/\/sgvaimudar.com.br\/index.php\/wp-json\/wp\/v2\/comments?post=4482"}],"version-history":[{"count":1,"href":"https:\/\/sgvaimudar.com.br\/index.php\/wp-json\/wp\/v2\/posts\/4482\/revisions"}],"predecessor-version":[{"id":4484,"href":"https:\/\/sgvaimudar.com.br\/index.php\/wp-json\/wp\/v2\/posts\/4482\/revisions\/4484"}],"wp:featuredmedia":[{"embeddable":true,"href":"https:\/\/sgvaimudar.com.br\/index.php\/wp-json\/wp\/v2\/media\/4483"}],"wp:attachment":[{"href":"https:\/\/sgvaimudar.com.br\/index.php\/wp-json\/wp\/v2\/media?parent=4482"}],"wp:term":[{"taxonomy":"category","embeddable":true,"href":"https:\/\/sgvaimudar.com.br\/index.php\/wp-json\/wp\/v2\/categories?post=4482"},{"taxonomy":"post_tag","embeddable":true,"href":"https:\/\/sgvaimudar.com.br\/index.php\/wp-json\/wp\/v2\/tags?post=4482"}],"curies":[{"name":"wp","href":"https:\/\/api.w.org\/{rel}","templated":true}]}}