{"id":4473,"date":"2024-02-12T01:00:29","date_gmt":"2024-02-12T04:00:29","guid":{"rendered":"https:\/\/sgvaimudar.com.br\/?p=4473"},"modified":"2024-02-12T01:00:30","modified_gmt":"2024-02-12T04:00:30","slug":"mae-mata-filho-a-facadas-para-se-defender-de-agressao","status":"publish","type":"post","link":"https:\/\/sgvaimudar.com.br\/index.php\/2024\/02\/12\/mae-mata-filho-a-facadas-para-se-defender-de-agressao\/","title":{"rendered":"M\u00e3e mata filho a facadas para se defender de agress\u00e3o"},"content":{"rendered":"\n<figure class=\"wp-block-gallery has-nested-images columns-default is-cropped wp-block-gallery-1 is-layout-flex wp-block-gallery-is-layout-flex\">\n<figure class=\"wp-block-image size-large\"><img fetchpriority=\"high\" decoding=\"async\" width=\"1024\" height=\"640\" data-id=\"4474\" src=\"https:\/\/sgvaimudar.com.br\/wp-content\/uploads\/2024\/02\/1_deam_vr_1-31983390-1024x640.jpeg\" alt=\"\" class=\"wp-image-4474\" srcset=\"https:\/\/sgvaimudar.com.br\/wp-content\/uploads\/2024\/02\/1_deam_vr_1-31983390-1024x640.jpeg 1024w, https:\/\/sgvaimudar.com.br\/wp-content\/uploads\/2024\/02\/1_deam_vr_1-31983390-300x188.jpeg 300w, https:\/\/sgvaimudar.com.br\/wp-content\/uploads\/2024\/02\/1_deam_vr_1-31983390-768x480.jpeg 768w, https:\/\/sgvaimudar.com.br\/wp-content\/uploads\/2024\/02\/1_deam_vr_1-31983390.jpeg 1200w\" sizes=\"(max-width: 1024px) 100vw, 1024px\" \/><\/figure>\n<\/figure>\n\n\n\n<p>Uma mulher de 43 anos matou a facadas o pr\u00f3prio filho, de 25 anos, para se defender de agress\u00f5es do rapaz, que era esquizofr\u00eanico e estava em surto. O caso ocorreu na madrugada deste domingo (11), em uma casa no bairro Vila Americana, em Volta Redonda.De acordo com informa\u00e7\u00f5es preliminares, a mulher foi atendida no Hospital Municipal Dr. Nelson Gon\u00e7alves (antigo Cais Aterrado) em estado de choque, permanecendo internada. Ela deve responder pelo crime de homic\u00eddio em liberdade.A mulher teria afirmado a policiais que o filho estava em crise h\u00e1 tr\u00eas dias, embora fizesse tratamento psiqui\u00e1trico, e que escondia objetos cortantes da casa &#8211; facas, tesouras e ferramentas &#8211; temendo uma agress\u00e3o durante os surtos do rapaz. Na madrugada de domingo, ele teria come\u00e7ado a agredi-la com socos e pontap\u00e9s, e ela pegou uma faca para se defender.A mulher saiu em desespero pedindo ajuda aos vizinhos, que chamaram socorro, mas o rapaz morreu ainda dentro de casa. O caso foi registrado na 93a Delegacia de Policia Civil (Volta Redonda).<\/p>\n\n\n\n<p>Cr\u00e9dito Jornal O Dia <\/p>\n","protected":false},"excerpt":{"rendered":"<p>Uma mulher de 43 anos matou a facadas o pr\u00f3prio filho, de 25 anos, para se defender de agress\u00f5es do&hellip;<\/p>\n","protected":false},"author":3,"featured_media":4474,"comment_status":"open","ping_status":"open","sticky":false,"template":"","format":"standard","meta":{"fifu_image_url":"","fifu_image_alt":"","footnotes":""},"categories":[32],"tags":[],"class_list":["post-4473","post","type-post","status-publish","format-standard","has-post-thumbnail","hentry","category-casos-de-policia"],"_links":{"self":[{"href":"https:\/\/sgvaimudar.com.br\/index.php\/wp-json\/wp\/v2\/posts\/4473","targetHints":{"allow":["GET"]}}],"collection":[{"href":"https:\/\/sgvaimudar.com.br\/index.php\/wp-json\/wp\/v2\/posts"}],"about":[{"href":"https:\/\/sgvaimudar.com.br\/index.php\/wp-json\/wp\/v2\/types\/post"}],"author":[{"embeddable":true,"href":"https:\/\/sgvaimudar.com.br\/index.php\/wp-json\/wp\/v2\/users\/3"}],"replies":[{"embeddable":true,"href":"https:\/\/sgvaimudar.com.br\/index.php\/wp-json\/wp\/v2\/comments?post=4473"}],"version-history":[{"count":1,"href":"https:\/\/sgvaimudar.com.br\/index.php\/wp-json\/wp\/v2\/posts\/4473\/revisions"}],"predecessor-version":[{"id":4475,"href":"https:\/\/sgvaimudar.com.br\/index.php\/wp-json\/wp\/v2\/posts\/4473\/revisions\/4475"}],"wp:featuredmedia":[{"embeddable":true,"href":"https:\/\/sgvaimudar.com.br\/index.php\/wp-json\/wp\/v2\/media\/4474"}],"wp:attachment":[{"href":"https:\/\/sgvaimudar.com.br\/index.php\/wp-json\/wp\/v2\/media?parent=4473"}],"wp:term":[{"taxonomy":"category","embeddable":true,"href":"https:\/\/sgvaimudar.com.br\/index.php\/wp-json\/wp\/v2\/categories?post=4473"},{"taxonomy":"post_tag","embeddable":true,"href":"https:\/\/sgvaimudar.com.br\/index.php\/wp-json\/wp\/v2\/tags?post=4473"}],"curies":[{"name":"wp","href":"https:\/\/api.w.org\/{rel}","templated":true}]}}