{"id":4460,"date":"2024-02-04T12:51:04","date_gmt":"2024-02-04T15:51:04","guid":{"rendered":"https:\/\/sgvaimudar.com.br\/?p=4460"},"modified":"2024-02-04T12:51:05","modified_gmt":"2024-02-04T15:51:05","slug":"menino-edson-davi-completa-um-mes-desaparecido-no-rio-e-familia-organiza-ato-dor-imensa-diz-mae","status":"publish","type":"post","link":"https:\/\/sgvaimudar.com.br\/index.php\/2024\/02\/04\/menino-edson-davi-completa-um-mes-desaparecido-no-rio-e-familia-organiza-ato-dor-imensa-diz-mae\/","title":{"rendered":"Menino Edson Davi completa um m\u00eas desaparecido no Rio e fam\u00edlia organiza ato: &#8216;Dor imensa&#8217;, diz m\u00e3e"},"content":{"rendered":"\n<p>O sumi\u00e7o do menino Edson Davi Silva de Almeida, de 6 anos, completa um m\u00eas neste domingo (4). Ele sumiu na Praia da Barra da Tijuca, Zona Oeste do Rio, nos primeiros dias do ano. Um ato de familiares e conhecidos est\u00e1 marcado para as 11h, na altura do Posto 4, onde o garoto desapareceu.<\/p>\n\n\n\n<p>A pol\u00edcia tem como principal hip\u00f3tese a de que o menino se afogou &#8211; era um dia de mar revolto e havia bandeiras vermelhas sinalizando alto perigo para afogamentos. J\u00e1 a fam\u00edlia acredita que o menino foi sequestrado.<\/p>\n\n\n\n<p>\u201c\u00c9 s\u00f3 mais um dia em busca do meu filho. N\u00e3o acreditamos que ele tenha se afogado porque ele sempre teve medo do mar. Ele s\u00f3 molhava os pezinhos e corria, a gente chamava para ele entrar na \u00e1gua, que ele podia confiar na gente, mas ele tinha medo\u201d, afirma a m\u00e3e Marize Ara\u00fajo.<\/p>\n\n\n\n<p>A fam\u00edlia pede que as pessoas julguem menos, e acolham mais. O menino sumiu enquanto o pai trabalhava em uma barraca na praia.<\/p>\n\n\n\n<p>&#8220;Preciso de uma resposta, quero encontrar meu filho. Uma trag\u00e9dia. Se n\u00e3o podem dividir com a minha dor, tamb\u00e9m n\u00e3o me julguem. O Davi foi criado ali, eu n\u00e3o esperava isso\u201d, emocionada, a m\u00e3e desabafa.<\/p>\n\n\n\n<p>Os bombeiros que estavam de plant\u00e3o no dia prestaram depoimento na \u00faltima semana. Eles n\u00e3o viram o menino se afogando.<\/p>\n\n\n\n<p>\u201cA fam\u00edlia n\u00e3o vai aceitar a hip\u00f3tese de afogamento sem testemunhas de afogamento e sem acharem o corpo\u201d, afirma a irm\u00e3, Giovana Ara\u00fajo.<\/p>\n\n\n\n<p>A Delegacia de Descoberta de Paradeiros (DDPA) destaca que, at\u00e9 ent\u00e3o, nenhuma hip\u00f3tese foi descartada, mas que os maiores ind\u00edcios s\u00e3o de que o menino n\u00e3o deixou a praia. Nenhuma c\u00e2mera mostra a sa\u00edda dele do local.<\/p>\n\n\n\n<p>Na noite desta sexta-feira (2), uma ossada foi encontrada na Praia da Barra, na altura do Posto 5 &#8211; um posto de dist\u00e2ncia de onde o menino sumiu. Os bombeiros recolheram o material e a Pol\u00edcia Civil encaminhou para o Instituto M\u00e9dico Legal, a fim de checar se a ossada \u00e9 humana.<\/p>\n\n\n\n<h1 class=\"wp-block-heading\">\ud835\ude68\ud835\ude5c\ud835\ude6b\ud835\ude56\ud835\ude5e\ud835\ude62\ud835\ude6a\ud835\ude59\ud835\ude56\ud835\ude67<\/h1>\n\n\n\n<p>\ud835\udc76 \ud835\udc8e\ud835\udc82\ud835\udc8a\ud835\udc90\ud835\udc93 \ud835\udc77\ud835\udc90\ud835\udc93\ud835\udc95\ud835\udc82\ud835\udc8d \ud835\udc85\ud835\udc86 \ud835\udc8f\ud835\udc90\ud835\udc95\ud835\udc8a\ud835\udc84\ud835\udc8a\ud835\udc82\ud835\udc94 \ud835\udc85\ud835\udc82 \ud835\udc84\ud835\udc8a\ud835\udc85\ud835\udc82\ud835\udc85\ud835\udc86.<\/p>\n","protected":false},"excerpt":{"rendered":"<p>O sumi\u00e7o do menino Edson Davi Silva de Almeida, de 6 anos, completa um m\u00eas neste domingo (4). Ele sumiu&hellip;<\/p>\n","protected":false},"author":2,"featured_media":4461,"comment_status":"open","ping_status":"open","sticky":false,"template":"","format":"standard","meta":{"fifu_image_url":"","fifu_image_alt":"","footnotes":""},"categories":[32],"tags":[],"class_list":["post-4460","post","type-post","status-publish","format-standard","has-post-thumbnail","hentry","category-casos-de-policia"],"_links":{"self":[{"href":"https:\/\/sgvaimudar.com.br\/index.php\/wp-json\/wp\/v2\/posts\/4460","targetHints":{"allow":["GET"]}}],"collection":[{"href":"https:\/\/sgvaimudar.com.br\/index.php\/wp-json\/wp\/v2\/posts"}],"about":[{"href":"https:\/\/sgvaimudar.com.br\/index.php\/wp-json\/wp\/v2\/types\/post"}],"author":[{"embeddable":true,"href":"https:\/\/sgvaimudar.com.br\/index.php\/wp-json\/wp\/v2\/users\/2"}],"replies":[{"embeddable":true,"href":"https:\/\/sgvaimudar.com.br\/index.php\/wp-json\/wp\/v2\/comments?post=4460"}],"version-history":[{"count":1,"href":"https:\/\/sgvaimudar.com.br\/index.php\/wp-json\/wp\/v2\/posts\/4460\/revisions"}],"predecessor-version":[{"id":4462,"href":"https:\/\/sgvaimudar.com.br\/index.php\/wp-json\/wp\/v2\/posts\/4460\/revisions\/4462"}],"wp:featuredmedia":[{"embeddable":true,"href":"https:\/\/sgvaimudar.com.br\/index.php\/wp-json\/wp\/v2\/media\/4461"}],"wp:attachment":[{"href":"https:\/\/sgvaimudar.com.br\/index.php\/wp-json\/wp\/v2\/media?parent=4460"}],"wp:term":[{"taxonomy":"category","embeddable":true,"href":"https:\/\/sgvaimudar.com.br\/index.php\/wp-json\/wp\/v2\/categories?post=4460"},{"taxonomy":"post_tag","embeddable":true,"href":"https:\/\/sgvaimudar.com.br\/index.php\/wp-json\/wp\/v2\/tags?post=4460"}],"curies":[{"name":"wp","href":"https:\/\/api.w.org\/{rel}","templated":true}]}}