{"id":4401,"date":"2024-01-24T23:12:50","date_gmt":"2024-01-25T02:12:50","guid":{"rendered":"https:\/\/sgvaimudar.com.br\/?p=4401"},"modified":"2024-01-24T23:12:51","modified_gmt":"2024-01-25T02:12:51","slug":"rapaz-amarrado-com-cordas-por-policiais-pede-indenizacao-por-tortura","status":"publish","type":"post","link":"https:\/\/sgvaimudar.com.br\/index.php\/2024\/01\/24\/rapaz-amarrado-com-cordas-por-policiais-pede-indenizacao-por-tortura\/","title":{"rendered":"Rapaz amarrado com cordas por policiais pede indeniza\u00e7\u00e3o por tortura"},"content":{"rendered":"\n<p>A defesa do rapaz amarrado pelos p\u00e9s e m\u00e3os com corda durante uma abordagem policial protocolou pedido de indeniza\u00e7\u00e3o por danos morais de R$ 1 milh\u00e3o na Justi\u00e7a paulista, nesta ter\u00e7a-feira (23). A a\u00e7\u00e3o pede a condena\u00e7\u00e3o do estado de S\u00e3o Paulo pela pr\u00e1tica de tortura cometida por policiais militares no exerc\u00edcio da profiss\u00e3o.<br>\u201cComo um verdadeiro animal, remetendo \u00e0s imagens degradantes da \u00e9poca da escravatura, o autor foi mantido com seus p\u00e9s e suas m\u00e3os amarrados por mais de tr\u00eas horas, conforme o depoimento da testemunha\u201d, aponta o advogado na a\u00e7\u00e3o ajuizada. As agress\u00f5es contra Robson Rodrigo Francisco come\u00e7aram ap\u00f3s sua recusa em sentar-se, destacou o advogado Jos\u00e9 Luiz de Oliveira J\u00fanior.<\/p>\n\n\n\n<p>Imagens das c\u00e2meras corporais dos policiais militares e do sistema de seguran\u00e7a de um pr\u00e9dio, reunidas e divulgadas pelo G1, revelaram que o ent\u00e3o suspeito j\u00e1 estava algemado quando foi amarrado por cordas. Um dos policiais aperta as amarra\u00e7\u00f5es, deixando m\u00e3os e p\u00e9s bem juntos, atr\u00e1s do corpo do rapaz, na altura do quadril.<\/p>\n\n\n\n<p>Com base nas imagens, o advogado refor\u00e7ou que n\u00e3o houve qualquer agress\u00e3o por parte de Robson que pudesse desencadear tal conduta dos agentes. \u201cEm raz\u00e3o da viola\u00e7\u00e3o \u00e0 sua integridade f\u00edsica e moral, em decorr\u00eancia de uma abordagem policial excessiva e violenta, baseada em pura tortura ao custodiado, \u00e9 que o autor prop\u00f5e a presente\u201d, destaca a a\u00e7\u00e3o, que classifica a conduta dos policiais de tratamento desumano e degradante.<\/p>\n\n\n\n<p>A defesa cita ainda a previs\u00e3o na legisla\u00e7\u00e3o sobre o direito de Robson em receber tratamento digno mesmo em situa\u00e7\u00e3o de priva\u00e7\u00e3o de sua liberdade e o entendimento pela responsabiliza\u00e7\u00e3o do estado nos casos de abuso de autoridade cometido por policiais militares no exerc\u00edcio da profiss\u00e3o.<\/p>\n\n\n\n<p>&#8220;A\u00e7\u00e3o \u00e9 pertinente&#8221;<br>Diretora executiva do Instituto de Defesa do Direito de Defesa (IDDD), Marina Dias avalia que a a\u00e7\u00e3o indenizat\u00f3ria em favor de Robson \u00e9 pertinente. Ela acrescenta que \u00e9 indiscut\u00edvel que houve dano moral e abuso do estado. \u201cA gente precisa cada vez mais entrar com a\u00e7\u00f5es indenizat\u00f3rias sempre que existe uma situa\u00e7\u00e3o de viol\u00eancia do estado praticada, porque \u00e9 uma forma de come\u00e7ar a estabelecer a responsabilidade do estado com rela\u00e7\u00e3o a essas viola\u00e7\u00f5es e a import\u00e2ncia de mudar essa realidade\u201d, disse.<\/p>\n\n\n\n<p>Fonte: Jornal Meia Hora<\/p>\n\n\n\n<h1 class=\"wp-block-heading\">\ud835\ude68\ud835\ude5c\ud835\ude6b\ud835\ude56\ud835\ude5e\ud835\ude62\ud835\ude6a\ud835\ude59\ud835\ude56\ud835\ude67<\/h1>\n\n\n\n<p>\ud835\udc76 \ud835\udc8e\ud835\udc82\ud835\udc8a\ud835\udc90\ud835\udc93 \ud835\udc77\ud835\udc90\ud835\udc93\ud835\udc95\ud835\udc82\ud835\udc8d \ud835\udc85\ud835\udc86 \ud835\udc8f\ud835\udc90\ud835\udc95\ud835\udc8a\ud835\udc84\ud835\udc8a\ud835\udc82\ud835\udc94 \ud835\udc85\ud835\udc82 \ud835\udc84\ud835\udc8a\ud835\udc85\ud835\udc82\ud835\udc85\ud835\udc86.<\/p>\n","protected":false},"excerpt":{"rendered":"<p>A defesa do rapaz amarrado pelos p\u00e9s e m\u00e3os com corda durante uma abordagem policial protocolou pedido de indeniza\u00e7\u00e3o por&hellip;<\/p>\n","protected":false},"author":2,"featured_media":4402,"comment_status":"open","ping_status":"open","sticky":false,"template":"","format":"standard","meta":{"fifu_image_url":"","fifu_image_alt":"","footnotes":""},"categories":[32],"tags":[],"class_list":["post-4401","post","type-post","status-publish","format-standard","has-post-thumbnail","hentry","category-casos-de-policia"],"_links":{"self":[{"href":"https:\/\/sgvaimudar.com.br\/index.php\/wp-json\/wp\/v2\/posts\/4401","targetHints":{"allow":["GET"]}}],"collection":[{"href":"https:\/\/sgvaimudar.com.br\/index.php\/wp-json\/wp\/v2\/posts"}],"about":[{"href":"https:\/\/sgvaimudar.com.br\/index.php\/wp-json\/wp\/v2\/types\/post"}],"author":[{"embeddable":true,"href":"https:\/\/sgvaimudar.com.br\/index.php\/wp-json\/wp\/v2\/users\/2"}],"replies":[{"embeddable":true,"href":"https:\/\/sgvaimudar.com.br\/index.php\/wp-json\/wp\/v2\/comments?post=4401"}],"version-history":[{"count":1,"href":"https:\/\/sgvaimudar.com.br\/index.php\/wp-json\/wp\/v2\/posts\/4401\/revisions"}],"predecessor-version":[{"id":4403,"href":"https:\/\/sgvaimudar.com.br\/index.php\/wp-json\/wp\/v2\/posts\/4401\/revisions\/4403"}],"wp:featuredmedia":[{"embeddable":true,"href":"https:\/\/sgvaimudar.com.br\/index.php\/wp-json\/wp\/v2\/media\/4402"}],"wp:attachment":[{"href":"https:\/\/sgvaimudar.com.br\/index.php\/wp-json\/wp\/v2\/media?parent=4401"}],"wp:term":[{"taxonomy":"category","embeddable":true,"href":"https:\/\/sgvaimudar.com.br\/index.php\/wp-json\/wp\/v2\/categories?post=4401"},{"taxonomy":"post_tag","embeddable":true,"href":"https:\/\/sgvaimudar.com.br\/index.php\/wp-json\/wp\/v2\/tags?post=4401"}],"curies":[{"name":"wp","href":"https:\/\/api.w.org\/{rel}","templated":true}]}}